{"id":4689,"date":"2012-11-07T12:00:11","date_gmt":"2012-11-07T15:00:11","guid":{"rendered":"http:\/\/www.24baires.com\/?p=4689"},"modified":"2012-11-07T13:39:24","modified_gmt":"2012-11-07T16:39:24","slug":"los-murcielagos-emocionaron-en-las-jornadas-de-inclusion-en-tres-arroyos","status":"publish","type":"post","link":"https:\/\/www.24baires.com\/?p=4689","title":{"rendered":"Los Murci\u00e9lagos emocionaron en las Jornadas de inclusi\u00f3n en Tres Arroyos"},"content":{"rendered":"<p><img data-recalc-dims=\"1\" loading=\"lazy\" decoding=\"async\" class=\"alignleft size-medium wp-image-4690\" title=\"murci\u00e9lagos\" src=\"https:\/\/i0.wp.com\/www.24baires.com\/wp-content\/uploads\/2012\/11\/murci%C3%A9lagos.jpg?resize=300%2C216\" alt=\"\" width=\"300\" height=\"216\" srcset=\"https:\/\/i0.wp.com\/www.24baires.com\/wp-content\/uploads\/2012\/11\/murci%C3%A9lagos.jpg?resize=300%2C216&amp;ssl=1 300w, https:\/\/i0.wp.com\/www.24baires.com\/wp-content\/uploads\/2012\/11\/murci%C3%A9lagos.jpg?w=500&amp;ssl=1 500w\" sizes=\"auto, (max-width: 300px) 100vw, 300px\" \/>La presentaci\u00f3n de los murci\u00e9lagos cumpli\u00f3 con creces con las expectativas de constituir una propuesta de sensibilizaci\u00f3n. As\u00ed qued\u00f3 demostrado con la multitudinaria convocatoria.<!--more--><\/p>\n<p>Los Murci\u00e9lagos de oro. Se los podr\u00eda definir en estos u otros t\u00e9rminos. El lector, si tuvo el privilegio de participar de las actividades desarrolladas en la noche del martes en Tres Arroyos, podr\u00e1 coincidir con las palabras, encontrar otras o ensayar una definici\u00f3n distinta. Hay seguramente diferentes maneras de destacar a la selecci\u00f3n nacional de f\u00fatbol de no videntes, que gener\u00f3 la venta de m\u00e1s de 3000 entradas para las actividades desarrolladas en el Gigante del Club Hurac\u00e1n, en el marco de las jornadas de inclusi\u00f3n.<br \/>\nSon de oro porque deslumbraron al p\u00fablico con su magia, humildad y entrega. Se llevaron el cari\u00f1o de una multitud que se emocion\u00f3, disfrut\u00f3 y se fue plena de aprendizaje.<br \/>\nLos alcances de la iniciativa dejan en evidencia que fue un verdadero acierto de un gran equipo de trabajo, que se fue conformando de a poco, con ideas y muchas ganas, para la organizaci\u00f3n de las jornadas de inclusi\u00f3n.<br \/>\nEl entusiasmo de estos verdaderos luchadores, que han encontrado en el f\u00fatbol sala una pr\u00e1ctica superadora y un medio de vida por integrar la selecci\u00f3n argentina de ciegos, emocion\u00f3 a la gran mayor\u00eda de los asistentes a estos encuentros.<br \/>\nLa atracci\u00f3n principal lleg\u00f3 en el final, con el partido entre Los Murci\u00e9lagos e integrantes del plantel del Club Hurac\u00e1n que juega el Torneo Argentino B, cuyo resultado fue un triunfo para los visitantes por 4 a 0 en una verdadera demostraci\u00f3n de talento y superioridad en este obst\u00e1culo que significa jugar con los ojos vendados.<br \/>\nEn forma previa, se llev\u00f3 a cabo una exhibici\u00f3n de la escuela de taekwondo que dirige Karina Arana, donde intervinieron alumnos con discapacidad que mostraron el esfuerzo y evoluci\u00f3n que logran a trav\u00e9s de esta disciplina. Luego lleg\u00f3 el testimonio de Alejandro Vassolo, un tresarroyense que salv\u00f3 su vida de milagro pero tuvo que recuperarse superando obst\u00e1culos en un testimonio de vida para imitar. Y pasadas las 20 se apagaron las luces del estadio para recibir a Los Murci\u00e9lagos con sus cuatro jugadores de campo no videntes (Eduardo D\u00edaz, Claudio Monz\u00f3n, Gustavo Maidana y David Peralta), el arquero Dar\u00edo Lencina -el \u00fanico vidente del equipo- y el entrenador Mart\u00edn Demonte. Estos talentos del f\u00fatbol para no videntes tuvieron una predisposici\u00f3n notable que se pudo empezar a percibir en el almuerzo que brindaron a la prensa en el gimnasio Mario J. P\u00e9rez, donde dieron notas, pero por sobre todas las cosas testimonios de vida que pueden ser muy valiosos para todos.<br \/>\nResult\u00f3 notable ver c\u00f3mo retribuyeron el cari\u00f1o de la gente, levantando sus manos, y como festejaron los goles adem\u00e1s de mostrar que son muy buenos jugadores y que trabajan much\u00edsimo para progresar y salir adelante.<br \/>\nDisfrutaron como si estuvieran viendo lo que pasaba y eso la gente tambi\u00e9n lo percibi\u00f3. En cuanto a los partidos, pr\u00e1cticamente Lencina fue un espectador de lujo ya que hubo encuentros en que los rivales no pudieron pasar la mitad de cancha y eso marca a las claras lo dif\u00edcil que es superar una limitaci\u00f3n como no tener visi\u00f3n.<br \/>\nSin embargo, con entrenamiento y mucho trabajo es posible mejorar, participar e incluir. Y justamente \u00e9se fue el gran mensaje que qued\u00f3 anoche pasadas las 22 cuando los espectadores se pusieron de pie para despedir a estos profesionales que marcan un camino a seguir e imitar. Le pusieron magia a una noche que ser\u00e1 recordada por mucho tiempo por quienes estuvieron en el Gigante y disfrutaron de estos jugadores que dan todo lo que tienen para entregar.<\/p>\n","protected":false},"excerpt":{"rendered":"<p>La presentaci\u00f3n de los murci\u00e9lagos cumpli\u00f3 con creces con las expectativas de constituir una propuesta de sensibilizaci\u00f3n. As\u00ed qued\u00f3 demostrado con la multitudinaria convocatoria.<\/p>\n","protected":false},"author":4,"featured_media":0,"comment_status":"open","ping_status":"open","sticky":false,"template":"","format":"standard","meta":{"_jetpack_newsletter_access":"","_jetpack_dont_email_post_to_subs":false,"_jetpack_newsletter_tier_id":0,"_jetpack_memberships_contains_paywalled_content":false,"_jetpack_memberships_contains_paid_content":false,"footnotes":""},"categories":[38],"tags":[],"class_list":["post-4689","post","type-post","status-publish","format-standard","hentry","category-locales"],"jetpack_featured_media_url":"","jetpack_shortlink":"https:\/\/wp.me\/p2JWE0-1dD","jetpack-related-posts":[{"id":4463,"url":"https:\/\/www.24baires.com\/?p=4463","url_meta":{"origin":4689,"position":0},"title":"Comienzan Jornadas de inclusi\u00f3n en Tres Arroyos","author":"AF","date":"05\/11\/2012","format":false,"excerpt":"Se llevar\u00e1n a cabo hasta el mi\u00e9rcoles pr\u00f3ximo. El lema de esta actividad es \"hacia una sociedad m\u00e1s inclusiva para avanzar hacia una educaci\u00f3n m\u00e1s inclusiva\". Habr\u00e1 encuentros acad\u00e9micos y de capacitaci\u00f3n. Este lunes se pondr\u00e1n en marcha las jornadas de inclusi\u00f3n, iniciativa que cuenta con una diversa e interesante\u2026","rel":"","context":"En \u00abLocales\u00bb","block_context":{"text":"Locales","link":"https:\/\/www.24baires.com\/?cat=38"},"img":{"alt_text":"","src":"https:\/\/i0.wp.com\/www.24baires.com\/wp-content\/uploads\/2012\/11\/murci%C3%A9lago-300x173.jpg?resize=350%2C200","width":350,"height":200},"classes":[]},{"id":2785,"url":"https:\/\/www.24baires.com\/?p=2785","url_meta":{"origin":4689,"position":1},"title":"Un Murci\u00e9lago en Sierras Bayas","author":"AF","date":"21\/10\/2012","format":false,"excerpt":"Silvio Velo, jugador de la selecci\u00f3n de f\u00fatbol para ciegos, Los Murci\u00e9lagos, estuvo este s\u00e1bado en las instalaciones de El Rinc\u00f3n So\u00f1ado de Sierras Bayas en el festejo por el D\u00eda del Seguro para los integrantes de Nativa. Adem\u00e1s de Velo, quien desde 1991 es el capit\u00e1n de Los Murci\u00e9lagos,\u2026","rel":"","context":"En \u00abMunicipios\u00bb","block_context":{"text":"Municipios","link":"https:\/\/www.24baires.com\/?cat=44"},"img":{"alt_text":"","src":"https:\/\/i0.wp.com\/www.24baires.com\/wp-content\/uploads\/2012\/10\/velo1.jpg?resize=350%2C200","width":350,"height":200},"classes":[]},{"id":8096,"url":"https:\/\/www.24baires.com\/?p=8096","url_meta":{"origin":4689,"position":2},"title":"Coronel Su\u00e1rez: hallaron murci\u00e9lagos con rabia","author":"AF","date":"06\/12\/2012","format":false,"excerpt":"Debido al hallazgo de murci\u00e9lagos con rabia en la localidad de Coronel Su\u00e1rez, el \u00e1rea de Bromatolog\u00eda y Perrera Municipal realiz\u00f3 vacunaci\u00f3n en caninos y felinos durante este mi\u00e9rcoles, a fin de prevenir el contagio y sanear el foco de infecci\u00f3n de manera inmediata. La vacunaci\u00f3n se realiz\u00f3 en un\u2026","rel":"","context":"En \u00abLocales\u00bb","block_context":{"text":"Locales","link":"https:\/\/www.24baires.com\/?cat=38"},"img":{"alt_text":"","src":"https:\/\/i0.wp.com\/www.24baires.com\/wp-content\/uploads\/2012\/12\/murci%C3%A9lago2.jpg?resize=350%2C200","width":350,"height":200},"classes":[]},{"id":115539,"url":"https:\/\/www.24baires.com\/?p=115539","url_meta":{"origin":4689,"position":3},"title":"Kicillof y Arroyo implementar\u00e1n programas sociales de empleo","author":"GB","date":"03\/07\/2020","format":false,"excerpt":"El Gobernador y el ministro de Desarrollo Social de la Naci\u00f3n acordar\u00e1n poner en marcha programas sociales de empleo en la Provincia. El gobernador, Axel Kicillof, encabezar\u00e1 este viernes junto al ministro de Desarrollo Social de la Naci\u00f3n, Daniel Arroyo, la firma de convenios para implementar el programa Potenciar Trabajo.\u2026","rel":"","context":"En \u00abProvincia\u00bb","block_context":{"text":"Provincia","link":"https:\/\/www.24baires.com\/?cat=40"},"img":{"alt_text":"","src":"https:\/\/i0.wp.com\/www.24baires.com\/wp-content\/uploads\/2020\/07\/kicillof-arroyo.jpeg?resize=350%2C200","width":350,"height":200,"srcset":"https:\/\/i0.wp.com\/www.24baires.com\/wp-content\/uploads\/2020\/07\/kicillof-arroyo.jpeg?resize=350%2C200 1x, https:\/\/i0.wp.com\/www.24baires.com\/wp-content\/uploads\/2020\/07\/kicillof-arroyo.jpeg?resize=525%2C300 1.5x"},"classes":[]},{"id":7005,"url":"https:\/\/www.24baires.com\/?p=7005","url_meta":{"origin":4689,"position":4},"title":"Cerca de 450 cooperativas tramitan licencias para brindar TV por cable","author":"AF","date":"27\/11\/2012","format":false,"excerpt":"As\u00ed lo destac\u00f3 el presidente del Inaes, Patricio Griffin, durante la jornada del viernes pasado sobre televisi\u00f3n cooperativa El Futuro es hoy, organizada por Celta TV, en la localidad bonaerense de Tres Arroyos, ante 150 dirigentes del sector cooperativo y mutual. \u201cCelta TV es pionera y estamos orgullosos de c\u00f3mo,\u2026","rel":"","context":"En \u00abMedios\u00bb","block_context":{"text":"Medios","link":"https:\/\/www.24baires.com\/?cat=54"},"img":{"alt_text":"","src":"","width":0,"height":0},"classes":[]},{"id":34027,"url":"https:\/\/www.24baires.com\/?p=34027","url_meta":{"origin":4689,"position":5},"title":"M\u00e1s destinos se suman al turismo accesible","author":"AF","date":"24\/10\/2013","format":false,"excerpt":"La Secretar\u00eda de Turismo realiz\u00f3 tres jornadas sobre Turismo Accesible, en los municipios de Necochea, Tres Arroyos y Balcarce. All\u00ed se trabaj\u00f3 junto a prestadores locales para lograr una mayor sensibilizaci\u00f3n y compromiso social para una completa integraci\u00f3n e inclusi\u00f3n de personas con distintos grados y tipos de discapacidad. Con\u2026","rel":"","context":"En \u00abMunicipios\u00bb","block_context":{"text":"Municipios","link":"https:\/\/www.24baires.com\/?cat=44"},"img":{"alt_text":"","src":"","width":0,"height":0},"classes":[]}],"jetpack_sharing_enabled":true,"jetpack_likes_enabled":true,"_links":{"self":[{"href":"https:\/\/www.24baires.com\/index.php?rest_route=\/wp\/v2\/posts\/4689","targetHints":{"allow":["GET"]}}],"collection":[{"href":"https:\/\/www.24baires.com\/index.php?rest_route=\/wp\/v2\/posts"}],"about":[{"href":"https:\/\/www.24baires.com\/index.php?rest_route=\/wp\/v2\/types\/post"}],"author":[{"embeddable":true,"href":"https:\/\/www.24baires.com\/index.php?rest_route=\/wp\/v2\/users\/4"}],"replies":[{"embeddable":true,"href":"https:\/\/www.24baires.com\/index.php?rest_route=%2Fwp%2Fv2%2Fcomments&post=4689"}],"version-history":[{"count":2,"href":"https:\/\/www.24baires.com\/index.php?rest_route=\/wp\/v2\/posts\/4689\/revisions"}],"predecessor-version":[{"id":4694,"href":"https:\/\/www.24baires.com\/index.php?rest_route=\/wp\/v2\/posts\/4689\/revisions\/4694"}],"wp:attachment":[{"href":"https:\/\/www.24baires.com\/index.php?rest_route=%2Fwp%2Fv2%2Fmedia&parent=4689"}],"wp:term":[{"taxonomy":"category","embeddable":true,"href":"https:\/\/www.24baires.com\/index.php?rest_route=%2Fwp%2Fv2%2Fcategories&post=4689"},{"taxonomy":"post_tag","embeddable":true,"href":"https:\/\/www.24baires.com\/index.php?rest_route=%2Fwp%2Fv2%2Ftags&post=4689"}],"curies":[{"name":"wp","href":"https:\/\/api.w.org\/{rel}","templated":true}]}}