{"id":4684,"date":"2012-11-07T13:04:17","date_gmt":"2012-11-07T16:04:17","guid":{"rendered":"http:\/\/www.24baires.com\/?p=4684"},"modified":"2012-11-07T13:04:17","modified_gmt":"2012-11-07T16:04:17","slug":"inauguraron-un-parque-lineal-en-tornquist","status":"publish","type":"post","link":"https:\/\/www.24baires.com\/?p=4684","title":{"rendered":"Inauguraron un &#8216;Parque lineal&#8217; en Tornquist"},"content":{"rendered":"<p><img data-recalc-dims=\"1\" loading=\"lazy\" decoding=\"async\" class=\"alignleft size-medium wp-image-4686\" title=\"tornquist\" src=\"https:\/\/i0.wp.com\/www.24baires.com\/wp-content\/uploads\/2012\/11\/tornquist.jpg?resize=300%2C200\" alt=\"\" width=\"300\" height=\"200\" srcset=\"https:\/\/i0.wp.com\/www.24baires.com\/wp-content\/uploads\/2012\/11\/tornquist.jpg?resize=300%2C200&amp;ssl=1 300w, https:\/\/i0.wp.com\/www.24baires.com\/wp-content\/uploads\/2012\/11\/tornquist.jpg?w=400&amp;ssl=1 400w\" sizes=\"auto, (max-width: 300px) 100vw, 300px\" \/>El Presidente del Instituto Provincial de Loter\u00eda y Casinos, Jorge Rodr\u00edguez y el Secretario de Espacio P\u00fablico, Eduardo Aparicio visitaron la localidad de Tornquist para compartir junto al intendente Gustavo Trankels y sus vecinos la apertura del nuevo \u201cParque Lineal Tornquist\u201d.<!--more--><\/p>\n<p>El encuentro fue en el marco del 102\u00ba Aniversario del cambio de denominaci\u00f3n de ese partido donde cerca de 2 mil vecinos se acercaron a la entrada de la localidad cabecera, para disfrutar de shows musicales y presenciar el acto de inauguraci\u00f3n de las obras del Programa Soluciones YA!.<\/p>\n<p>Se trat\u00f3 de la puesta en valor de una senda peatonal de 870 metros lineales, totalmente iluminada en su recorrido y con mobiliario urbano incorporado. Asimismo, se entreg\u00f3 al municipio juegos para ni\u00f1os instalados en el play\u00f3n deportivo y un completo equipo de juegos aer\u00f3bicos, junto con la luminaria necesaria para esa zona de recreaci\u00f3n.<\/p>\n<p>M\u00e1s tarde, Jorge Rodriguez junto a Aparicio hicieron entrega de bicicletas, pelotas y \u00fatiles escolares para los ni\u00f1os del Hogar Saavedra Lamas y ni\u00f1os de cuatro jardines de infantes (901, 905, 907 y Nuestra Se\u00f1ora de Luj\u00e1n).<\/p>\n<p>Por su parte, el intendente Gustavo Trankels se mostr\u00f3 emocionado en sus palabras al agradecer la participaci\u00f3n de la comunidad y salud\u00f3 especialmente a los funcionarios provinciales. \u201cCuando surge esta idea del Parque y ten\u00edamos que gestionar en La Plata, encontramos en Eduardo y Jorge funcionarios comprometidos que nos abrieron la puerta y nos recibieron siempre, con el apoyo incondicional de nuestro gobernador Daniel Scioli\u201d.<\/p>\n<p>Finalmente, el evento principal fue el encendido de las luminarias centrales y un show de fuegos artificiales acompa\u00f1ados por m\u00fasica, baile y la participaci\u00f3n de los vecinos que acompa\u00f1aron la jornada hasta el final.<\/p>\n","protected":false},"excerpt":{"rendered":"<p>El Presidente del Instituto Provincial de Loter\u00eda y Casinos, Jorge Rodr\u00edguez y el Secretario de Espacio P\u00fablico, Eduardo Aparicio visitaron la localidad de Tornquist para compartir junto al intendente Gustavo Trankels y sus vecinos la apertura del nuevo \u201cParque Lineal Tornquist\u201d.<\/p>\n","protected":false},"author":4,"featured_media":0,"comment_status":"open","ping_status":"open","sticky":false,"template":"","format":"standard","meta":{"_jetpack_newsletter_access":"","_jetpack_dont_email_post_to_subs":false,"_jetpack_newsletter_tier_id":0,"_jetpack_memberships_contains_paywalled_content":false,"_jetpack_memberships_contains_paid_content":false,"footnotes":""},"categories":[38],"tags":[],"class_list":["post-4684","post","type-post","status-publish","format-standard","hentry","category-locales"],"jetpack_featured_media_url":"","jetpack_shortlink":"https:\/\/wp.me\/p2JWE0-1dy","jetpack-related-posts":[{"id":115881,"url":"https:\/\/www.24baires.com\/?p=115881","url_meta":{"origin":4684,"position":0},"title":"Monte Hermoso: ratifican que los no residente no podr\u00e1n ingresar al distrito","author":"GB","date":"07\/08\/2020","format":false,"excerpt":"El intendente Monte Hermoso, Alejandro Dichiara, ratific\u00f3 la medida que prohibe el ingreso de no residentes, a\u00fan cuando acrediten tener propiedades en ese distrito. La medida viene causando rechazo y fuerte preocupaci\u00f3n, sobre todo en Bah\u00eda Blanca, donde residen muchos de los propietarios de casas y departamentos de residencia no\u2026","rel":"","context":"En \u00abMunicipios\u00bb","block_context":{"text":"Municipios","link":"https:\/\/www.24baires.com\/?cat=44"},"img":{"alt_text":"","src":"https:\/\/i0.wp.com\/www.24baires.com\/wp-content\/uploads\/2020\/08\/intendente-monte-hermoso.jpg?resize=350%2C200","width":350,"height":200,"srcset":"https:\/\/i0.wp.com\/www.24baires.com\/wp-content\/uploads\/2020\/08\/intendente-monte-hermoso.jpg?resize=350%2C200 1x, https:\/\/i0.wp.com\/www.24baires.com\/wp-content\/uploads\/2020\/08\/intendente-monte-hermoso.jpg?resize=525%2C300 1.5x"},"classes":[]},{"id":100604,"url":"https:\/\/www.24baires.com\/?p=100604","url_meta":{"origin":4684,"position":1},"title":"Aseguran que tres de los incendios en las sierras de Tornquist fueron intencionales","author":"AF","date":"19\/02\/2018","format":false,"excerpt":"El intendente de Tornquist, Sergio Bordoni, indic\u00f3 esta ma\u00f1ana que al menos tres focos de los incendios que afectaron la zona serrana fueron intencionales, seg\u00fan pericias de Polic\u00eda Cient\u00edfica. \"Esto fue intencional. Hay alg\u00fan loco que anda vueltas y est\u00e1 suelto y ocasiona este gran desastre\", se\u00f1al\u00f3 el mandatario en\u2026","rel":"","context":"En \u00abLocales\u00bb","block_context":{"text":"Locales","link":"https:\/\/www.24baires.com\/?cat=38"},"img":{"alt_text":"","src":"https:\/\/i0.wp.com\/www.24baires.com\/wp-content\/uploads\/2016\/12\/fuego-en-la-provincia.jpg?resize=350%2C200","width":350,"height":200,"srcset":"https:\/\/i0.wp.com\/www.24baires.com\/wp-content\/uploads\/2016\/12\/fuego-en-la-provincia.jpg?resize=350%2C200 1x, https:\/\/i0.wp.com\/www.24baires.com\/wp-content\/uploads\/2016\/12\/fuego-en-la-provincia.jpg?resize=525%2C300 1.5x"},"classes":[]},{"id":38719,"url":"https:\/\/www.24baires.com\/?p=38719","url_meta":{"origin":4684,"position":2},"title":"Pasado el incendio, reabrieron la Reserva Natural de Tornquist","author":"GB","date":"18\/01\/2014","format":false,"excerpt":"Luego del incendio en se vio afectada, desde el OPDS anunciaron la reapertura del Parque \"Ernesto Tornquist\", Reserva Natural de la Provincia de Buenos Aires. El director ejecutivo del Organismo Provincial para el Desarrollo Sostenible (OPDS), Hugo Bilbao, anunci\u00f3 hoy la reapertura del Parque \"Ernesto Tornquist\", Reserva Natural de la\u2026","rel":"","context":"En \u00abLocales\u00bb","block_context":{"text":"Locales","link":"https:\/\/www.24baires.com\/?cat=38"},"img":{"alt_text":"parque tornquist","src":"https:\/\/i0.wp.com\/www.24baires.com\/wp-content\/uploads\/2014\/01\/parque-tornquist-300x199.jpg?resize=350%2C200","width":350,"height":200},"classes":[]},{"id":100556,"url":"https:\/\/www.24baires.com\/?p=100556","url_meta":{"origin":4684,"position":3},"title":"El fuego no da tregua en Sierra de la Ventana y avanza por los campos","author":"GB","date":"16\/02\/2018","format":false,"excerpt":"El fuego avanza en Sierra de la Ventana en los cerros y los campos linderos, y las condiciones meteorol\u00f3gicas no ayudan al trabajo de los bomberos, al que se sum\u00f3 en las \u00faltimas horas un avi\u00f3n hidrante mientras se espera la llegada de un helic\u00f3ptero para colaborar en el combate\u2026","rel":"","context":"En \u00abLocales\u00bb","block_context":{"text":"Locales","link":"https:\/\/www.24baires.com\/?cat=38"},"img":{"alt_text":"","src":"https:\/\/i0.wp.com\/www.24baires.com\/wp-content\/uploads\/2016\/12\/incendio-sierras.jpg?resize=350%2C200","width":350,"height":200,"srcset":"https:\/\/i0.wp.com\/www.24baires.com\/wp-content\/uploads\/2016\/12\/incendio-sierras.jpg?resize=350%2C200 1x, https:\/\/i0.wp.com\/www.24baires.com\/wp-content\/uploads\/2016\/12\/incendio-sierras.jpg?resize=525%2C300 1.5x"},"classes":[]},{"id":37850,"url":"https:\/\/www.24baires.com\/?p=37850","url_meta":{"origin":4684,"position":4},"title":"Incendio en Sierra de la Ventana: arras\u00f3 el 90% del parque Tornquist","author":"Grupo Sierra","date":"03\/01\/2014","format":false,"excerpt":"El incendio que se inici\u00f3 el pasado domingo contin\u00faa activo. Arras\u00f3 con casi la totalidad de la reserva, que tiene 6 mil hect\u00e1reas. El incendio que se inici\u00f3 el pasado domingo en Sierra de la Ventana continuaba hoy activo y ya hab\u00eda destruido el 90 por ciento de la Reserva\u2026","rel":"","context":"En \u00abLocales\u00bb","block_context":{"text":"Locales","link":"https:\/\/www.24baires.com\/?cat=38"},"img":{"alt_text":"incendio-sierra-ventana2","src":"https:\/\/i0.wp.com\/www.24baires.com\/wp-content\/uploads\/2014\/01\/incendio-sierra-ventana2.jpg?resize=350%2C200","width":350,"height":200,"srcset":"https:\/\/i0.wp.com\/www.24baires.com\/wp-content\/uploads\/2014\/01\/incendio-sierra-ventana2.jpg?resize=350%2C200 1x, https:\/\/i0.wp.com\/www.24baires.com\/wp-content\/uploads\/2014\/01\/incendio-sierra-ventana2.jpg?resize=525%2C300 1.5x"},"classes":[]},{"id":105256,"url":"https:\/\/www.24baires.com\/?p=105256","url_meta":{"origin":4684,"position":5},"title":"Tornquist: el Intendente se despega de Cambiemos porque \u00abla gente no da m\u00e1s\u00bb","author":"AF","date":"02\/11\/2018","format":false,"excerpt":"Se quej\u00f3 de que el Gobierno no lo escucha y dijo que m\u00e1s intendentes piensan como \u00e9l pero \"no se animan\" a plantearlo. \"Estoy en Cambiemos, pero as\u00ed no podemos seguir m\u00e1s. Estamos oprimiendo a la clase media y baja de nuestro pa\u00eds\", as\u00ed arranc\u00f3 un duro posteo del intendente\u2026","rel":"","context":"En \u00abLocales\u00bb","block_context":{"text":"Locales","link":"https:\/\/www.24baires.com\/?cat=38"},"img":{"alt_text":"","src":"https:\/\/i0.wp.com\/www.24baires.com\/wp-content\/uploads\/2018\/11\/bordoni.jpg?resize=350%2C200","width":350,"height":200,"srcset":"https:\/\/i0.wp.com\/www.24baires.com\/wp-content\/uploads\/2018\/11\/bordoni.jpg?resize=350%2C200 1x, https:\/\/i0.wp.com\/www.24baires.com\/wp-content\/uploads\/2018\/11\/bordoni.jpg?resize=525%2C300 1.5x"},"classes":[]}],"jetpack_sharing_enabled":true,"jetpack_likes_enabled":true,"_links":{"self":[{"href":"https:\/\/www.24baires.com\/index.php?rest_route=\/wp\/v2\/posts\/4684","targetHints":{"allow":["GET"]}}],"collection":[{"href":"https:\/\/www.24baires.com\/index.php?rest_route=\/wp\/v2\/posts"}],"about":[{"href":"https:\/\/www.24baires.com\/index.php?rest_route=\/wp\/v2\/types\/post"}],"author":[{"embeddable":true,"href":"https:\/\/www.24baires.com\/index.php?rest_route=\/wp\/v2\/users\/4"}],"replies":[{"embeddable":true,"href":"https:\/\/www.24baires.com\/index.php?rest_route=%2Fwp%2Fv2%2Fcomments&post=4684"}],"version-history":[{"count":3,"href":"https:\/\/www.24baires.com\/index.php?rest_route=\/wp\/v2\/posts\/4684\/revisions"}],"predecessor-version":[{"id":4688,"href":"https:\/\/www.24baires.com\/index.php?rest_route=\/wp\/v2\/posts\/4684\/revisions\/4688"}],"wp:attachment":[{"href":"https:\/\/www.24baires.com\/index.php?rest_route=%2Fwp%2Fv2%2Fmedia&parent=4684"}],"wp:term":[{"taxonomy":"category","embeddable":true,"href":"https:\/\/www.24baires.com\/index.php?rest_route=%2Fwp%2Fv2%2Fcategories&post=4684"},{"taxonomy":"post_tag","embeddable":true,"href":"https:\/\/www.24baires.com\/index.php?rest_route=%2Fwp%2Fv2%2Ftags&post=4684"}],"curies":[{"name":"wp","href":"https:\/\/api.w.org\/{rel}","templated":true}]}}