{"id":46745,"date":"2014-05-26T10:30:52","date_gmt":"2014-05-26T13:30:52","guid":{"rendered":"http:\/\/www.24baires.com\/?p=46745"},"modified":"2014-05-26T10:14:40","modified_gmt":"2014-05-26T13:14:40","slug":"y-los-indignados","status":"publish","type":"post","link":"https:\/\/www.24baires.com\/?p=46745","title":{"rendered":"\u00bfY los indignados?"},"content":{"rendered":"<p><img data-recalc-dims=\"1\" loading=\"lazy\" decoding=\"async\" class=\"aligncenter size-full wp-image-46746\" src=\"https:\/\/i0.wp.com\/www.24baires.com\/wp-content\/uploads\/2014\/05\/crucificado.jpg?resize=560%2C419\" alt=\"crucificado\" width=\"560\" height=\"419\" srcset=\"https:\/\/i0.wp.com\/www.24baires.com\/wp-content\/uploads\/2014\/05\/crucificado.jpg?w=560&amp;ssl=1 560w, https:\/\/i0.wp.com\/www.24baires.com\/wp-content\/uploads\/2014\/05\/crucificado.jpg?resize=300%2C224&amp;ssl=1 300w\" sizes=\"auto, (max-width: 560px) 100vw, 560px\" \/>\u00bfY los indignados? \u00bfD\u00f3nde est\u00e1n los indignados de la vida que se desgarran las vestiduras ante todo lo que no les gusta o les hace caer mal alguna de sus cuatro comidas diarias? \u00bfD\u00f3nde est\u00e1 ahora reclamando por los derechos de un muchacho golpeado, humillado y atado a dos maderas por polic\u00edas?<!--more--><\/p>\n<p>No est\u00e1n, parece que las \u00fanicas crucifixiones que los atraen son las de la far\u00e1ndula, en los medios, cuando por la tarde sacan los trapitos de alg\u00fan famoso de pacotilla al sol. Ah\u00ed no se pierden ni un segundo y opinan y elevan sus voces justicieras. \u00bfEs que no es tema de indignaci\u00f3n lo que le corri\u00f3 a V\u00edctor Robledo? A este joven de 27 a\u00f1os y padre de familia la polic\u00eda lo secuestr\u00f3 de su casa en Santa Fe, lo meti\u00f3 en una celda veinte horas y luego los efectivos lo trasladaron a C\u00f3rdoba, donde los golpearon brutalmente y lo crucificaron, s\u00ed: lo ataron con cintas a dos tablones de madera y lo dejaron all\u00ed durante la fr\u00eda noche. \u201cMe llevaron de mi casa cuando me levanto a las 7 de la ma\u00f1ana. Hab\u00edan dicho que yo hab\u00eda forcejeado con alguien a la noche. Nada que ver. Yo estaba con mi familia. Me tuvieron todo el d\u00eda encerrado. Cuando me largan y se cagaban de risa. De las 7 de la ma\u00f1ana a las 2 de la ma\u00f1ana me tuvieron encerrado por nada. Ellos mismos me sacaron y me dejaron en ese lugar donde me pegaron\u201d, cont\u00f3 Robledo, muy temeroso todav\u00eda. No quiere decir si reconoce o no a los polic\u00edas que lo vejaron porque tiene miedo por \u00e9l y su familia.<br \/>\nPero nadie se rasga las vestiduras por \u00e9l. Parece que s\u00f3lo les queda tiempo para preocuparse por un solo pobre en una cruz, porque los nuevos crucificados, estigmatizados, los nuevos apaleados de la sociedad, los abusados por el poder, no tienen lugar ni en las redes sociales, los que se quejan por todo no le dedican ni un post ni un tuit, es mejor subir fotos de animalitos o bebitos ajenos haciendo lindas piruetas o quejarse porque ya es un deporte, y si el ejercicio pierde consistencia se ablanda la indignaci\u00f3n permanente.<br \/>\nCon un cartelito que rezaba \u201cNo robar\u00e1s\u201d, colgaron a Robledo. Y lo importante se va a centrar en eso, porque Robledo tiene antecedentes penales en Santa Fe. Entonces, como se lo hicieron a un chorro, ha de estar bien, o al menos no est\u00e1 tan mal como si se lo hubieran hecho a alguno de nosotros, \u00bfcierto? Cierto.<br \/>\nTotal, la mafia policial hace lo que se le canta, extorsiona, viola, mata, desaparece gente y todo queda ah\u00ed, porque el objeto de sus salvajadas suelen ser pibes chorros o pibes de villa que se niegan a robar para ellos. Pero tengo una noticia que los dejar\u00e1 helados a todo ellos, a los indignados de cart\u00f3n: V\u00edctor Robledo tiene los mismos derechos que ustedes y ustedes los mismos que \u00e9l. Loco, \u00bfno? Ahora que sabemos eso, agreguemos otro dato aunque ya bastante conocido: la polic\u00eda maltrata, golpea y abusa de j\u00f3venes todos los d\u00edas, sean o no culpables de alg\u00fan delito. Y si alguno de ustedes ha tenido la profana idea de intentar relacionar a la justicia con algo de esto, intercepten ese nefasto pensamiento y gu\u00e1rdenselo en alg\u00fan bolsillo.<br \/>\nComo con los linchamientos: lapidaci\u00f3n p\u00fablica para el pobre, el diferente, el que se equivoc\u00f3. Muchos deseosos de tirar la primera piedra. Mucho odio, mucha violencia generada y promovida, pero siempre acusada a otros.<\/p>\n","protected":false},"excerpt":{"rendered":"<p>\u00bfY los indignados? \u00bfD\u00f3nde est\u00e1n los indignados de la vida que se desgarran las vestiduras ante todo lo que no les gusta o les hace caer mal alguna de sus cuatro comidas diarias? \u00bfD\u00f3nde est\u00e1 ahora reclamando por los derechos de un muchacho golpeado, humillado y atado a dos maderas por polic\u00edas?<\/p>\n","protected":false},"author":4,"featured_media":0,"comment_status":"open","ping_status":"open","sticky":false,"template":"","format":"standard","meta":{"_jetpack_newsletter_access":"","_jetpack_dont_email_post_to_subs":false,"_jetpack_newsletter_tier_id":0,"_jetpack_memberships_contains_paywalled_content":false,"_jetpack_memberships_contains_paid_content":false,"footnotes":""},"categories":[64],"tags":[],"class_list":["post-46745","post","type-post","status-publish","format-standard","hentry","category-opinion"],"jetpack_featured_media_url":"","jetpack_shortlink":"https:\/\/wp.me\/p2JWE0-c9X","jetpack-related-posts":[{"id":106626,"url":"https:\/\/www.24baires.com\/?p=106626","url_meta":{"origin":46745,"position":0},"title":"Macri cuestion\u00f3 a la Justicia por liberar a dos delincuentes","author":"AF","date":"31\/01\/2019","format":false,"excerpt":"El presidente Mauricio Macri consider\u00f3 \"indignante\" el fallo de la jueza que liber\u00f3 a dos motochorros extranjeros en menos de una semana y advirti\u00f3 que \"con una Justicia as\u00ed, no hay polic\u00eda que alcance\". \"Es indignante el caso de la Jueza que nuevamente liber\u00f3 a motochorros con antecedentes penales y\u2026","rel":"","context":"En \u00abPol\u00edtica\u00bb","block_context":{"text":"Pol\u00edtica","link":"https:\/\/www.24baires.com\/?cat=51"},"img":{"alt_text":"","src":"https:\/\/i0.wp.com\/www.24baires.com\/wp-content\/uploads\/2018\/09\/macri.jpg?resize=350%2C200","width":350,"height":200,"srcset":"https:\/\/i0.wp.com\/www.24baires.com\/wp-content\/uploads\/2018\/09\/macri.jpg?resize=350%2C200 1x, https:\/\/i0.wp.com\/www.24baires.com\/wp-content\/uploads\/2018\/09\/macri.jpg?resize=525%2C300 1.5x"},"classes":[]},{"id":3261,"url":"https:\/\/www.24baires.com\/?p=3261","url_meta":{"origin":46745,"position":1},"title":"Represi\u00f3n y violencia en las puertas de la Municipalidad en Mar del Plata","author":"Grupo Sierra","date":"25\/10\/2012","format":false,"excerpt":"Cuando se estaba por tratar y aprobar el boleto estudiantil gratuito en el Concejo Deliberante, los manifestantes que aguardaban en la calle quisieron entrar a la Comuna y la Polic\u00eda les impidi\u00f3 el paso. Hubo golpes de pu\u00f1o, palazos, piedrazos y represi\u00f3n. Algunos j\u00f3venes estudiantes y de partidos de izquierda\u2026","rel":"","context":"En \u00abLocales\u00bb","block_context":{"text":"Locales","link":"https:\/\/www.24baires.com\/?cat=38"},"img":{"alt_text":"","src":"","width":0,"height":0},"classes":[]},{"id":23641,"url":"https:\/\/www.24baires.com\/?p=23641","url_meta":{"origin":46745,"position":2},"title":"Delegada de ATE detenida afirm\u00f3 estar \u201cmuy conmovida por lo que pas\u00f3\u201d","author":"AF","date":"16\/05\/2013","format":false,"excerpt":"La integrante de la Junta Interna de la Direcci\u00f3n General de Cultura y Educaci\u00f3n, Silvia Valdez, arremeti\u00f3 contra los funcionarios y la polic\u00eda. \"Hay gente capaz de hacer todo lo posible por ponerle l\u00edmite a la lucha de los trabajadores por nuestras reivindicaciones, nuestros reclamos\", dijo. La delegada de la\u2026","rel":"","context":"En \u00abSociedad\u00bb","block_context":{"text":"Sociedad","link":"https:\/\/www.24baires.com\/?cat=1"},"img":{"alt_text":"ate fiscal\u00eda","src":"https:\/\/i0.wp.com\/www.24baires.com\/wp-content\/uploads\/2013\/05\/ate-fiscal%C3%ADa-300x225.jpg?resize=350%2C200","width":350,"height":200},"classes":[]},{"id":4209,"url":"https:\/\/www.24baires.com\/?p=4209","url_meta":{"origin":46745,"position":3},"title":"Concejales presentan proyecto para declarar el estado de emergencia en seguridad","author":"Grupo Sierra","date":"02\/11\/2012","format":false,"excerpt":"OLAVARR\u00cdA - Los ediles del bloque justicialista presentaron un proyecto de ordenanza en el concejo Deliberante luego de los incidentes registrados frente a la comisar\u00eda local al conocerse la muerte de Jonathan Stramessi, cuyo cad\u00e1ver fue encontrado el mi\u00e9rcoles en el arroyo Tapalqu\u00e9. El cuerpo del joven fue hallado el\u2026","rel":"","context":"En \u00abLocales\u00bb","block_context":{"text":"Locales","link":"https:\/\/www.24baires.com\/?cat=38"},"img":{"alt_text":"","src":"","width":0,"height":0},"classes":[]},{"id":106149,"url":"https:\/\/www.24baires.com\/?p=106149","url_meta":{"origin":46745,"position":4},"title":"Cristina cuestion\u00f3 el secuestro de sus cuadros ordenado por Bonadio","author":"AF","date":"28\/12\/2018","format":false,"excerpt":"La expresidenta de la Naci\u00f3n, Cristina Fern\u00e1ndez, cuestion\u00f3 hoy el operativo realizado en una de sus propiedades, donde la Polic\u00eda Federal retir\u00f3 una treintena de cuadros por orden del juez federal Claudio Bonadio en el marco de la causa denominada \"Cuadernos de la corrupci\u00f3n\". En su cuenta de Twitter, la\u2026","rel":"","context":"En \u00abJUDICIALES\u00bb","block_context":{"text":"JUDICIALES","link":"https:\/\/www.24baires.com\/?cat=68"},"img":{"alt_text":"","src":"https:\/\/i0.wp.com\/www.24baires.com\/wp-content\/uploads\/2018\/12\/pfa.jpg?resize=350%2C200","width":350,"height":200,"srcset":"https:\/\/i0.wp.com\/www.24baires.com\/wp-content\/uploads\/2018\/12\/pfa.jpg?resize=350%2C200 1x, https:\/\/i0.wp.com\/www.24baires.com\/wp-content\/uploads\/2018\/12\/pfa.jpg?resize=525%2C300 1.5x"},"classes":[]},{"id":5143,"url":"https:\/\/www.24baires.com\/?p=5143","url_meta":{"origin":46745,"position":5},"title":"\u201cLos verdaderos socialistas molestan en la provincia sojera, y los meten presos\u201d","author":"Grupo Sierra","date":"12\/11\/2012","format":false,"excerpt":"MAR DEL PLATA - Desde el Socialismo Marplatense expresaron un enf\u00e1tico repudio a la detenci\u00f3n de dos j\u00f3venes militantes de la Confederaci\u00f3n Socialista en la Provincia de Santa Fe por el solo hecho de realizar ciertas pintadas. \u201cLo realizado por la polic\u00eda santafecina nos merece, una vez m\u00e1s, el m\u00e1s\u2026","rel":"","context":"En \u00abPol\u00edtica\u00bb","block_context":{"text":"Pol\u00edtica","link":"https:\/\/www.24baires.com\/?cat=51"},"img":{"alt_text":"","src":"https:\/\/i0.wp.com\/www.24baires.com\/wp-content\/uploads\/2012\/11\/SANCHEZ-MAJO-300x290.jpg?resize=350%2C200","width":350,"height":200},"classes":[]}],"jetpack_sharing_enabled":true,"jetpack_likes_enabled":true,"_links":{"self":[{"href":"https:\/\/www.24baires.com\/index.php?rest_route=\/wp\/v2\/posts\/46745","targetHints":{"allow":["GET"]}}],"collection":[{"href":"https:\/\/www.24baires.com\/index.php?rest_route=\/wp\/v2\/posts"}],"about":[{"href":"https:\/\/www.24baires.com\/index.php?rest_route=\/wp\/v2\/types\/post"}],"author":[{"embeddable":true,"href":"https:\/\/www.24baires.com\/index.php?rest_route=\/wp\/v2\/users\/4"}],"replies":[{"embeddable":true,"href":"https:\/\/www.24baires.com\/index.php?rest_route=%2Fwp%2Fv2%2Fcomments&post=46745"}],"version-history":[{"count":1,"href":"https:\/\/www.24baires.com\/index.php?rest_route=\/wp\/v2\/posts\/46745\/revisions"}],"predecessor-version":[{"id":46747,"href":"https:\/\/www.24baires.com\/index.php?rest_route=\/wp\/v2\/posts\/46745\/revisions\/46747"}],"wp:attachment":[{"href":"https:\/\/www.24baires.com\/index.php?rest_route=%2Fwp%2Fv2%2Fmedia&parent=46745"}],"wp:term":[{"taxonomy":"category","embeddable":true,"href":"https:\/\/www.24baires.com\/index.php?rest_route=%2Fwp%2Fv2%2Fcategories&post=46745"},{"taxonomy":"post_tag","embeddable":true,"href":"https:\/\/www.24baires.com\/index.php?rest_route=%2Fwp%2Fv2%2Ftags&post=46745"}],"curies":[{"name":"wp","href":"https:\/\/api.w.org\/{rel}","templated":true}]}}