{"id":4674,"date":"2012-11-07T11:40:41","date_gmt":"2012-11-07T14:40:41","guid":{"rendered":"http:\/\/www.24baires.com\/?p=4674"},"modified":"2012-11-07T11:41:02","modified_gmt":"2012-11-07T14:41:02","slug":"solicitan-realizar-ronda-de-consultas-para-evaluar-el-traspaso-de-la-ruta-la-plata-buenos-aires","status":"publish","type":"post","link":"https:\/\/www.24baires.com\/?p=4674","title":{"rendered":"Solicitan realizar ronda de consultas para evaluar el traspaso de la ruta La Plata-Buenos Aires"},"content":{"rendered":"<p>Luego de participar de una reuni\u00f3n convocada por el bloque del Frente para la Victoria (FpV) para informar sobre el proyecto que autoriza a la Provincia a aceptar el traspaso de la concesi\u00f3n de la autopista La Plata \u2013 Buenos Aires, el diputado radical Carlos Garc\u00eda adelant\u00f3 que realizar\u00e1 desde la Comisi\u00f3n de Obras y Servicios P\u00fablicos una ronda de consultas pero reclam\u00f3 que en primera instancia que el Gobierno nacional resuelva la situaci\u00f3n de la empresa Coviares.<!--more--><\/p>\n<p>\u201cPrimero que el Gobierno nacional se haga cargo de los costos\u201d dispar\u00f3 el legislador y pidi\u00f3 que \u201cle definan la relaci\u00f3n con la concesionaria para luego s\u00ed dejar que la Provincia se pueda hacer cargo\u201d.<\/p>\n<p>Por otra parte, Garc\u00eda valor\u00f3 \u201cla iniciativa de Juan de Jes\u00fas -Presidente del bloque del Frente para la Victoria- de citarnos para darnos a conocer el proyecto\u201d aunque a la vez aclar\u00f3 que \u201cno queremos que nos apuren con el tratamiento\u201d. Y anticip\u00f3 que en la Comisi\u00f3n que preside \u201cvamos a consultar a nuestros pares como primera medida y luego evaluaremos la posibilidad de citar a alg\u00fan funcionario provincial\u201d.<\/p>\n<p>Por \u00faltimo, el diputado de la UCR consider\u00f3 que \u201ces un acto de irresponsabilidad por parte del Gobernador tomar la concesi\u00f3n de esta manera alegando como argumento la seguridad de los automovilistas\u201d.<\/p>\n<p>De la reuni\u00f3n participaron tambi\u00e9n el presidente de la Comisi\u00f3n de Asuntos Municipales, Gabriel Bruera, y los diputados platenses Julio Garro y Gonzalo Atanasof, entre otros.<\/p>\n","protected":false},"excerpt":{"rendered":"<p>Luego de participar de una reuni\u00f3n convocada por el bloque del Frente para la Victoria (FpV) para informar sobre el proyecto que autoriza a la Provincia a aceptar el traspaso de la concesi\u00f3n de la autopista La Plata \u2013 Buenos Aires, el diputado radical Carlos Garc\u00eda adelant\u00f3 que realizar\u00e1 desde la Comisi\u00f3n de Obras y Servicios P\u00fablicos una ronda de [&#8230;]<\/p>\n","protected":false},"author":4,"featured_media":0,"comment_status":"open","ping_status":"open","sticky":false,"template":"","format":"standard","meta":{"_jetpack_newsletter_access":"","_jetpack_dont_email_post_to_subs":false,"_jetpack_newsletter_tier_id":0,"_jetpack_memberships_contains_paywalled_content":false,"_jetpack_memberships_contains_paid_content":false,"footnotes":""},"categories":[38],"tags":[],"class_list":["post-4674","post","type-post","status-publish","format-standard","hentry","category-locales"],"jetpack_featured_media_url":"","jetpack_shortlink":"https:\/\/wp.me\/p2JWE0-1do","jetpack-related-posts":[{"id":8675,"url":"https:\/\/www.24baires.com\/?p=8675","url_meta":{"origin":4674,"position":0},"title":"Avanzan las negociaciones para el traspaso de la autopista La Plata-Buenos Aires","author":"AF","date":"11\/12\/2012","format":false,"excerpt":"La posibilidad de que el gobierno bonaerense cuente con el respaldo necesario para hacerse cargo de la Autopista La Plata-Buenos Aires, dio este lunes un paso clave en la Legislatura. Si bien reclamaron una serie de condiciones, sectores de la oposici\u00f3n anunciaron que estar\u00edan dispuestos a acompa\u00f1ar al Frente para\u2026","rel":"","context":"En \u00abPol\u00edtica\u00bb","block_context":{"text":"Pol\u00edtica","link":"https:\/\/www.24baires.com\/?cat=51"},"img":{"alt_text":"","src":"https:\/\/i0.wp.com\/www.24baires.com\/wp-content\/uploads\/2012\/12\/autopista-bs-lp-300x209.jpg?resize=350%2C200","width":350,"height":200},"classes":[]},{"id":9658,"url":"https:\/\/www.24baires.com\/?p=9658","url_meta":{"origin":4674,"position":1},"title":"El Senado aprob\u00f3 el traspaso de la Autopista La Plata-Buenos Aires a la \u00f3rbita provincial","author":"Grupo Sierra","date":"18\/12\/2012","format":false,"excerpt":"LA PLATA- En la \u00faltima sesi\u00f3n del a\u00f1o, la C\u00e1mara de Senadores bonaerense convirti\u00f3 esta tarde en ley el proyecto que establece el traspaso de la autopista La Plata-Buenos Aires, luego de que la semana pasada no pudiera tratarse por la demora registrada en el expediente en la c\u00e1mara baja.\u2026","rel":"","context":"En \u00abProvincia\u00bb","block_context":{"text":"Provincia","link":"https:\/\/www.24baires.com\/?cat=40"},"img":{"alt_text":"","src":"","width":0,"height":0},"classes":[]},{"id":116206,"url":"https:\/\/www.24baires.com\/?p=116206","url_meta":{"origin":4674,"position":2},"title":"El Gobierno defendi\u00f3 el traspaso de fondos y la Ciudad ratific\u00f3 que recurrir\u00e1 a la Justicia","author":"AF","date":"12\/09\/2020","format":false,"excerpt":"La secretaria de Relaciones Provinciales, Silvina Batakis, afirm\u00f3 que \"la decisi\u00f3n del Presidente viene a poner equilibrio\". La administraci\u00f3n que encabeza Horacio Rodr\u00edguez Larreta confirm\u00f3 que la semana pr\u00f3xima presentar\u00e1 un amparo para evitar la medida. El gobierno nacional volvi\u00f3 a defender la decisi\u00f3n de traspasar a la provincia de\u2026","rel":"","context":"En \u00abPol\u00edtica\u00bb","block_context":{"text":"Pol\u00edtica","link":"https:\/\/www.24baires.com\/?cat=51"},"img":{"alt_text":"","src":"https:\/\/i0.wp.com\/www.24baires.com\/wp-content\/uploads\/2020\/09\/kicillof-fern%C3%A1ndez-magario.jpg?resize=350%2C200","width":350,"height":200,"srcset":"https:\/\/i0.wp.com\/www.24baires.com\/wp-content\/uploads\/2020\/09\/kicillof-fern%C3%A1ndez-magario.jpg?resize=350%2C200 1x, https:\/\/i0.wp.com\/www.24baires.com\/wp-content\/uploads\/2020\/09\/kicillof-fern%C3%A1ndez-magario.jpg?resize=525%2C300 1.5x"},"classes":[]},{"id":113184,"url":"https:\/\/www.24baires.com\/?p=113184","url_meta":{"origin":4674,"position":3},"title":"Kicillof ya defini\u00f3 parte de su gabinete","author":"AF","date":"28\/11\/2019","format":false,"excerpt":"Mientras define a sus colaboradores, el gobernador electo analiza postergar su asunci\u00f3n para el 11 de diciembre, para que no se superponga con el traspaso del mando presidencial. El gobernador electo de la provincia de Buenos Aires, Axel Kicillof, le da los \u00faltimos toques a su plan de gobierno y\u2026","rel":"","context":"En \u00abPol\u00edtica\u00bb","block_context":{"text":"Pol\u00edtica","link":"https:\/\/www.24baires.com\/?cat=51"},"img":{"alt_text":"","src":"https:\/\/i0.wp.com\/www.24baires.com\/wp-content\/uploads\/2019\/11\/kicillof.jpg?resize=350%2C200","width":350,"height":200,"srcset":"https:\/\/i0.wp.com\/www.24baires.com\/wp-content\/uploads\/2019\/11\/kicillof.jpg?resize=350%2C200 1x, https:\/\/i0.wp.com\/www.24baires.com\/wp-content\/uploads\/2019\/11\/kicillof.jpg?resize=525%2C300 1.5x"},"classes":[]},{"id":103157,"url":"https:\/\/www.24baires.com\/?p=103157","url_meta":{"origin":4674,"position":4},"title":"El intendente de Florencio Varela rechaz\u00f3 el traspaso de Edesur a la Provincia","author":"GB","date":"04\/07\/2018","format":false,"excerpt":"Andr\u00e9s Watson advirti\u00f3 que la medida perjudicar\u00e1 al distrito y le reclam\u00f3 a Macri \"que se haga cargo de los problemas y ejerza los controles correspondientes\". Tambi\u00e9n carg\u00f3 contra las autoridades de la empresa por los cortes de luz: \"Me cans\u00e9 de reunirme con ellos; son inoperantes\". El intendente de\u2026","rel":"","context":"En \u00abMunicipios\u00bb","block_context":{"text":"Municipios","link":"https:\/\/www.24baires.com\/?cat=44"},"img":{"alt_text":"","src":"https:\/\/i0.wp.com\/www.24baires.com\/wp-content\/uploads\/2018\/07\/vecinos-florencio-varela.jpg?resize=350%2C200","width":350,"height":200,"srcset":"https:\/\/i0.wp.com\/www.24baires.com\/wp-content\/uploads\/2018\/07\/vecinos-florencio-varela.jpg?resize=350%2C200 1x, https:\/\/i0.wp.com\/www.24baires.com\/wp-content\/uploads\/2018\/07\/vecinos-florencio-varela.jpg?resize=525%2C300 1.5x"},"classes":[]},{"id":122162,"url":"https:\/\/www.24baires.com\/?p=122162","url_meta":{"origin":4674,"position":5},"title":"Kicillof sobre el calendario electoral: \u00abPor supuesto que hay opiniones diversas, no me voy a hacer el tonto con esto\u00bb","author":"GB","date":"27\/03\/2025","format":false,"excerpt":"En la previa al debate en Diputados, el Gobernador habl\u00f3 sobre las distintas posiciones en la oposici\u00f3n y dentro del bloque peronista. Tambi\u00e9n se refiri\u00f3 a la posibilidad del desdoblamiento y la Boleta \u00danica de Papel. Apunt\u00f3 contra Milei y desliz\u00f3 que \"ten\u00eda ganas de empiojar la elecci\u00f3n bonaerense\". El\u2026","rel":"","context":"En \u00abProvincia\u00bb","block_context":{"text":"Provincia","link":"https:\/\/www.24baires.com\/?cat=40"},"img":{"alt_text":"","src":"https:\/\/i0.wp.com\/www.24baires.com\/wp-content\/uploads\/2025\/02\/kici-chascomus.jpg?resize=350%2C200","width":350,"height":200,"srcset":"https:\/\/i0.wp.com\/www.24baires.com\/wp-content\/uploads\/2025\/02\/kici-chascomus.jpg?resize=350%2C200 1x, https:\/\/i0.wp.com\/www.24baires.com\/wp-content\/uploads\/2025\/02\/kici-chascomus.jpg?resize=525%2C300 1.5x, https:\/\/i0.wp.com\/www.24baires.com\/wp-content\/uploads\/2025\/02\/kici-chascomus.jpg?resize=700%2C400 2x"},"classes":[]}],"jetpack_sharing_enabled":true,"jetpack_likes_enabled":true,"_links":{"self":[{"href":"https:\/\/www.24baires.com\/index.php?rest_route=\/wp\/v2\/posts\/4674","targetHints":{"allow":["GET"]}}],"collection":[{"href":"https:\/\/www.24baires.com\/index.php?rest_route=\/wp\/v2\/posts"}],"about":[{"href":"https:\/\/www.24baires.com\/index.php?rest_route=\/wp\/v2\/types\/post"}],"author":[{"embeddable":true,"href":"https:\/\/www.24baires.com\/index.php?rest_route=\/wp\/v2\/users\/4"}],"replies":[{"embeddable":true,"href":"https:\/\/www.24baires.com\/index.php?rest_route=%2Fwp%2Fv2%2Fcomments&post=4674"}],"version-history":[{"count":2,"href":"https:\/\/www.24baires.com\/index.php?rest_route=\/wp\/v2\/posts\/4674\/revisions"}],"predecessor-version":[{"id":4682,"href":"https:\/\/www.24baires.com\/index.php?rest_route=\/wp\/v2\/posts\/4674\/revisions\/4682"}],"wp:attachment":[{"href":"https:\/\/www.24baires.com\/index.php?rest_route=%2Fwp%2Fv2%2Fmedia&parent=4674"}],"wp:term":[{"taxonomy":"category","embeddable":true,"href":"https:\/\/www.24baires.com\/index.php?rest_route=%2Fwp%2Fv2%2Fcategories&post=4674"},{"taxonomy":"post_tag","embeddable":true,"href":"https:\/\/www.24baires.com\/index.php?rest_route=%2Fwp%2Fv2%2Ftags&post=4674"}],"curies":[{"name":"wp","href":"https:\/\/api.w.org\/{rel}","templated":true}]}}