{"id":4670,"date":"2012-11-07T11:06:32","date_gmt":"2012-11-07T14:06:32","guid":{"rendered":"http:\/\/www.24baires.com\/?p=4670"},"modified":"2012-11-07T11:06:32","modified_gmt":"2012-11-07T14:06:32","slug":"espinoza-recibio-a-evangelista-que-realizara-jornadas-de-predicacion-en-la-matanza","status":"publish","type":"post","link":"https:\/\/www.24baires.com\/?p=4670","title":{"rendered":"Espinoza recibi\u00f3 a evangelista que realizar\u00e1 jornadas de predicaci\u00f3n en La Matanza"},"content":{"rendered":"<p>El Intendente de La Matanza, Fernando Espinoza, recibi\u00f3 en su despacho al Evangelista Carlos Annacondia y convers\u00f3 con el acerca de las diez jornadas de predicaci\u00f3n que dar\u00e1n en San Justo.<!--more--><\/p>\n<p>Durante la reuni\u00f3n que se extendi\u00f3 por m\u00e1s de una hora el Intendente estuvo acompa\u00f1ado por la concejal Mar\u00eda Laura Ram\u00edrez.<\/p>\n<p>La Campa\u00f1a Evangel\u00edstica ser\u00e1 desde el 7 al 17 de noviembre en el Predio de la Universidad Nacional de La Matanza a las 20.00 hs. en la entrada por Presidente Per\u00f3n.<\/p>\n<p>Annacondia es un reconocido evangelista a nivel mundial que preside el Equipo \u00abMisi\u00f3n Cristiana Mensaje de Salvaci\u00f3n\u00bb, de la Uni\u00f3n de las Asambleas de Dios y es miembro de una Iglesia en Buenos Aires.<\/p>\n","protected":false},"excerpt":{"rendered":"<p>El Intendente de La Matanza, Fernando Espinoza, recibi\u00f3 en su despacho al Evangelista Carlos Annacondia y convers\u00f3 con el acerca de las diez jornadas de predicaci\u00f3n que dar\u00e1n en San Justo.<\/p>\n","protected":false},"author":4,"featured_media":0,"comment_status":"open","ping_status":"open","sticky":false,"template":"","format":"standard","meta":{"_jetpack_newsletter_access":"","_jetpack_dont_email_post_to_subs":false,"_jetpack_newsletter_tier_id":0,"_jetpack_memberships_contains_paywalled_content":false,"_jetpack_memberships_contains_paid_content":false,"footnotes":""},"categories":[38],"tags":[],"class_list":["post-4670","post","type-post","status-publish","format-standard","hentry","category-locales"],"jetpack_featured_media_url":"","jetpack_shortlink":"https:\/\/wp.me\/p2JWE0-1dk","jetpack-related-posts":[{"id":121361,"url":"https:\/\/www.24baires.com\/?p=121361","url_meta":{"origin":4670,"position":0},"title":"Fernando Espinoza, fue procesado por abuso sexual","author":"GB","date":"21\/05\/2024","format":false,"excerpt":"El dirigente peronista y alcalde de La Matanza, Fernando Espinoza, fue procesado por la justicia por el supuesto abuso sexual de una de sus secretarias. Recibi\u00f3 un embargo por m\u00e1s de $1 mill\u00f3n, pero sigue en libertad. El intendente de La Matanza, Fernando Espinoza, fue procesado por la justicia por\u2026","rel":"","context":"En \u00abJUDICIALES\u00bb","block_context":{"text":"JUDICIALES","link":"https:\/\/www.24baires.com\/?cat=68"},"img":{"alt_text":"","src":"https:\/\/i0.wp.com\/www.24baires.com\/wp-content\/uploads\/2024\/05\/fernando-espinoza.webp?resize=350%2C200","width":350,"height":200,"srcset":"https:\/\/i0.wp.com\/www.24baires.com\/wp-content\/uploads\/2024\/05\/fernando-espinoza.webp?resize=350%2C200 1x, https:\/\/i0.wp.com\/www.24baires.com\/wp-content\/uploads\/2024\/05\/fernando-espinoza.webp?resize=525%2C300 1.5x, https:\/\/i0.wp.com\/www.24baires.com\/wp-content\/uploads\/2024\/05\/fernando-espinoza.webp?resize=700%2C400 2x"},"classes":[]},{"id":114935,"url":"https:\/\/www.24baires.com\/?p=114935","url_meta":{"origin":4670,"position":1},"title":"Kicillof recibi\u00f3 a intendentes oficialistas de la Tercera Secci\u00f3n","author":"AF","date":"06\/05\/2020","format":false,"excerpt":"El gobernador estuvo con Fernando Espinoza, Jorge Ferraresi, Juan Jos\u00e9 Mussi, Mario Secco, Mart\u00edn Insaurralde y Mariano Cascallares. El gobernador bonaerense, Axel Kicillof, viene manteniendo una serie de encuentros con intendentes para evaluar la continuidad de la ayuda financiera de la Provincia a los municipios frente a la crisis que\u2026","rel":"","context":"En \u00abProvincia\u00bb","block_context":{"text":"Provincia","link":"https:\/\/www.24baires.com\/?cat=40"},"img":{"alt_text":"","src":"https:\/\/i0.wp.com\/www.24baires.com\/wp-content\/uploads\/2020\/05\/kicillof-intendentes.jpg?resize=350%2C200","width":350,"height":200,"srcset":"https:\/\/i0.wp.com\/www.24baires.com\/wp-content\/uploads\/2020\/05\/kicillof-intendentes.jpg?resize=350%2C200 1x, https:\/\/i0.wp.com\/www.24baires.com\/wp-content\/uploads\/2020\/05\/kicillof-intendentes.jpg?resize=525%2C300 1.5x"},"classes":[]},{"id":108582,"url":"https:\/\/www.24baires.com\/?p=108582","url_meta":{"origin":4670,"position":2},"title":"Fernando Espinoza confirm\u00f3 que ser\u00e1 candidato a intendente de La Matanza","author":"GB","date":"05\/06\/2019","format":false,"excerpt":"El diputado nacional anuncio que volver\u00e1 a competir por la intendencia en su distrito. Pese a una de las opciones era continuar en el Congreso, en el Plenario de la Militancia de La Matanza los representantes de su espacio le pidieron que vaya por el municipio en las pr\u00f3ximas elecciones.\u2026","rel":"","context":"En \u00abMunicipios\u00bb","block_context":{"text":"Municipios","link":"https:\/\/www.24baires.com\/?cat=44"},"img":{"alt_text":"","src":"https:\/\/i0.wp.com\/www.24baires.com\/wp-content\/uploads\/2013\/10\/espinoza.jpg?resize=350%2C200","width":350,"height":200,"srcset":"https:\/\/i0.wp.com\/www.24baires.com\/wp-content\/uploads\/2013\/10\/espinoza.jpg?resize=350%2C200 1x, https:\/\/i0.wp.com\/www.24baires.com\/wp-content\/uploads\/2013\/10\/espinoza.jpg?resize=525%2C300 1.5x"},"classes":[]},{"id":121126,"url":"https:\/\/www.24baires.com\/?p=121126","url_meta":{"origin":4670,"position":3},"title":"El 80% de las industrias en La Matanza suspendieron o despidieron personal","author":"GB","date":"19\/03\/2024","format":false,"excerpt":"El alcalde de La Matanza, Fernando Espinoza, abri\u00f3 las sesiones del Deliberante local con un fuerte discurso contra Javier Milei en el que destac\u00f3 el impacto de las pol\u00edticas del libertario en el territorio. En el marco de la apertura de sesiones ordinarias del Honorable Concejo Deliberante, el intendente de\u2026","rel":"","context":"En \u00abMunicipios\u00bb","block_context":{"text":"Municipios","link":"https:\/\/www.24baires.com\/?cat=44"},"img":{"alt_text":"","src":"https:\/\/i0.wp.com\/www.24baires.com\/wp-content\/uploads\/2024\/03\/espinoza.webp?resize=350%2C200","width":350,"height":200,"srcset":"https:\/\/i0.wp.com\/www.24baires.com\/wp-content\/uploads\/2024\/03\/espinoza.webp?resize=350%2C200 1x, https:\/\/i0.wp.com\/www.24baires.com\/wp-content\/uploads\/2024\/03\/espinoza.webp?resize=525%2C300 1.5x, https:\/\/i0.wp.com\/www.24baires.com\/wp-content\/uploads\/2024\/03\/espinoza.webp?resize=700%2C400 2x"},"classes":[]},{"id":115451,"url":"https:\/\/www.24baires.com\/?p=115451","url_meta":{"origin":4670,"position":4},"title":"La Matanza: personal de salud y de emergencia abocados a la pandemia cobrar\u00e1n un bono","author":"AF","date":"24\/06\/2020","format":false,"excerpt":"Se comenzar\u00e1 a pagar en La Matanza junto al salario de junio en tres cuotas de $4.000. El intendente de La Matanza, Fernando Espinoza, firm\u00f3 un decreto que dispone un ingreso adicional de 12.000 pesos para el personal de salud y de todos los servicios de emergencia municipales que est\u00e1n\u2026","rel":"","context":"En \u00abLocales\u00bb","block_context":{"text":"Locales","link":"https:\/\/www.24baires.com\/?cat=38"},"img":{"alt_text":"","src":"https:\/\/i0.wp.com\/www.24baires.com\/wp-content\/uploads\/2020\/06\/la-matanza.jpg?resize=350%2C200","width":350,"height":200,"srcset":"https:\/\/i0.wp.com\/www.24baires.com\/wp-content\/uploads\/2020\/06\/la-matanza.jpg?resize=350%2C200 1x, https:\/\/i0.wp.com\/www.24baires.com\/wp-content\/uploads\/2020\/06\/la-matanza.jpg?resize=525%2C300 1.5x"},"classes":[]},{"id":101522,"url":"https:\/\/www.24baires.com\/?p=101522","url_meta":{"origin":4670,"position":5},"title":"Magario declar\u00f3 la \u00abemergencia tarifaria\u00bb en La Matanza","author":"GB","date":"10\/04\/2018","format":false,"excerpt":"La intendenta denunci\u00f3 que los aumentos fueron \"descomunales\" y que en algunos casos llegaron al mil por ciento. Espinoza replicar\u00e1 el proyecto en el Congreso nacional. La intendenta de La Matanza, Ver\u00f3nica Magario, declar\u00f3 la \"emergencia tarifaria\" en el distrito y pidi\u00f3 el acompa\u00f1amiento de todos los bloques en el\u2026","rel":"","context":"En \u00abMunicipios\u00bb","block_context":{"text":"Municipios","link":"https:\/\/www.24baires.com\/?cat=44"},"img":{"alt_text":"","src":"https:\/\/i0.wp.com\/www.24baires.com\/wp-content\/uploads\/2016\/09\/magario.jpg?resize=350%2C200","width":350,"height":200,"srcset":"https:\/\/i0.wp.com\/www.24baires.com\/wp-content\/uploads\/2016\/09\/magario.jpg?resize=350%2C200 1x, https:\/\/i0.wp.com\/www.24baires.com\/wp-content\/uploads\/2016\/09\/magario.jpg?resize=525%2C300 1.5x"},"classes":[]}],"jetpack_sharing_enabled":true,"jetpack_likes_enabled":true,"_links":{"self":[{"href":"https:\/\/www.24baires.com\/index.php?rest_route=\/wp\/v2\/posts\/4670","targetHints":{"allow":["GET"]}}],"collection":[{"href":"https:\/\/www.24baires.com\/index.php?rest_route=\/wp\/v2\/posts"}],"about":[{"href":"https:\/\/www.24baires.com\/index.php?rest_route=\/wp\/v2\/types\/post"}],"author":[{"embeddable":true,"href":"https:\/\/www.24baires.com\/index.php?rest_route=\/wp\/v2\/users\/4"}],"replies":[{"embeddable":true,"href":"https:\/\/www.24baires.com\/index.php?rest_route=%2Fwp%2Fv2%2Fcomments&post=4670"}],"version-history":[{"count":2,"href":"https:\/\/www.24baires.com\/index.php?rest_route=\/wp\/v2\/posts\/4670\/revisions"}],"predecessor-version":[{"id":4672,"href":"https:\/\/www.24baires.com\/index.php?rest_route=\/wp\/v2\/posts\/4670\/revisions\/4672"}],"wp:attachment":[{"href":"https:\/\/www.24baires.com\/index.php?rest_route=%2Fwp%2Fv2%2Fmedia&parent=4670"}],"wp:term":[{"taxonomy":"category","embeddable":true,"href":"https:\/\/www.24baires.com\/index.php?rest_route=%2Fwp%2Fv2%2Fcategories&post=4670"},{"taxonomy":"post_tag","embeddable":true,"href":"https:\/\/www.24baires.com\/index.php?rest_route=%2Fwp%2Fv2%2Ftags&post=4670"}],"curies":[{"name":"wp","href":"https:\/\/api.w.org\/{rel}","templated":true}]}}