{"id":4663,"date":"2012-11-07T10:48:12","date_gmt":"2012-11-07T13:48:12","guid":{"rendered":"http:\/\/www.24baires.com\/?p=4663"},"modified":"2012-11-07T10:48:12","modified_gmt":"2012-11-07T13:48:12","slug":"miramar-mas-cerca-de-concluir-la-obra-del-muelle-de-pescadores","status":"publish","type":"post","link":"https:\/\/www.24baires.com\/?p=4663","title":{"rendered":"Miramar, m\u00e1s cerca de concluir la obra del Muelle de Pescadores"},"content":{"rendered":"<p><img data-recalc-dims=\"1\" loading=\"lazy\" decoding=\"async\" class=\"alignleft size-full wp-image-4664\" title=\"\u00e1lvarez hogan\" src=\"https:\/\/i0.wp.com\/www.24baires.com\/wp-content\/uploads\/2012\/11\/%C3%A1lvarez-hogan.jpg?resize=281%2C138\" alt=\"\" width=\"281\" height=\"138\" \/>Patricio Hogan, y Cristina \u00c1lvarez Rodr\u00edguez acordaron acciones para llevar a cabo en el municipio de General Alvarado y luego del encuentro el jefe comunal calific\u00f3 de \u00abpositiva\u00bb la renuni\u00f3n con la ministra de Gobierno.<!--more--><\/p>\n<p>El intendente de General Alvarado, Patricio Hogan, se reuni\u00f3 con la ministra de Gobierno bonaerense, Cristina \u00c1lvarez Rodr\u00edguez y diagramaron acciones para llevar a cabo en el distrito tales como el Muelle de los Pescadores de la ciudad de Miramar, como as\u00ed tambi\u00e9n acciones referentes a la temporada de verano que se aproxima y actividades que el municipio realizar\u00e1 en forma conjunta con el gobierno de Daniel Scioli .<br \/>\n\u201cSiempre es muy positiva toda reuni\u00f3n llevada a cabo con funcionarios provinciales, en especial con la ministra, ya que se pueden plantear temas varios referidos a la gesti\u00f3n que estamos llevando a cabo desde el municipio al cual represento\u201c, se\u00f1al\u00f3 el mandam\u00e1s tras el encuentro.<\/p>\n","protected":false},"excerpt":{"rendered":"<p>Patricio Hogan, y Cristina \u00c1lvarez Rodr\u00edguez acordaron acciones para llevar a cabo en el municipio de General Alvarado y luego del encuentro el jefe comunal calific\u00f3 de \u00abpositiva\u00bb la renuni\u00f3n con la ministra de Gobierno.<\/p>\n","protected":false},"author":4,"featured_media":0,"comment_status":"open","ping_status":"open","sticky":false,"template":"","format":"standard","meta":{"_jetpack_newsletter_access":"","_jetpack_dont_email_post_to_subs":false,"_jetpack_newsletter_tier_id":0,"_jetpack_memberships_contains_paywalled_content":false,"_jetpack_memberships_contains_paid_content":false,"footnotes":""},"categories":[38],"tags":[],"class_list":["post-4663","post","type-post","status-publish","format-standard","hentry","category-locales"],"jetpack_featured_media_url":"","jetpack_shortlink":"https:\/\/wp.me\/p2JWE0-1dd","jetpack-related-posts":[{"id":20781,"url":"https:\/\/www.24baires.com\/?p=20781","url_meta":{"origin":4663,"position":0},"title":"Arl\u00eda se reuni\u00f3 con el Intendente de Miramar para planificar obras","author":"AF","date":"12\/04\/2013","format":false,"excerpt":"El titular de Infraestructura, Alejandro Arl\u00eda, recibi\u00f3 en su despacho al intendente del partido de General Alvarado, Patricio Hogan, con quien mantuvo una reuni\u00f3n de trabajo con eje en las obras que est\u00e1n ejecut\u00e1ndose y aquellas previstas para el municipio. Entre las obras destacadas se encuentra la de Reactivaci\u00f3n del\u2026","rel":"","context":"En \u00abLocales\u00bb","block_context":{"text":"Locales","link":"https:\/\/www.24baires.com\/?cat=38"},"img":{"alt_text":"hogan arl\u00eda","src":"https:\/\/i0.wp.com\/www.24baires.com\/wp-content\/uploads\/2013\/04\/hogan-arl%C3%ADa.png?resize=350%2C200","width":350,"height":200},"classes":[]},{"id":658,"url":"https:\/\/www.24baires.com\/?p=658","url_meta":{"origin":4663,"position":1},"title":"En Miramar, Scioli supervis\u00f3 la obra de puesta en valor del Muelle de Pescadores","author":"Grupo Sierra","date":"28\/09\/2012","format":false,"excerpt":"El gobernador Daniel Scioli asegur\u00f3 hoy que \u201cdesde todos los niveles de responsabilidad se est\u00e1 trabajando intensamente para lograr un mejor servicio al turista\u201d de cara a la temporada 2012\/2013, al supervisar la obra de reconstrucci\u00f3n y puesta en valor del Muelle de Pescadores de la ciudad de Miramar, partido\u2026","rel":"","context":"En \u00abLocales\u00bb","block_context":{"text":"Locales","link":"https:\/\/www.24baires.com\/?cat=38"},"img":{"alt_text":"","src":"https:\/\/i0.wp.com\/www.24baires.com\/wp-content\/uploads\/2012\/09\/scioli-miramar.jpg?resize=350%2C200","width":350,"height":200,"srcset":"https:\/\/i0.wp.com\/www.24baires.com\/wp-content\/uploads\/2012\/09\/scioli-miramar.jpg?resize=350%2C200 1x, https:\/\/i0.wp.com\/www.24baires.com\/wp-content\/uploads\/2012\/09\/scioli-miramar.jpg?resize=525%2C300 1.5x"},"classes":[]},{"id":13117,"url":"https:\/\/www.24baires.com\/?p=13117","url_meta":{"origin":4663,"position":2},"title":"Nuevos m\u00f3dulos de ejercicio para Miramar","author":"AF","date":"22\/01\/2013","format":false,"excerpt":"Inauguraron los nuevos m\u00f3dulos de ejercicios para la Avenida Costanera de Miramar partido de General Alvarado. El intendente de General Alvarado, Patricio Hogan y el secretario de Espacio P\u00fablico de la provincia de Buenos Aires, Eduardo Aparicio; inauguraron los nuevos m\u00f3dulos de ejercicios para la Avenida Costanera de Miramar. \u201cSeguimos\u2026","rel":"","context":"En \u00abLocales\u00bb","block_context":{"text":"Locales","link":"https:\/\/www.24baires.com\/?cat=38"},"img":{"alt_text":"","src":"","width":0,"height":0},"classes":[]},{"id":12433,"url":"https:\/\/www.24baires.com\/?p=12433","url_meta":{"origin":4663,"position":3},"title":"Collia: \u201cNecesitamos que los padres acompa\u00f1en en la prevenci\u00f3n del alcoholismo\u00bb","author":"AF","date":"16\/01\/2013","format":false,"excerpt":"El ministro de Salud de la Provincia de Buenos Aires, Alejandro Collia, encabez\u00f3 en la noche del martes el Congreso para Padres que se llev\u00f3 a cabo en el escenario \u201cBuenos Aires Arena\u201d, en Mar del Plata, con un llamado al di\u00e1logo entre adultos y adolescentes que deje en claro\u2026","rel":"","context":"En \u00abSociedad\u00bb","block_context":{"text":"Sociedad","link":"https:\/\/www.24baires.com\/?cat=1"},"img":{"alt_text":"","src":"","width":0,"height":0},"classes":[]},{"id":52502,"url":"https:\/\/www.24baires.com\/?p=52502","url_meta":{"origin":4663,"position":4},"title":"Intendente de Miramar critic\u00f3 a Scioli por la \u00abfalta de ayuda\u00bb ante las inundaciones","author":"GB","date":"26\/08\/2014","format":false,"excerpt":"El intendente de General Alvarado, Germ\u00e1n Di Cesare, calific\u00f3 hoy de \"catastr\u00f3fica\" la situaci\u00f3n que sufre el partido por el temporal de los \u00faltimos d\u00edas, y critic\u00f3 al gobernador Daniel Scioli y a las autoridades nacionales por no recibir ayuda. Di Cesare reconoci\u00f3 que la situaci\u00f3n super\u00f3 a todos, y\u2026","rel":"","context":"En \u00abLocales\u00bb","block_context":{"text":"Locales","link":"https:\/\/www.24baires.com\/?cat=38"},"img":{"alt_text":"inundacion miramar","src":"https:\/\/i0.wp.com\/www.24baires.com\/wp-content\/uploads\/2014\/08\/inundacion-miramar-300x225.jpg?resize=350%2C200","width":350,"height":200},"classes":[]},{"id":62745,"url":"https:\/\/www.24baires.com\/?p=62745","url_meta":{"origin":4663,"position":5},"title":"Desde Provincia intensifican acciones para reivindicar los derechos de las mujeres","author":"AF","date":"06\/03\/2015","format":false,"excerpt":"A pocos d\u00edas de conmemorarse el D\u00eda Internacional de la Mujer, el Consejo Provincial de las Mujeres de la Provincia, presidido por la ministra de Gobierno, Cristina Alvarez Rodr\u00edguez, anunci\u00f3 encuentros de debate y reflexi\u00f3n que se llevar\u00e1n a cabo durante todo el mes de marzo para reivindicar los derechos\u2026","rel":"","context":"En \u00abProvincia\u00bb","block_context":{"text":"Provincia","link":"https:\/\/www.24baires.com\/?cat=40"},"img":{"alt_text":"alvarez-rodriguez - cristina","src":"https:\/\/i0.wp.com\/www.24baires.com\/wp-content\/uploads\/2012\/10\/alvarez-rodriguez-cristina.jpg?resize=350%2C200","width":350,"height":200,"srcset":"https:\/\/i0.wp.com\/www.24baires.com\/wp-content\/uploads\/2012\/10\/alvarez-rodriguez-cristina.jpg?resize=350%2C200 1x, https:\/\/i0.wp.com\/www.24baires.com\/wp-content\/uploads\/2012\/10\/alvarez-rodriguez-cristina.jpg?resize=525%2C300 1.5x"},"classes":[]}],"jetpack_sharing_enabled":true,"jetpack_likes_enabled":true,"_links":{"self":[{"href":"https:\/\/www.24baires.com\/index.php?rest_route=\/wp\/v2\/posts\/4663","targetHints":{"allow":["GET"]}}],"collection":[{"href":"https:\/\/www.24baires.com\/index.php?rest_route=\/wp\/v2\/posts"}],"about":[{"href":"https:\/\/www.24baires.com\/index.php?rest_route=\/wp\/v2\/types\/post"}],"author":[{"embeddable":true,"href":"https:\/\/www.24baires.com\/index.php?rest_route=\/wp\/v2\/users\/4"}],"replies":[{"embeddable":true,"href":"https:\/\/www.24baires.com\/index.php?rest_route=%2Fwp%2Fv2%2Fcomments&post=4663"}],"version-history":[{"count":1,"href":"https:\/\/www.24baires.com\/index.php?rest_route=\/wp\/v2\/posts\/4663\/revisions"}],"predecessor-version":[{"id":4665,"href":"https:\/\/www.24baires.com\/index.php?rest_route=\/wp\/v2\/posts\/4663\/revisions\/4665"}],"wp:attachment":[{"href":"https:\/\/www.24baires.com\/index.php?rest_route=%2Fwp%2Fv2%2Fmedia&parent=4663"}],"wp:term":[{"taxonomy":"category","embeddable":true,"href":"https:\/\/www.24baires.com\/index.php?rest_route=%2Fwp%2Fv2%2Fcategories&post=4663"},{"taxonomy":"post_tag","embeddable":true,"href":"https:\/\/www.24baires.com\/index.php?rest_route=%2Fwp%2Fv2%2Ftags&post=4663"}],"curies":[{"name":"wp","href":"https:\/\/api.w.org\/{rel}","templated":true}]}}