{"id":4661,"date":"2012-11-07T10:42:37","date_gmt":"2012-11-07T13:42:37","guid":{"rendered":"http:\/\/www.24baires.com\/?p=4661"},"modified":"2012-11-07T10:42:37","modified_gmt":"2012-11-07T13:42:37","slug":"impulsan-igualdad-de-accesibilidad-para-obesos-en-espacios-publicos","status":"publish","type":"post","link":"https:\/\/www.24baires.com\/?p=4661","title":{"rendered":"Impulsan igualdad de accesibilidad para obesos en espacios p\u00fablicos"},"content":{"rendered":"<p>El senador provincial, Emilio L\u00f3pez Muntaner present\u00f3 un proyecto de Ley de igualdad y accesibilidad de hombres, mujeres y ni\u00f1os con obesidad a los espacios p\u00fablicos y privados con atenci\u00f3n al p\u00fablico.<!--more--><\/p>\n<p>El proyecto, tiene como prop\u00f3sito establecer en el \u00e1mbito de la Provincia, la obligatoriedad de contar con asientos para obesos en restaurantes, confiter\u00edas, bares, salas de espect\u00e1culos como cines y teatros y todo organismo o dependencia estatal o privada con atenci\u00f3n al p\u00fablico\u201d, explic\u00f3 en los fundamentos el senador platense L\u00f3pez Muntaner.<\/p>\n<p>En ese sentido, resalt\u00f3 que \u201cel esp\u00edritu del Proyecto de Ley persigue los mismos objetivos de restituci\u00f3n de derechos, de igualdad y accesibilidad que nos marcan tanto la ley Nacional 26.396 de prevenci\u00f3n y control de trastornos alimentarios, mas conocida como Ley de Obesidad, como as\u00ed tambi\u00e9n aquellos derechos establecidos en la Ley contra la Discriminaci\u00f3n\u201d.<\/p>\n<p>Por \u00faltimo, resalt\u00f3 que \u201cesp\u00edritu de inclusi\u00f3n y accesibilidad es el que persigue dicho proyecto, garantizando de esta manera condiciones de igualdad y accesibilidad para hombres, mujeres y ni\u00f1os con obesidad a los espacios p\u00fablicos\u201d.<\/p>\n","protected":false},"excerpt":{"rendered":"<p>El senador provincial, Emilio L\u00f3pez Muntaner present\u00f3 un proyecto de Ley de igualdad y accesibilidad de hombres, mujeres y ni\u00f1os con obesidad a los espacios p\u00fablicos y privados con atenci\u00f3n al p\u00fablico.<\/p>\n","protected":false},"author":4,"featured_media":0,"comment_status":"open","ping_status":"open","sticky":false,"template":"","format":"standard","meta":{"_jetpack_newsletter_access":"","_jetpack_dont_email_post_to_subs":false,"_jetpack_newsletter_tier_id":0,"_jetpack_memberships_contains_paywalled_content":false,"_jetpack_memberships_contains_paid_content":false,"footnotes":""},"categories":[1],"tags":[],"class_list":["post-4661","post","type-post","status-publish","format-standard","hentry","category-sociedad"],"jetpack_featured_media_url":"","jetpack_shortlink":"https:\/\/wp.me\/p2JWE0-1db","jetpack-related-posts":[{"id":50398,"url":"https:\/\/www.24baires.com\/?p=50398","url_meta":{"origin":4661,"position":0},"title":"La Plata: L\u00f3pez Muntaner anunci\u00f3 su candidatura a Intendente","author":"AF","date":"23\/07\/2014","format":false,"excerpt":"El Senador Provincial del Frente Para la Victoria, Emilio L\u00f3pez Muntaner anunci\u00f3 su candidatura para Intendente de la ciudad de La Plata, y en ese sentido expres\u00f3 que \u201cme imagino compitiendo con Pablo Bruera porque es el mejor candidatos que tiene el actual Ejecutivo\u201d. A su vez, destac\u00f3 las distintas\u2026","rel":"","context":"En \u00abLocales\u00bb","block_context":{"text":"Locales","link":"https:\/\/www.24baires.com\/?cat=38"},"img":{"alt_text":"l\u00f3pez muntaner","src":"https:\/\/i0.wp.com\/www.24baires.com\/wp-content\/uploads\/2014\/07\/l%C3%B3pez-muntaner.jpg?resize=350%2C200","width":350,"height":200,"srcset":"https:\/\/i0.wp.com\/www.24baires.com\/wp-content\/uploads\/2014\/07\/l%C3%B3pez-muntaner.jpg?resize=350%2C200 1x, https:\/\/i0.wp.com\/www.24baires.com\/wp-content\/uploads\/2014\/07\/l%C3%B3pez-muntaner.jpg?resize=525%2C300 1.5x"},"classes":[]},{"id":99044,"url":"https:\/\/www.24baires.com\/?p=99044","url_meta":{"origin":4661,"position":1},"title":"Diputada present\u00f3 proyecto para que las obras sociales cubran tratamientos de obesidad","author":"Grupo Sierra","date":"28\/11\/2017","format":false,"excerpt":"La diputada provincial Alejandra Lord\u00e9n present\u00f3 un proyecto de Ley de Obesidad para la provincia de Buenos Aires, con el objetivo de que se la considere una \u201cenfermedad cr\u00f3nica\u201d cuyo abordaje y tratamiento sea cubierto por las obras sociales. La legisladora se\u00f1al\u00f3 que \u201clos problemas alimentarios deben tratarse como una\u2026","rel":"","context":"En \u00abSalud\u00bb","block_context":{"text":"Salud","link":"https:\/\/www.24baires.com\/?cat=76"},"img":{"alt_text":"Resultado de imagen para Alejandra Lord\u00e9n","src":"https:\/\/i0.wp.com\/www.infosaladillo.com.ar\/wp-content\/uploads\/2015\/12\/151206-Alejandra-Lorden.jpg?resize=350%2C200","width":350,"height":200,"srcset":"https:\/\/i0.wp.com\/www.infosaladillo.com.ar\/wp-content\/uploads\/2015\/12\/151206-Alejandra-Lorden.jpg?resize=350%2C200 1x, https:\/\/i0.wp.com\/www.infosaladillo.com.ar\/wp-content\/uploads\/2015\/12\/151206-Alejandra-Lorden.jpg?resize=525%2C300 1.5x"},"classes":[]},{"id":78102,"url":"https:\/\/www.24baires.com\/?p=78102","url_meta":{"origin":4661,"position":2},"title":"Piden que todas las playas de Mar del Plata sean accesibles","author":"GB","date":"25\/01\/2016","format":false,"excerpt":"Existe una iniciativa nacional para que los balnearios del pa\u00eds incorporen rampas para discapacitados. En la ciudad funcionan 18. Mar del Plata sigue sumando el servicio de accesibilidad con rampas para discapacitados y sillas anfibias en sus balnearios y ya son 18 los que funcionan en la ciudad. Existe una\u2026","rel":"","context":"En \u00abLocales\u00bb","block_context":{"text":"Locales","link":"https:\/\/www.24baires.com\/?cat=38"},"img":{"alt_text":"mar del plata playa","src":"https:\/\/i0.wp.com\/www.24baires.com\/wp-content\/uploads\/2015\/01\/mar-del-plata-playa.jpg?resize=350%2C200","width":350,"height":200,"srcset":"https:\/\/i0.wp.com\/www.24baires.com\/wp-content\/uploads\/2015\/01\/mar-del-plata-playa.jpg?resize=350%2C200 1x, https:\/\/i0.wp.com\/www.24baires.com\/wp-content\/uploads\/2015\/01\/mar-del-plata-playa.jpg?resize=525%2C300 1.5x"},"classes":[]},{"id":3195,"url":"https:\/\/www.24baires.com\/?p=3195","url_meta":{"origin":4661,"position":3},"title":"Ley de Talles: comerciantes deber\u00e1n exhibir n\u00fameros de tel\u00e9fono para denuncias","author":"AF","date":"25\/10\/2012","format":false,"excerpt":"El Senado bonaerense aprob\u00f3 este jueves un proyecto de ley por el cual se obliga a todos los comercios de la provincia de Buenos Aires a disponer en su sal\u00f3n principal un cartel que alerte a los usuarios sobre aspectos de la llamada \u201cLey de Talles\u201d donde se lean claramente\u2026","rel":"","context":"En \u00abSociedad\u00bb","block_context":{"text":"Sociedad","link":"https:\/\/www.24baires.com\/?cat=1"},"img":{"alt_text":"","src":"https:\/\/i0.wp.com\/www.24baires.com\/wp-content\/uploads\/2012\/10\/ley-de-talles-150x150.png?resize=350%2C200","width":350,"height":200},"classes":[]},{"id":25690,"url":"https:\/\/www.24baires.com\/?p=25690","url_meta":{"origin":4661,"position":4},"title":"El senador Dichiara impulsa Ley para proteger las playas bonaerenses","author":"AF","date":"12\/06\/2013","format":false,"excerpt":"El senador provincial Alejandro Dichiara impulsa un proyecto de ley para la protecci\u00f3n del sector costero y que, entre otras cosas, plantea la prohibici\u00f3n de la circulaci\u00f3n de veh\u00edculos por las playas. Explic\u00f3 que uno de los ejes de la iniciativa parlamentaria \u201ctiene que ver con la accesibilidad a la\u2026","rel":"","context":"En \u00abProvincia\u00bb","block_context":{"text":"Provincia","link":"https:\/\/www.24baires.com\/?cat=40"},"img":{"alt_text":"ni\u00f1os playa","src":"https:\/\/i0.wp.com\/www.24baires.com\/wp-content\/uploads\/2013\/01\/ni%C3%B1os-playa.jpg?resize=350%2C200","width":350,"height":200},"classes":[]},{"id":118667,"url":"https:\/\/www.24baires.com\/?p=118667","url_meta":{"origin":4661,"position":5},"title":"Etiquetado Frontal: el Gobierno reglament\u00f3 la ley de envases","author":"GB","date":"23\/03\/2022","format":false,"excerpt":"Tras sancionarse la Ley de Etiquetado Frontal, desde el Gobierno comunicaron la reglamentaci\u00f3n de la Promoci\u00f3n de la Alimentaci\u00f3n Saludable. Desde el Gobierno publicaron hoy la reglamentaci\u00f3n de la Ley de Promoci\u00f3n de la Alimentaci\u00f3n Saludable, m\u00e1s conocida como de Etiquetado Frontal, mediante la que las empresas deber\u00e1n advertir a\u2026","rel":"","context":"En \u00abPol\u00edtica\u00bb","block_context":{"text":"Pol\u00edtica","link":"https:\/\/www.24baires.com\/?cat=51"},"img":{"alt_text":"","src":"https:\/\/i0.wp.com\/www.24baires.com\/wp-content\/uploads\/2022\/03\/estiquetado-frontaljpg.jpg?resize=350%2C200","width":350,"height":200},"classes":[]}],"jetpack_sharing_enabled":true,"jetpack_likes_enabled":true,"_links":{"self":[{"href":"https:\/\/www.24baires.com\/index.php?rest_route=\/wp\/v2\/posts\/4661","targetHints":{"allow":["GET"]}}],"collection":[{"href":"https:\/\/www.24baires.com\/index.php?rest_route=\/wp\/v2\/posts"}],"about":[{"href":"https:\/\/www.24baires.com\/index.php?rest_route=\/wp\/v2\/types\/post"}],"author":[{"embeddable":true,"href":"https:\/\/www.24baires.com\/index.php?rest_route=\/wp\/v2\/users\/4"}],"replies":[{"embeddable":true,"href":"https:\/\/www.24baires.com\/index.php?rest_route=%2Fwp%2Fv2%2Fcomments&post=4661"}],"version-history":[{"count":1,"href":"https:\/\/www.24baires.com\/index.php?rest_route=\/wp\/v2\/posts\/4661\/revisions"}],"predecessor-version":[{"id":4662,"href":"https:\/\/www.24baires.com\/index.php?rest_route=\/wp\/v2\/posts\/4661\/revisions\/4662"}],"wp:attachment":[{"href":"https:\/\/www.24baires.com\/index.php?rest_route=%2Fwp%2Fv2%2Fmedia&parent=4661"}],"wp:term":[{"taxonomy":"category","embeddable":true,"href":"https:\/\/www.24baires.com\/index.php?rest_route=%2Fwp%2Fv2%2Fcategories&post=4661"},{"taxonomy":"post_tag","embeddable":true,"href":"https:\/\/www.24baires.com\/index.php?rest_route=%2Fwp%2Fv2%2Ftags&post=4661"}],"curies":[{"name":"wp","href":"https:\/\/api.w.org\/{rel}","templated":true}]}}