{"id":4650,"date":"2012-11-07T10:26:51","date_gmt":"2012-11-07T13:26:51","guid":{"rendered":"http:\/\/www.24baires.com\/?p=4650"},"modified":"2012-11-07T10:26:51","modified_gmt":"2012-11-07T13:26:51","slug":"trabajadores-despedidos-del-grupo-clarin-marcharan-contra-de-la-apropiacion-irregular-de-canal-13","status":"publish","type":"post","link":"https:\/\/www.24baires.com\/?p=4650","title":{"rendered":"Trabajadores despedidos del Grupo Clar\u00edn marchar\u00e1n contra de la \u00abapropiaci\u00f3n irregular\u00bb de Canal 13"},"content":{"rendered":"<p>&nbsp;<\/p>\n<p>Trabajadores despedidos del Grupo Clar\u00edn se movilizar\u00e1n este mi\u00e9rcoles al Congreso para denunciar la \u00abapropiaci\u00f3n irregular de Canal 13\u00bb y reclamar por los \u00abdesfalcos millonarios contra el Estado y los empleados\u00bb del multimedio.<!--more--><\/p>\n<div>\n<p>El ex delegado del personal de Canal 13 (Artear S.A\/Grupo Clar\u00edn) Jos\u00e9 Carbonelli sostuvo que existi\u00f3 una \u00abasociaci\u00f3n il\u00edcita\u00bb entre el Grupo Clar\u00edn y el ex presidente Carlos Menem, que tuvo como fin la \u00abapropiaci\u00f3n irregular de Canal 13 por parte del multimedio y la violaci\u00f3n del pliego licitatorio\u00bb.<\/p>\n<p>&nbsp;<\/p>\n<p>\u00abH\u00e9ctor Magnetto, CEO del Grupo Clar\u00edn, sigue mintiendo e intenta victimarse pero no podr\u00e1 acallar nuestras denuncias sobre el desfalco de 15 millones de d\u00f3lares en perjuicio del Estado y de los trabajadores en la adquisici\u00f3n irregular de la Licencia de Canal 13\u00bb, indic\u00f3 el ex delegado.<\/p>\n<p>&nbsp;<\/p>\n<p>Carbonelli precis\u00f3: \u00abLa licencia fue abonada a un valor irrisorio de 5 millones de d\u00f3lares que provinieron de los 7 millones de d\u00f3lares que Artear S.A nos rob\u00f3 de nuestros salarios a los trabajadores, probado por Resoluciones del Superior Tribunal de Cuentas de la Naci\u00f3n, el Ministerio de Trabajo y por la C\u00e1mara Nacional de Apelaciones del Trabajo\u00bb.<\/p>\n<p>&nbsp;<\/p>\n<p>El perjuicio al Estado tambi\u00e9n aparece -seg\u00fan denuncian en un comunicado de prensa los trabajadores cesanteados- en la condonaci\u00f3n millonaria de 310 millones de d\u00f3lares que el ex presidente Menem le otorg\u00f3 al Grupo Clar\u00edn, por \u00abincumplimiento de deudas, por no pago de grav\u00e1menes y multas. Con ese dinero ahorrado se apropiaron de m\u00e1s de 300 licencias de televisi\u00f3n\u00bb.<\/p>\n<p>&nbsp;<\/p>\n<p>\u00abEse robo fue comprobado por la Sindicatura General de la Naci\u00f3n ante el ex COMFER\u00bb, se\u00f1al\u00f3 el dirigente gremial, al tiempo que exigi\u00f3 que el Grupo Clar\u00edn salde los \u00abdesfalcos millonarios contra el Estado y los trabajadores, a quienes deber\u00e1n cumplimentar el pago de los 7 millones de d\u00f3lares adeudados\u00bb.<\/p>\n<p>&nbsp;<\/p>\n<p>Y concluy\u00f3: \u00abM\u00e1s los 120 millones de d\u00f3lares que debieron ser pagados a los trabajadores, por el 10% de las acciones por propiedad participada como fuera concedido a los empleados de todos las empresas estatales que fueron privatizadas\u00bb.<\/p>\n<\/div>\n","protected":false},"excerpt":{"rendered":"<p>&nbsp; Trabajadores despedidos del Grupo Clar\u00edn se movilizar\u00e1n este mi\u00e9rcoles al Congreso para denunciar la \u00abapropiaci\u00f3n irregular de Canal 13\u00bb y reclamar por los \u00abdesfalcos millonarios contra el Estado y los empleados\u00bb del multimedio.<\/p>\n","protected":false},"author":4,"featured_media":0,"comment_status":"open","ping_status":"open","sticky":false,"template":"","format":"standard","meta":{"_jetpack_newsletter_access":"","_jetpack_dont_email_post_to_subs":false,"_jetpack_newsletter_tier_id":0,"_jetpack_memberships_contains_paywalled_content":false,"_jetpack_memberships_contains_paid_content":false,"footnotes":""},"categories":[1],"tags":[],"class_list":["post-4650","post","type-post","status-publish","format-standard","hentry","category-sociedad"],"jetpack_featured_media_url":"","jetpack_shortlink":"https:\/\/wp.me\/p2JWE0-1d0","jetpack-related-posts":[{"id":46639,"url":"https:\/\/www.24baires.com\/?p=46639","url_meta":{"origin":4650,"position":0},"title":"Solicitan la declaraci\u00f3n de Magnetto y Menem por apropiaci\u00f3n irregular de Canal 13","author":"AF","date":"24\/05\/2014","format":false,"excerpt":"Lo hizo ante la Justicia un ex delegado sindical del canal que denunci\u00f3 a los due\u00f1os del Grupon Clar\u00edn por \u201casociaci\u00f3n il\u00edcita y encubrimiento de terrorismo de Estado\u201d, y al ex presidente de la naci\u00f3n por \u201capropiaci\u00f3n irregular\" de la se\u00f1al de TV por parte del multimedio y la violaci\u00f3n\u2026","rel":"","context":"En \u00abMedios\u00bb","block_context":{"text":"Medios","link":"https:\/\/www.24baires.com\/?cat=54"},"img":{"alt_text":"menem magnetto","src":"https:\/\/i0.wp.com\/www.24baires.com\/wp-content\/uploads\/2014\/05\/menem-magnetto.jpg?resize=350%2C200","width":350,"height":200,"srcset":"https:\/\/i0.wp.com\/www.24baires.com\/wp-content\/uploads\/2014\/05\/menem-magnetto.jpg?resize=350%2C200 1x, https:\/\/i0.wp.com\/www.24baires.com\/wp-content\/uploads\/2014\/05\/menem-magnetto.jpg?resize=525%2C300 1.5x"},"classes":[]},{"id":11240,"url":"https:\/\/www.24baires.com\/?p=11240","url_meta":{"origin":4650,"position":1},"title":"Avanza la causa penal contra Magnetto y otros por \u00abla apropiaci\u00f3n irregular de Canal 13\u00bb","author":"Grupo Sierra","date":"04\/01\/2013","format":false,"excerpt":"El ex delegado del personal de Canal 13, Jos\u00e9 Carbonelli, denunci\u00f3 penalmente \u201cpor asociaci\u00f3n il\u00edcita y por encubrimiento al delito por terrorismo de Estado\u201d a los due\u00f1os del Grupo Clar\u00edn, H\u00e9ctor Magnetto, Lucio Pagliaro, Ernestina Herrera de Noble, adem\u00e1s de los funcionarios Alberto Fern\u00e1ndez, Julio B\u00e1rbaro\u00a0y al ex Presidente Carlos\u2026","rel":"","context":"En \u00abMedios\u00bb","block_context":{"text":"Medios","link":"https:\/\/www.24baires.com\/?cat=54"},"img":{"alt_text":"","src":"","width":0,"height":0},"classes":[]},{"id":38822,"url":"https:\/\/www.24baires.com\/?p=38822","url_meta":{"origin":4650,"position":2},"title":"Menem les condon\u00f3 u$s 310 millones de deuda y Clar\u00edn habla de canales estatales deficitarios","author":"Grupo Sierra","date":"19\/01\/2014","format":false,"excerpt":"El ex delegado gremial de Artear Jos\u00e9 Carbonelli acus\u00f3 al CEO de Clar\u00edn, H\u00e9ctor Magnetto, de \"inmoral\" porque argument\u00f3 que \"mientras (el expresidente Carlos) Menem les condon\u00f3 310 millones de d\u00f3lares por deudas impagas al Estado, hoy Clar\u00edn publica que canales estatales generaron deudas millonarias al Estado\u201d. \"Luego de beneficiarse\u2026","rel":"","context":"En \u00abMedios\u00bb","block_context":{"text":"Medios","link":"https:\/\/www.24baires.com\/?cat=54"},"img":{"alt_text":"","src":"","width":0,"height":0},"classes":[]},{"id":61661,"url":"https:\/\/www.24baires.com\/?p=61661","url_meta":{"origin":4650,"position":3},"title":"Presentan al juez pruebas que \u00abconfirman la apropiaci\u00f3n irregular de Canal 13 por el Grupo Clar\u00edn\u00bb","author":"GB","date":"12\/02\/2015","format":false,"excerpt":"El ex delegado gremial Jos\u00e9 Carbonelli present\u00f3 esta semana ante Sergio Torres pruebas que, asever\u00f3, \u201cconfirman contundentemente que el Grupo Clar\u00edn se apropi\u00f3 irregularmente\u201d de la emisora. \u201cSe prob\u00f3 que entre el ex presidente Carlos Menem y el grupo monop\u00f3lico representado por H\u00e9ctor Magnetto celebraron un contrato nulo, de nulidad\u2026","rel":"","context":"En \u00abMedios\u00bb","block_context":{"text":"Medios","link":"https:\/\/www.24baires.com\/?cat=54"},"img":{"alt_text":"clar\u00edn","src":"https:\/\/i0.wp.com\/www.24baires.com\/wp-content\/uploads\/2014\/10\/clar%C3%ADn.jpg?resize=350%2C200","width":350,"height":200,"srcset":"https:\/\/i0.wp.com\/www.24baires.com\/wp-content\/uploads\/2014\/10\/clar%C3%ADn.jpg?resize=350%2C200 1x, https:\/\/i0.wp.com\/www.24baires.com\/wp-content\/uploads\/2014\/10\/clar%C3%ADn.jpg?resize=525%2C300 1.5x"},"classes":[]},{"id":63007,"url":"https:\/\/www.24baires.com\/?p=63007","url_meta":{"origin":4650,"position":4},"title":"\u00abNunca olvidar\u00e9 la cara de Magnetto, me daba m\u00e1s miedo que quienes me custodiaban\u00bb","author":"GB","date":"11\/03\/2015","format":false,"excerpt":"Lo dijo Lidia Papalei, la viuda del banquero David Graiver, quien expres\u00f3 su satisfacci\u00f3n por el llamado a indagatoria de H\u00e9ctor Magnetto y Ernestina Herrera de Noble, entre otros, en el marco de la causa en la que se investiga la apropiaci\u00f3n irregular, durante la \u00faltima dictadura, de la empresa\u2026","rel":"","context":"En \u00abMemoria\u00bb","block_context":{"text":"Memoria","link":"https:\/\/www.24baires.com\/?cat=50"},"img":{"alt_text":"","src":"","width":0,"height":0},"classes":[]},{"id":34607,"url":"https:\/\/www.24baires.com\/?p=34607","url_meta":{"origin":4650,"position":5},"title":"Clar\u00edn present\u00f3 su plan de adecuaci\u00f3n a la Ley de Medios","author":"AF","date":"04\/11\/2013","format":false,"excerpt":"As\u00ed lo anticip\u00f3 el gerente de Comunicaciones Externas del grupo Clar\u00edn, Mart\u00edn Etchevers, quien anunci\u00f3 que la empresa present\u00f3 un plan de adecuaci\u00f3n voluntaria a la ley de medios \"ante la AFSCA y en la Justicia\". La Autoridad Federal de Servicios de Comunicaci\u00f3n (AFSCA) recibi\u00f3 esta ma\u00f1ana un plan de\u2026","rel":"","context":"En \u00abMedios\u00bb","block_context":{"text":"Medios","link":"https:\/\/www.24baires.com\/?cat=54"},"img":{"alt_text":"grupo clarin","src":"https:\/\/i0.wp.com\/www.24baires.com\/wp-content\/uploads\/2013\/04\/grupo-clarin.jpg?resize=350%2C200","width":350,"height":200,"srcset":"https:\/\/i0.wp.com\/www.24baires.com\/wp-content\/uploads\/2013\/04\/grupo-clarin.jpg?resize=350%2C200 1x, https:\/\/i0.wp.com\/www.24baires.com\/wp-content\/uploads\/2013\/04\/grupo-clarin.jpg?resize=525%2C300 1.5x"},"classes":[]}],"jetpack_sharing_enabled":true,"jetpack_likes_enabled":true,"_links":{"self":[{"href":"https:\/\/www.24baires.com\/index.php?rest_route=\/wp\/v2\/posts\/4650","targetHints":{"allow":["GET"]}}],"collection":[{"href":"https:\/\/www.24baires.com\/index.php?rest_route=\/wp\/v2\/posts"}],"about":[{"href":"https:\/\/www.24baires.com\/index.php?rest_route=\/wp\/v2\/types\/post"}],"author":[{"embeddable":true,"href":"https:\/\/www.24baires.com\/index.php?rest_route=\/wp\/v2\/users\/4"}],"replies":[{"embeddable":true,"href":"https:\/\/www.24baires.com\/index.php?rest_route=%2Fwp%2Fv2%2Fcomments&post=4650"}],"version-history":[{"count":1,"href":"https:\/\/www.24baires.com\/index.php?rest_route=\/wp\/v2\/posts\/4650\/revisions"}],"predecessor-version":[{"id":4656,"href":"https:\/\/www.24baires.com\/index.php?rest_route=\/wp\/v2\/posts\/4650\/revisions\/4656"}],"wp:attachment":[{"href":"https:\/\/www.24baires.com\/index.php?rest_route=%2Fwp%2Fv2%2Fmedia&parent=4650"}],"wp:term":[{"taxonomy":"category","embeddable":true,"href":"https:\/\/www.24baires.com\/index.php?rest_route=%2Fwp%2Fv2%2Fcategories&post=4650"},{"taxonomy":"post_tag","embeddable":true,"href":"https:\/\/www.24baires.com\/index.php?rest_route=%2Fwp%2Fv2%2Ftags&post=4650"}],"curies":[{"name":"wp","href":"https:\/\/api.w.org\/{rel}","templated":true}]}}