{"id":4637,"date":"2012-11-06T20:15:07","date_gmt":"2012-11-06T23:15:07","guid":{"rendered":"http:\/\/www.24baires.com\/?p=4637"},"modified":"2012-11-06T20:15:07","modified_gmt":"2012-11-06T23:15:07","slug":"nuevo-paro-por-48-horas-de-estatales-la-semana-proxima","status":"publish","type":"post","link":"https:\/\/www.24baires.com\/?p=4637","title":{"rendered":"Nuevo paro por 48 horas de estatales la semana pr\u00f3xima"},"content":{"rendered":"<p><img data-recalc-dims=\"1\" loading=\"lazy\" decoding=\"async\" class=\"alignleft size-medium wp-image-4638\" title=\"isasi\" src=\"https:\/\/i0.wp.com\/www.24baires.com\/wp-content\/uploads\/2012\/11\/isasi.jpg?resize=300%2C199\" alt=\"\" width=\"300\" height=\"199\" srcset=\"https:\/\/i0.wp.com\/www.24baires.com\/wp-content\/uploads\/2012\/11\/isasi.jpg?resize=300%2C199&amp;ssl=1 300w, https:\/\/i0.wp.com\/www.24baires.com\/wp-content\/uploads\/2012\/11\/isasi.jpg?w=560&amp;ssl=1 560w\" sizes=\"auto, (max-width: 300px) 100vw, 300px\" \/>La medida de fuerza se realizar\u00e1 el martes 13 y el mi\u00e9rcoles 14 de noviembre con movilizaci\u00f3n a la sede platense de la Direcci\u00f3n General de Cultura y Educaci\u00f3n el primer d\u00eda. Reclamar\u00e1n apertura de paritarias, pases a planta, entre otras demandas.<!--more--><\/p>\n<p>A una semana del paro de 48 horas que llev\u00f3 adelante la CTA opositora y ATE Provincia en contra del Presupuesto y la Ley Impositiva, sancionados en la Legislatura, los estatales dispusieron una nueva medida de fuerza \u201ccontra el ajuste del gobernador Daniel Scioli\u201d.<\/p>\n<p>El Consejo Directivo Provincial de la Asociaci\u00f3n Trabajadores del Estado (ATE) resolvi\u00f3 esta tarde convocar a un paro para el martes 13 y mi\u00e9rcoles 14 de noviembre, con movilizaci\u00f3n a la sede platense de la Direcci\u00f3n General de Cultura y Educaci\u00f3n en la primera de las jornadas.<\/p>\n<p>La medida es \u201cparte del plan de lucha que se viene llevando a cabo, en reclamo de la apertura de paritarias para discutir salarios dignos, el pase a planta permanente de los trabajadores temporarios, el blanqueo de las cifras en negro y el fin de los topes en las asignaciones familiares\u201d, explicaron desde el gremio.<\/p>\n<p>En cuanto a las demandas espec\u00edficas a la cartera educativa bonaerense, ATE Provincia precis\u00f3 que reclaman \u201cla continuidad laboral de los auxiliares temporarios y suplentes, la regularizaci\u00f3n en el cobro de sueldos de los auxiliares reemplazantes, la continuidad en el servicio de los comedores escolares en el verano, la cobertura de cargos uno a uno (por cada baja) y la estatizaci\u00f3n de las prestatarias de salud\u201d.<\/p>\n<p>\u201cProfundizaremos de cara a fin de a\u00f1o nuestra lucha contra el ajuste del gobernador Scioli y seguiremos hasta conseguir la estabilidad de los trabajadores precarizados y las mejoras en las condiciones laborales que se merecen\u201d, dijo en un comunicado el titular del sindicato a nivel provincial, Oscar de Isasi.<\/p>\n","protected":false},"excerpt":{"rendered":"<p>La medida de fuerza se realizar\u00e1 el martes 13 y el mi\u00e9rcoles 14 de noviembre con movilizaci\u00f3n a la sede platense de la Direcci\u00f3n General de Cultura y Educaci\u00f3n el primer d\u00eda. Reclamar\u00e1n apertura de paritarias, pases a planta, entre otras demandas.<\/p>\n","protected":false},"author":4,"featured_media":0,"comment_status":"open","ping_status":"open","sticky":false,"template":"","format":"standard","meta":{"_jetpack_newsletter_access":"","_jetpack_dont_email_post_to_subs":false,"_jetpack_newsletter_tier_id":0,"_jetpack_memberships_contains_paywalled_content":false,"_jetpack_memberships_contains_paid_content":false,"footnotes":""},"categories":[1],"tags":[],"class_list":["post-4637","post","type-post","status-publish","format-standard","hentry","category-sociedad"],"jetpack_featured_media_url":"","jetpack_shortlink":"https:\/\/wp.me\/p2JWE0-1cN","jetpack-related-posts":[{"id":31946,"url":"https:\/\/www.24baires.com\/?p=31946","url_meta":{"origin":4637,"position":0},"title":"ATE retomar\u00e1 los paros martes y mi\u00e9rcoles","author":"AF","date":"16\/09\/2013","format":false,"excerpt":"Los empleados nucleados en la Asociaci\u00f3n de Trabajadores del Estado (ATE) volver\u00e1n a parar en provincia este mi\u00e9rcoles y jueves para reclamar la reapertura de la discusi\u00f3n salarial y la designaci\u00f3n de nuevos cargos p\u00fablicos. Tras realizar una serie de protestas el martes y mi\u00e9rcoles pasado, ATE Provincia endurecer\u00e1 su\u2026","rel":"","context":"En \u00abSociedad\u00bb","block_context":{"text":"Sociedad","link":"https:\/\/www.24baires.com\/?cat=1"},"img":{"alt_text":"","src":"","width":0,"height":0},"classes":[]},{"id":42476,"url":"https:\/\/www.24baires.com\/?p=42476","url_meta":{"origin":4637,"position":1},"title":"ARBA y ATE ratificaron el paro por 48 horas","author":"Grupo Sierra","date":"20\/03\/2014","format":false,"excerpt":"Rechazaron la oferta salarial propuesta por el Gobierno provincial y confirmaron la medida de fuerza, con una movilizaci\u00f3n a la Plata. Los gremios de empleados estatales bonaerenses rechazaron este martes la oferta salarial propuesta por el Gobierno provincial y ratificaron el paro de 48 horas a partir de este mi\u00e9rcoles,\u2026","rel":"","context":"En \u00abProvincia\u00bb","block_context":{"text":"Provincia","link":"https:\/\/www.24baires.com\/?cat=40"},"img":{"alt_text":"ate fiscal\u00eda","src":"https:\/\/i0.wp.com\/www.24baires.com\/wp-content\/uploads\/2013\/05\/ate-fiscal%C3%ADa-300x225.jpg?resize=350%2C200","width":350,"height":200},"classes":[]},{"id":65749,"url":"https:\/\/www.24baires.com\/?p=65749","url_meta":{"origin":4637,"position":2},"title":"ATE confirm\u00f3 paro y movilizaci\u00f3n para este mi\u00e9rcoles","author":"AF","date":"11\/05\/2015","format":false,"excerpt":"El Consejo Provincial de ATE defini\u00f3 un paro con acciones regionales en todo el territorio y tendr\u00e1 como epicentro una concentraci\u00f3n en la Direcci\u00f3n General de Escuelas. \"La medida se realiza en reclamo a la reapertura de paritarias para discutir un nuevo aumento salarial, para el aumentode las bonificaciones, el\u2026","rel":"","context":"En \u00abSociedad\u00bb","block_context":{"text":"Sociedad","link":"https:\/\/www.24baires.com\/?cat=1"},"img":{"alt_text":"movilizaci\u00f3n de ATE","src":"https:\/\/i0.wp.com\/www.24baires.com\/wp-content\/uploads\/2012\/09\/movilizaci%C3%B3n-de-ATE.jpg?resize=350%2C200","width":350,"height":200,"srcset":"https:\/\/i0.wp.com\/www.24baires.com\/wp-content\/uploads\/2012\/09\/movilizaci%C3%B3n-de-ATE.jpg?resize=350%2C200 1x, https:\/\/i0.wp.com\/www.24baires.com\/wp-content\/uploads\/2012\/09\/movilizaci%C3%B3n-de-ATE.jpg?resize=525%2C300 1.5x"},"classes":[]},{"id":80691,"url":"https:\/\/www.24baires.com\/?p=80691","url_meta":{"origin":4637,"position":3},"title":"Un nuevo paro de estatales complica las clases en los colegios bonaerenses","author":"AF","date":"29\/03\/2016","format":false,"excerpt":"Varias escuelas bonaerenses ser\u00e1n afectadas este martes y mi\u00e9rcoles debido a un nuevo paro de auxiliares de educaci\u00f3n y docentes disidentes, en el marco de una huelga de 48 horas convocada por la CTA Aut\u00f3noma que tambi\u00e9n resentir\u00e1 la atenci\u00f3n en oficinas p\u00fablicas, tribunales y hospitales de la provincia. Las\u2026","rel":"","context":"En \u00abSociedad\u00bb","block_context":{"text":"Sociedad","link":"https:\/\/www.24baires.com\/?cat=1"},"img":{"alt_text":"","src":"","width":0,"height":0},"classes":[]},{"id":121193,"url":"https:\/\/www.24baires.com\/?p=121193","url_meta":{"origin":4637,"position":4},"title":"ATE anunci\u00f3 un nuevo paro nacional con movilizaci\u00f3n para este viernes","author":"GB","date":"04\/04\/2024","format":false,"excerpt":"La Asociaci\u00f3n de Trabajadores del Estado (ATE) anunci\u00f3 un paro nacional para este viernes 5 de abril, en contra de la ola de despidos de Javier Milei. En un dif\u00edcil contexto para los trabajadores estatales, que sufren una ola de despidos por parte del Gobierno de Javier Milei, la Asociaci\u00f3n\u2026","rel":"","context":"En \u00abPol\u00edtica\u00bb","block_context":{"text":"Pol\u00edtica","link":"https:\/\/www.24baires.com\/?cat=51"},"img":{"alt_text":"","src":"https:\/\/i0.wp.com\/www.24baires.com\/wp-content\/uploads\/2024\/04\/ate-paro.webp?resize=350%2C200","width":350,"height":200,"srcset":"https:\/\/i0.wp.com\/www.24baires.com\/wp-content\/uploads\/2024\/04\/ate-paro.webp?resize=350%2C200 1x, https:\/\/i0.wp.com\/www.24baires.com\/wp-content\/uploads\/2024\/04\/ate-paro.webp?resize=525%2C300 1.5x, https:\/\/i0.wp.com\/www.24baires.com\/wp-content\/uploads\/2024\/04\/ate-paro.webp?resize=700%2C400 2x"},"classes":[]},{"id":3732,"url":"https:\/\/www.24baires.com\/?p=3732","url_meta":{"origin":4637,"position":5},"title":"Estatales bonaerenses vuelven a parar \u00abpara repudiar el ajuste de Scioli\u00bb","author":"AF","date":"29\/10\/2012","format":false,"excerpt":"La CTA bonaerense, alineada a nivel nacional con Pablo Micheli, realizar\u00e1 un paro el mi\u00e9rcoles y jueves pr\u00f3ximos y una movilizaci\u00f3n a la Legislatura en repudio del proyecto de Presupuesto 2013 y la Ley Fiscal enviados por el Ejecutivo. Parar\u00e1n los trabajadores de la administraci\u00f3n central, de la Direcci\u00f3n General\u2026","rel":"","context":"En \u00abSociedad\u00bb","block_context":{"text":"Sociedad","link":"https:\/\/www.24baires.com\/?cat=1"},"img":{"alt_text":"","src":"https:\/\/i0.wp.com\/www.24baires.com\/wp-content\/uploads\/2012\/10\/de-isasi-300x198.png?resize=350%2C200","width":350,"height":200},"classes":[]}],"jetpack_sharing_enabled":true,"jetpack_likes_enabled":true,"_links":{"self":[{"href":"https:\/\/www.24baires.com\/index.php?rest_route=\/wp\/v2\/posts\/4637","targetHints":{"allow":["GET"]}}],"collection":[{"href":"https:\/\/www.24baires.com\/index.php?rest_route=\/wp\/v2\/posts"}],"about":[{"href":"https:\/\/www.24baires.com\/index.php?rest_route=\/wp\/v2\/types\/post"}],"author":[{"embeddable":true,"href":"https:\/\/www.24baires.com\/index.php?rest_route=\/wp\/v2\/users\/4"}],"replies":[{"embeddable":true,"href":"https:\/\/www.24baires.com\/index.php?rest_route=%2Fwp%2Fv2%2Fcomments&post=4637"}],"version-history":[{"count":1,"href":"https:\/\/www.24baires.com\/index.php?rest_route=\/wp\/v2\/posts\/4637\/revisions"}],"predecessor-version":[{"id":4639,"href":"https:\/\/www.24baires.com\/index.php?rest_route=\/wp\/v2\/posts\/4637\/revisions\/4639"}],"wp:attachment":[{"href":"https:\/\/www.24baires.com\/index.php?rest_route=%2Fwp%2Fv2%2Fmedia&parent=4637"}],"wp:term":[{"taxonomy":"category","embeddable":true,"href":"https:\/\/www.24baires.com\/index.php?rest_route=%2Fwp%2Fv2%2Fcategories&post=4637"},{"taxonomy":"post_tag","embeddable":true,"href":"https:\/\/www.24baires.com\/index.php?rest_route=%2Fwp%2Fv2%2Ftags&post=4637"}],"curies":[{"name":"wp","href":"https:\/\/api.w.org\/{rel}","templated":true}]}}