{"id":4634,"date":"2012-11-06T20:11:25","date_gmt":"2012-11-06T23:11:25","guid":{"rendered":"http:\/\/www.24baires.com\/?p=4634"},"modified":"2012-11-06T20:12:15","modified_gmt":"2012-11-06T23:12:15","slug":"continuan-las-amenazas-y-las-persecuciones-contra-el-trabajador-de-la-cpm-torturado-en-berisso","status":"publish","type":"post","link":"https:\/\/www.24baires.com\/?p=4634","title":{"rendered":"Contin\u00faan las amenazas y las persecuciones contra el trabajador de la CPM torturado en Berisso"},"content":{"rendered":"<p>La Comisi\u00f3n Provincial por la Memoria pidi\u00f3 \u201cel cese inmediato del hostigamiento\u201d y la separaci\u00f3n de los polic\u00edas implicados. \u201cEstos hechos requieren de una decisi\u00f3n pol\u00edtica clara y urgente\u201d por parte del gobierno de Daniel Scioli, dijeron desde el organismo de derechos humanos.<!--more--><\/p>\n<p>Mario Ver\u00f3n, el empleado de la Comisi\u00f3n Provincial por la Memoria (CPM) que hab\u00eda denunciado torturas, amenazas y privaci\u00f3n ilegal de la libertad por parte de polic\u00edas de la Comisar\u00eda Primera de Berisso, volvi\u00f3 a ser v\u00edctima de la violencia institucional de la Bonaerense.<\/p>\n<p>Seg\u00fan inform\u00f3, luego de los hechos del 21 de octubre \u00faltimo, sufri\u00f3 dos nuevos episodios graves que involucran a uniformados de la zona.<\/p>\n<p>El 5 de noviembre a la madrugada, a 15 metros de su vivienda de Ensenada, cuatro patrulleros interceptaron a Ver\u00f3n de manera sorpresiva y con las luces apagadas, cuando se trasladaba en un remise.<\/p>\n<p>\u201cLos agentes se bajaron, le pidieron los documentos mientras se re\u00edan, le preguntaron donde viv\u00eda y luego lo dejaron ir sin darle ninguna explicaci\u00f3n sobre los motivos de su detenci\u00f3n\u201d, contaron desde la CPM.<\/p>\n<p>El organismo indic\u00f3 que no fue el \u00fanico acto de hostigamiento que sufri\u00f3 Ver\u00f3n. La noche anterior, cuando viajaba con su familia en el auto de su padre por la ciudad de Berisso, un patrullero efectu\u00f3 una maniobra intencional contra el veh\u00edculo y luego se alej\u00f3 r\u00e1pidamente del lugar sin detenerse.<\/p>\n<p>\u201cLa participaci\u00f3n de varios agentes de distintas comisar\u00edas en los nuevos hechos muestra una clara reacci\u00f3n corporativa de la polic\u00eda tendiente a intimidar a la v\u00edctima por la denuncia que hiciera previamente\u201d, se\u00f1al\u00f3 la CPM.<\/p>\n<p>El 21 de octubre pasado Ver\u00f3n hab\u00eda sido detenido en un ret\u00e9n callejero por polic\u00edas de la Comisar\u00eda Primera de Berisso, que lo golpearon brutalmente en el piso. Luego fue llevado a la seccional por averiguaci\u00f3n de identidad y, tras permanecer algunas horas demorado, recuper\u00f3 su libertad.<\/p>\n<p>Luego de los hechos, los abogados de la CPM presentaron una denuncia ante la Justicia y la Comisi\u00f3n Interministerial de Prevenci\u00f3n de la tortura, creada por el Ejecutivo provincial.<\/p>\n<p>Hasta el momento, la Provincia pas\u00f3 a disponibilidad a dos efectivos que hab\u00edan participado del operativo, pero a\u00fan est\u00e1n en funciones quienes golpearon a Ver\u00f3n.<\/p>\n<p>Tras los nuevos episodios que involucran a efectivos de la Bonaerense, la CPM reclam\u00f3 \u201cel cese inmediato del hostigamiento\u201d y \u201cla cesant\u00eda de los polic\u00edas implicados en la denuncia de torturas presentadas en octubre pasado\u201d.<\/p>\n<p>\u201cEstos hechos requieren de una decisi\u00f3n pol\u00edtica clara y urgente de parte de la Auditor\u00eda de Asuntos Internos del Ministerio de Justicia y Seguridad y de la Justicia provincial para investigar los hechos y sancionar a sus responsables\u201d, manifest\u00f3 el organismo.<\/p>\n","protected":false},"excerpt":{"rendered":"<p>La Comisi\u00f3n Provincial por la Memoria pidi\u00f3 \u201cel cese inmediato del hostigamiento\u201d y la separaci\u00f3n de los polic\u00edas implicados. \u201cEstos hechos requieren de una decisi\u00f3n pol\u00edtica clara y urgente\u201d por parte del gobierno de Daniel Scioli, dijeron desde el organismo de derechos humanos.<\/p>\n","protected":false},"author":4,"featured_media":0,"comment_status":"open","ping_status":"open","sticky":false,"template":"","format":"standard","meta":{"_jetpack_newsletter_access":"","_jetpack_dont_email_post_to_subs":false,"_jetpack_newsletter_tier_id":0,"_jetpack_memberships_contains_paywalled_content":false,"_jetpack_memberships_contains_paid_content":false,"footnotes":""},"categories":[50],"tags":[],"class_list":["post-4634","post","type-post","status-publish","format-standard","hentry","category-memoria"],"jetpack_featured_media_url":"","jetpack_shortlink":"https:\/\/wp.me\/p2JWE0-1cK","jetpack-related-posts":[{"id":3100,"url":"https:\/\/www.24baires.com\/?p=3100","url_meta":{"origin":4634,"position":0},"title":"Ins\u00f3lito: el hombre torturado en Comisar\u00eda de Berisso es miembro de la CPM","author":"AF","date":"24\/10\/2012","format":false,"excerpt":"Mario Ver\u00f3n, miembro de la Comisi\u00f3n Provincial por la Memoria (CPM), fue detenido el s\u00e1bado a la madrugada y torturado por efectivos de la Comisar\u00eda 1\u00aa de Berisso. La CPM present\u00f3 por un lado una denuncia penal por torturas y por otro una presentaci\u00f3n a la secretaria de Derechos Humanos\u2026","rel":"","context":"En \u00abPoliciales\u00bb","block_context":{"text":"Policiales","link":"https:\/\/www.24baires.com\/?cat=49"},"img":{"alt_text":"","src":"","width":0,"height":0},"classes":[]},{"id":104491,"url":"https:\/\/www.24baires.com\/?p=104491","url_meta":{"origin":4634,"position":1},"title":"Mar del Plata: polic\u00eda tortur\u00f3 a un ni\u00f1o discapacitado","author":"AF","date":"15\/09\/2018","format":false,"excerpt":"La Comisi\u00f3n por la Memoria repudi\u00f3 el hecho: un oficial de polic\u00eda golpe\u00f3 y ahorc\u00f3 a Mat\u00edas, de 9 a\u00f1os. El chico estaba jugando con su hermano y un arma de juguete. La Comisi\u00f3n por la Memoria (CPM) repudi\u00f3 el violento ataque sufrido el jueves por Mat\u00edas (un ni\u00f1o de\u2026","rel":"","context":"En \u00abSociedad\u00bb","block_context":{"text":"Sociedad","link":"https:\/\/www.24baires.com\/?cat=1"},"img":{"alt_text":"","src":"https:\/\/i0.wp.com\/www.24baires.com\/wp-content\/uploads\/2018\/09\/patrullero.jpg?resize=350%2C200","width":350,"height":200,"srcset":"https:\/\/i0.wp.com\/www.24baires.com\/wp-content\/uploads\/2018\/09\/patrullero.jpg?resize=350%2C200 1x, https:\/\/i0.wp.com\/www.24baires.com\/wp-content\/uploads\/2018\/09\/patrullero.jpg?resize=525%2C300 1.5x"},"classes":[]},{"id":112998,"url":"https:\/\/www.24baires.com\/?p=112998","url_meta":{"origin":4634,"position":2},"title":"Comisi\u00f3n Provincial por la Memoria, nombrada como mecanismo de prevenci\u00f3n contra la tortura","author":"GB","date":"14\/11\/2019","format":false,"excerpt":"El Consejo Federal de Prevenci\u00f3n de la Tortura destac\u00f3 a la Comisi\u00f3n Provincial por la Memoria (CPM) por el trabajo sostenido que realiza en el control y monitoreo de lugares de encierro y pol\u00edticas de seguridad. El organismo lucha contra la tortura en las c\u00e1rceles denunciando las graves violaciones de\u2026","rel":"","context":"En \u00abProvincia\u00bb","block_context":{"text":"Provincia","link":"https:\/\/www.24baires.com\/?cat=40"},"img":{"alt_text":"","src":"https:\/\/i0.wp.com\/www.24baires.com\/wp-content\/uploads\/2019\/11\/comision-provincial-por-la-tortura.png?resize=350%2C200","width":350,"height":200},"classes":[]},{"id":102938,"url":"https:\/\/www.24baires.com\/?p=102938","url_meta":{"origin":4634,"position":3},"title":"Grave: denuncian que polic\u00edas torturaron y realizaron un simulacro de fusilamiento a pescadores","author":"GB","date":"22\/06\/2018","format":false,"excerpt":"SAN CAYETANO-Un escrito firmado por la Comisi\u00f3n Provincial por la Memoria y dirigido al Concejo Deliberante local expone la denuncia por tortura con picana de tres pescadores furtivos. Las v\u00edctimas, oriundas de Pehuaj\u00f3, relataron que los polic\u00edas les dijeron \u201cte voy a matar, a tu se\u00f1ora, voy a matar a\u2026","rel":"","context":"En \u00abSociedad\u00bb","block_context":{"text":"Sociedad","link":"https:\/\/www.24baires.com\/?cat=1"},"img":{"alt_text":"","src":"https:\/\/i0.wp.com\/www.24baires.com\/wp-content\/uploads\/2018\/06\/san-cayetano.jpg?resize=350%2C200","width":350,"height":200,"srcset":"https:\/\/i0.wp.com\/www.24baires.com\/wp-content\/uploads\/2018\/06\/san-cayetano.jpg?resize=350%2C200 1x, https:\/\/i0.wp.com\/www.24baires.com\/wp-content\/uploads\/2018\/06\/san-cayetano.jpg?resize=525%2C300 1.5x"},"classes":[]},{"id":104603,"url":"https:\/\/www.24baires.com\/?p=104603","url_meta":{"origin":4634,"position":4},"title":"Preocupaci\u00f3n por el avance de las torturas sistem\u00e1ticas en c\u00e1rceles","author":"AF","date":"21\/09\/2018","format":false,"excerpt":"\"El sistema de encierro atraviesa una crisis humanitaria que no para de profundizarse ante la inacci\u00f3n, pasividad o complicidad de los tres poderes del Estado\", denunciaron desde la Comisi\u00f3n Provincial por la Memoria. La Comisi\u00f3n Provincial por la Memoria (CPM), la Procuraci\u00f3n Penitenciaria de la Naci\u00f3n y el GESPyDH del\u2026","rel":"","context":"En \u00abSociedad\u00bb","block_context":{"text":"Sociedad","link":"https:\/\/www.24baires.com\/?cat=1"},"img":{"alt_text":"","src":"https:\/\/i0.wp.com\/www.24baires.com\/wp-content\/uploads\/2018\/04\/c%C3%A1rcel-virrey-del-pino.jpg?resize=350%2C200","width":350,"height":200,"srcset":"https:\/\/i0.wp.com\/www.24baires.com\/wp-content\/uploads\/2018\/04\/c%C3%A1rcel-virrey-del-pino.jpg?resize=350%2C200 1x, https:\/\/i0.wp.com\/www.24baires.com\/wp-content\/uploads\/2018\/04\/c%C3%A1rcel-virrey-del-pino.jpg?resize=525%2C300 1.5x"},"classes":[]},{"id":111505,"url":"https:\/\/www.24baires.com\/?p=111505","url_meta":{"origin":4634,"position":5},"title":"En 2018 se denunciaron m\u00e1s 6 mil hechos de torturas en c\u00e1rceles y comisar\u00edas del pa\u00eds","author":"GB","date":"08\/08\/2019","format":false,"excerpt":"Este jueves se presenta el informe 2018 del Registro Nacional de Casos de Tortura y\/o Malos Tratos Este ueves 8 de agosto a las 16, en la sede de la Comisi\u00f3n Provincial por la Memoria, se presenta el informe 2018 del Registro Nacional de Casos de Tortura y\/o Malos Tratos.\u2026","rel":"","context":"En \u00abSociedad\u00bb","block_context":{"text":"Sociedad","link":"https:\/\/www.24baires.com\/?cat=1"},"img":{"alt_text":"","src":"https:\/\/i0.wp.com\/www.24baires.com\/wp-content\/uploads\/2017\/09\/carcel.jpg?resize=350%2C200","width":350,"height":200,"srcset":"https:\/\/i0.wp.com\/www.24baires.com\/wp-content\/uploads\/2017\/09\/carcel.jpg?resize=350%2C200 1x, https:\/\/i0.wp.com\/www.24baires.com\/wp-content\/uploads\/2017\/09\/carcel.jpg?resize=525%2C300 1.5x"},"classes":[]}],"jetpack_sharing_enabled":true,"jetpack_likes_enabled":true,"_links":{"self":[{"href":"https:\/\/www.24baires.com\/index.php?rest_route=\/wp\/v2\/posts\/4634","targetHints":{"allow":["GET"]}}],"collection":[{"href":"https:\/\/www.24baires.com\/index.php?rest_route=\/wp\/v2\/posts"}],"about":[{"href":"https:\/\/www.24baires.com\/index.php?rest_route=\/wp\/v2\/types\/post"}],"author":[{"embeddable":true,"href":"https:\/\/www.24baires.com\/index.php?rest_route=\/wp\/v2\/users\/4"}],"replies":[{"embeddable":true,"href":"https:\/\/www.24baires.com\/index.php?rest_route=%2Fwp%2Fv2%2Fcomments&post=4634"}],"version-history":[{"count":2,"href":"https:\/\/www.24baires.com\/index.php?rest_route=\/wp\/v2\/posts\/4634\/revisions"}],"predecessor-version":[{"id":4636,"href":"https:\/\/www.24baires.com\/index.php?rest_route=\/wp\/v2\/posts\/4634\/revisions\/4636"}],"wp:attachment":[{"href":"https:\/\/www.24baires.com\/index.php?rest_route=%2Fwp%2Fv2%2Fmedia&parent=4634"}],"wp:term":[{"taxonomy":"category","embeddable":true,"href":"https:\/\/www.24baires.com\/index.php?rest_route=%2Fwp%2Fv2%2Fcategories&post=4634"},{"taxonomy":"post_tag","embeddable":true,"href":"https:\/\/www.24baires.com\/index.php?rest_route=%2Fwp%2Fv2%2Ftags&post=4634"}],"curies":[{"name":"wp","href":"https:\/\/api.w.org\/{rel}","templated":true}]}}