{"id":4632,"date":"2012-11-06T14:50:42","date_gmt":"2012-11-06T17:50:42","guid":{"rendered":"http:\/\/www.24baires.com\/?p=4632"},"modified":"2012-11-06T15:28:32","modified_gmt":"2012-11-06T18:28:32","slug":"se-realizara-un-ciclo-de-charlas-sobre-el-7d-en-la-facultad-de-periodismo-de-la-unlp","status":"publish","type":"post","link":"https:\/\/www.24baires.com\/?p=4632","title":{"rendered":"Se realizar\u00e1 un ciclo de charlas sobre el 7D en la Facultad de Periodismo de la UNLP"},"content":{"rendered":"<p>Este martes, a partir de las 19, se llevar\u00e1 a cabo en el Edificio N\u00e9stor Kirchner de la Facultad de Periodismo y Comunicaci\u00f3n Social de la Universidad Nacional de La Plata (UNLP), la charla \u201cHacia un escenario democr\u00e1tico de la comunicaci\u00f3n: batallas y hegemon\u00edas\u201d.<!--more--><\/p>\n<p>El presidente de la Autoridad Federal de Servicios de Comunicaci\u00f3n Audiovisual (Afsca), Mart\u00edn Sabbatella, el fil\u00f3sofo Ernesto Laclau y la decana de Periodismo, Florencia Saintout, disertar\u00e1n a partir de las 19 en el ciclo \u201c7D: charlas para pensar la comunicaci\u00f3n a partir de la plena vigencia de la ley de medios\u201d, en una actividad organizada por el Centro de Estudiantes que posee la agrupaci\u00f3n Rodolfo Walsh.<\/p>\n<p>La charla ser\u00e1 en el marco de lo que suceder\u00e1 este 7 de diciembre, cuando llegue a su t\u00e9rmino la suspensi\u00f3n cautelar del Art\u00edculo N\u00ba 161 de la Ley de Servicios de Comunicaci\u00f3n Audiovisual N\u00ba 26.522 realizada por el Grupo Clar\u00edn.<\/p>\n<p>Ese d\u00eda, quedar\u00e1 sin efecto la medida cautelar y la Afsca podr\u00e1 intimar al Grupo para que presente el plan de adecuaci\u00f3n a la norma, para desarticular de los monopolios info-comunicacionales.<\/p>\n<p>Sabbatella, Laclau, Saintout, debatir\u00e1n los alcances y desaf\u00edos que plantea el 7D, las transformaciones econ\u00f3micas, pol\u00edticas, culturales y sociales que implica la vigencia de la Ley de Medios.<\/p>\n","protected":false},"excerpt":{"rendered":"<p>Este martes, a partir de las 19, se llevar\u00e1 a cabo en el Edificio N\u00e9stor Kirchner de la Facultad de Periodismo y Comunicaci\u00f3n Social de la Universidad Nacional de La Plata (UNLP), la charla \u201cHacia un escenario democr\u00e1tico de la comunicaci\u00f3n: batallas y hegemon\u00edas\u201d.<\/p>\n","protected":false},"author":4,"featured_media":0,"comment_status":"open","ping_status":"open","sticky":false,"template":"","format":"standard","meta":{"_jetpack_newsletter_access":"","_jetpack_dont_email_post_to_subs":false,"_jetpack_newsletter_tier_id":0,"_jetpack_memberships_contains_paywalled_content":false,"_jetpack_memberships_contains_paid_content":false,"footnotes":""},"categories":[54],"tags":[],"class_list":["post-4632","post","type-post","status-publish","format-standard","hentry","category-medios"],"jetpack_featured_media_url":"","jetpack_shortlink":"https:\/\/wp.me\/p2JWE0-1cI","jetpack-related-posts":[{"id":52584,"url":"https:\/\/www.24baires.com\/?p=52584","url_meta":{"origin":4632,"position":0},"title":"Realizar\u00e1n una charla sobre Comunicaci\u00f3n Popular en Ensenada","author":"GB","date":"27\/08\/2014","format":false,"excerpt":"Una charla sobre Comunicaci\u00f3n Popular se realizar\u00e1 este mi\u00e9rcoles a las 18.30 horas en la sede de la C\u00e1mara de Comercio e Industria de Ensenada, ubicada en calle La Merced entre Don Bosco y Presidente Per\u00f3n. Cabe destacar que la charla ser\u00e1 abierta a todo p\u00fablico y estar\u00e1 enmarcada dentro\u2026","rel":"","context":"En \u00abLocales\u00bb","block_context":{"text":"Locales","link":"https:\/\/www.24baires.com\/?cat=38"},"img":{"alt_text":"walsh","src":"https:\/\/i0.wp.com\/www.24baires.com\/wp-content\/uploads\/2014\/08\/walsh.jpg?resize=350%2C200","width":350,"height":200,"srcset":"https:\/\/i0.wp.com\/www.24baires.com\/wp-content\/uploads\/2014\/08\/walsh.jpg?resize=350%2C200 1x, https:\/\/i0.wp.com\/www.24baires.com\/wp-content\/uploads\/2014\/08\/walsh.jpg?resize=525%2C300 1.5x"},"classes":[]},{"id":5489,"url":"https:\/\/www.24baires.com\/?p=5489","url_meta":{"origin":4632,"position":1},"title":"Laprida: la Facultad de Periodismo de la UNLP inaugurar\u00e1 una nueva extensi\u00f3n \u00e1ulica","author":"AF","date":"15\/11\/2012","format":false,"excerpt":"El intendente de Laprida, Alfredo Fisher, y las autoridades de la Facultad de Periodismo y Comunicaci\u00f3n Social de la Universidad Nacional de La Plata , anunciaron el lanzamiento de una nueva extensi\u00f3n \u00e1ulica en esa ciudad. El convenio entre el municipio y dicha unidad acad\u00e9mica establece que a partir del\u2026","rel":"","context":"En \u00abSociedad\u00bb","block_context":{"text":"Sociedad","link":"https:\/\/www.24baires.com\/?cat=1"},"img":{"alt_text":"","src":"","width":0,"height":0},"classes":[]},{"id":18854,"url":"https:\/\/www.24baires.com\/?p=18854","url_meta":{"origin":4632,"position":2},"title":"La UNLP dictar\u00e1 la carrera de Periodismo Deportivo en la ex ESMA","author":"AF","date":"19\/03\/2013","format":false,"excerpt":"La decana de la Facultad de Periodismo y Comunicaci\u00f3n Social de la Universidad Nacional de La Plata (UNLP), Florencia Saintout, firm\u00f3 un acuerdo para dictar la carrera de Periodismo Deportivo en la sede que la organizaci\u00f3n H.I.J.O.S. tiene en el predio de la ex ESMA. Los cursos comenzar\u00e1n el 2\u2026","rel":"","context":"En \u00abSociedad\u00bb","block_context":{"text":"Sociedad","link":"https:\/\/www.24baires.com\/?cat=1"},"img":{"alt_text":"","src":"","width":0,"height":0},"classes":[]},{"id":33876,"url":"https:\/\/www.24baires.com\/?p=33876","url_meta":{"origin":4632,"position":3},"title":"Realizan en La Plata el Primer Congreso de Periodismo Deportivo","author":"AF","date":"21\/10\/2013","format":false,"excerpt":"Este martes y mi\u00e9rcoles se celebrar\u00e1 en la Facultad de Periodismo y Comunicaci\u00f3n Social de la Universidad Nacional de La Plata. Las jornadas, que se desarrollar\u00e1n en el edificio Presidente N\u00e9tor Kirchner, contar\u00e1 con la presencia de destacados periodistas entre ellos Viviana Vila, Ezequiel Fern\u00e1ndez Moores y Pablo Llonto. La\u2026","rel":"","context":"En \u00abSociedad\u00bb","block_context":{"text":"Sociedad","link":"https:\/\/www.24baires.com\/?cat=1"},"img":{"alt_text":"","src":"","width":0,"height":0},"classes":[]},{"id":33211,"url":"https:\/\/www.24baires.com\/?p=33211","url_meta":{"origin":4632,"position":4},"title":"Llega a La Plata BAIN, la segunda muestra de Cine Ind\u00edgena","author":"AF","date":"08\/10\/2013","format":false,"excerpt":"Se realizar\u00e1 entre el mi\u00e9rcoles y el jueves en la Facultad de Periodismo y Comunicaci\u00f3n Social de la Universidad Nacional de La Plata. El objetivo dar a conocer las producciones audiovisuales de realizadores\/as ind\u00edgenas y la posibilidad de reflexionar sobre las ra\u00edces ancestrales de este territorio y las identidades que\u2026","rel":"","context":"En \u00abSociedad\u00bb","block_context":{"text":"Sociedad","link":"https:\/\/www.24baires.com\/?cat=1"},"img":{"alt_text":"bain","src":"https:\/\/i0.wp.com\/www.24baires.com\/wp-content\/uploads\/2013\/10\/bain.jpg?resize=350%2C200","width":350,"height":200,"srcset":"https:\/\/i0.wp.com\/www.24baires.com\/wp-content\/uploads\/2013\/10\/bain.jpg?resize=350%2C200 1x, https:\/\/i0.wp.com\/www.24baires.com\/wp-content\/uploads\/2013\/10\/bain.jpg?resize=525%2C300 1.5x"},"classes":[]},{"id":30775,"url":"https:\/\/www.24baires.com\/?p=30775","url_meta":{"origin":4632,"position":5},"title":"La UNLP capacita a estudiantes en la prevenci\u00f3n del bullying","author":"Grupo Sierra","date":"25\/08\/2013","format":false,"excerpt":"La Universidad Nacional de La Plata (UNLP), pionera en tratar la problem\u00e1tica del acoso escolar o bullying, ya capacit\u00f3 a m\u00e1s de mil estudiantes de los colegios universitarios en la tem\u00e1tica, propiciando el di\u00e1logo y las pr\u00e1cticas democr\u00e1ticas de convivencia a trav\u00e9s del Observatorio de Pr\u00e1cticas de Convivencia Escolar en\u2026","rel":"","context":"En \u00abSociedad\u00bb","block_context":{"text":"Sociedad","link":"https:\/\/www.24baires.com\/?cat=1"},"img":{"alt_text":"","src":"","width":0,"height":0},"classes":[]}],"jetpack_sharing_enabled":true,"jetpack_likes_enabled":true,"_links":{"self":[{"href":"https:\/\/www.24baires.com\/index.php?rest_route=\/wp\/v2\/posts\/4632","targetHints":{"allow":["GET"]}}],"collection":[{"href":"https:\/\/www.24baires.com\/index.php?rest_route=\/wp\/v2\/posts"}],"about":[{"href":"https:\/\/www.24baires.com\/index.php?rest_route=\/wp\/v2\/types\/post"}],"author":[{"embeddable":true,"href":"https:\/\/www.24baires.com\/index.php?rest_route=\/wp\/v2\/users\/4"}],"replies":[{"embeddable":true,"href":"https:\/\/www.24baires.com\/index.php?rest_route=%2Fwp%2Fv2%2Fcomments&post=4632"}],"version-history":[{"count":1,"href":"https:\/\/www.24baires.com\/index.php?rest_route=\/wp\/v2\/posts\/4632\/revisions"}],"predecessor-version":[{"id":4633,"href":"https:\/\/www.24baires.com\/index.php?rest_route=\/wp\/v2\/posts\/4632\/revisions\/4633"}],"wp:attachment":[{"href":"https:\/\/www.24baires.com\/index.php?rest_route=%2Fwp%2Fv2%2Fmedia&parent=4632"}],"wp:term":[{"taxonomy":"category","embeddable":true,"href":"https:\/\/www.24baires.com\/index.php?rest_route=%2Fwp%2Fv2%2Fcategories&post=4632"},{"taxonomy":"post_tag","embeddable":true,"href":"https:\/\/www.24baires.com\/index.php?rest_route=%2Fwp%2Fv2%2Ftags&post=4632"}],"curies":[{"name":"wp","href":"https:\/\/api.w.org\/{rel}","templated":true}]}}