{"id":4629,"date":"2012-11-06T15:21:43","date_gmt":"2012-11-06T18:21:43","guid":{"rendered":"http:\/\/www.24baires.com\/?p=4629"},"modified":"2012-11-06T15:21:43","modified_gmt":"2012-11-06T18:21:43","slug":"polemico-permiten-salidas-transitorias-a-un-cura-condenado-por-pedofilia","status":"publish","type":"post","link":"https:\/\/www.24baires.com\/?p=4629","title":{"rendered":"Pol\u00e9mico: permiten salidas transitorias a un cura condenado por pedofilia"},"content":{"rendered":"<p><img data-recalc-dims=\"1\" loading=\"lazy\" decoding=\"async\" class=\"alignleft size-medium wp-image-4630\" title=\"sasso\" src=\"https:\/\/i0.wp.com\/www.24baires.com\/wp-content\/uploads\/2012\/11\/sasso.jpg?resize=300%2C215\" alt=\"\" width=\"300\" height=\"215\" srcset=\"https:\/\/i0.wp.com\/www.24baires.com\/wp-content\/uploads\/2012\/11\/sasso.jpg?resize=300%2C215&amp;ssl=1 300w, https:\/\/i0.wp.com\/www.24baires.com\/wp-content\/uploads\/2012\/11\/sasso.jpg?w=560&amp;ssl=1 560w\" sizes=\"auto, (max-width: 300px) 100vw, 300px\" \/>Se trata de Mario Napole\u00f3n Sasso, uno de los primeros sacerdotes condenados en el pa\u00eds por abuso de menores cuando era p\u00e1rroco de la capilla de la localidad bonaerense de La Lonja, partido de Pilar.<!--more--><\/p>\n<p>El fallo que le permite al ex sacerdote Mario Napole\u00f3n Sasso salir de la c\u00e1rcel fue dictado la semana pasada por la Sala III de la C\u00e1mara de Apelaciones y Garant\u00edas de San Isidro y lleva la firma de los jueces Celia Margarita V\u00e1zquez y Gustavo Herbel.<\/p>\n<p>El Tribunal Oral en lo Criminal (TOC) 1 de San Isidro, que en 2007 conden\u00f3 a Sasso a 17 a\u00f1os de prisi\u00f3n por abusar en la capilla a cinco ni\u00f1as de entre 7 y 14 a\u00f1os, plante\u00f3 su oposici\u00f3n al beneficio, pero por orden de sus superiores de la C\u00e1mara, las salidas comenzaron a efectivizarse desde la semana pasada.<\/p>\n<p>Las fuentes indicaron que al menos, el TOC 1 logr\u00f3 que Sasso tenga el beneficio m\u00ednimo, que es una salida transitoria de 24 horas al mes y que puso como garante de las mismas a la actual esposa del condenado, Argentina Graciela In\u00e9s Mi\u00f1o, con quien se cas\u00f3 en 2007 mientras esperaba en prisi\u00f3n el juicio oral.<\/p>\n<p>Las salidas transitorias de 24 horas al mes ser\u00e1n en el domicilio de Mi\u00f1o, en la ciudad de La Plata, seg\u00fan informaron los voceros judiciales.<\/p>\n<p>Sasso logr\u00f3 las salidas transitorias porque cumpli\u00f3 este a\u00f1o la mitad de su condena, ya que la C\u00e1mara de Casaci\u00f3n le redujo la pena impuesta en en el juicio a 16 a\u00f1os de c\u00e1rcel y lleva 8 detenido desde 2004.<\/p>\n<p>En el juicio oral, se demostr\u00f3 que entre 2002 y 2003, Sasso \u00fanico sacerdote de la capilla San Miguel de La Lonja, donde funcionaba un comedor, les ofrec\u00eda a las ni\u00f1as caramelos y las invitaba a ver televisi\u00f3n a su habitaci\u00f3n, donde las desvest\u00eda, manoseaba y se masturbaba delante de ellas.<\/p>\n<p>La polic\u00eda secuestr\u00f3 en el lugar profil\u00e1cticos usados y pornograf\u00eda infantil que el cura ten\u00eda almacenada en su computadora y en revistas ped\u00f3filas y, seg\u00fan se comprob\u00f3 en el debate, les hac\u00eda ver a las nenas mientras las abusaba.<\/p>\n<p>Al finalizar el juicio, el TOC 1 de San Isidro lo conden\u00f3 por \u201cabuso sexual doblemente calificado en raz\u00f3n del sometimiento sexual ultrajante para las v\u00edctimas y por su condici\u00f3n de ministro de un culto religioso\u00bb.<\/p>\n<p>La causa se inici\u00f3 en noviembre de 2003 con la denuncia de una catequista de la parroquia, quien se enter\u00f3 de la situaci\u00f3n por el relato de una de las nenas.<\/p>\n<p>Sasso ya ten\u00eda antecedentes cl\u00ednicos de pedofilia en la di\u00f3cesis de San Juan, provincia de donde es oriundo, por lo que las autoridades eclesi\u00e1sticas lo hab\u00edan enviado a hacer un tratamiento entre 1996 y 1998 en la Domus Mariae de Tortuguitas, una instituci\u00f3n donde son albergados sacerdotes con problemas de conducta.<\/p>\n","protected":false},"excerpt":{"rendered":"<p>Se trata de Mario Napole\u00f3n Sasso, uno de los primeros sacerdotes condenados en el pa\u00eds por abuso de menores cuando era p\u00e1rroco de la capilla de la localidad bonaerense de La Lonja, partido de Pilar.<\/p>\n","protected":false},"author":4,"featured_media":0,"comment_status":"open","ping_status":"open","sticky":false,"template":"","format":"standard","meta":{"_jetpack_newsletter_access":"","_jetpack_dont_email_post_to_subs":false,"_jetpack_newsletter_tier_id":0,"_jetpack_memberships_contains_paywalled_content":false,"_jetpack_memberships_contains_paid_content":false,"footnotes":""},"categories":[1],"tags":[],"class_list":["post-4629","post","type-post","status-publish","format-standard","hentry","category-sociedad"],"jetpack_featured_media_url":"","jetpack_shortlink":"https:\/\/wp.me\/p2JWE0-1cF","jetpack-related-posts":[{"id":107933,"url":"https:\/\/www.24baires.com\/?p=107933","url_meta":{"origin":4629,"position":0},"title":"Caso Luc\u00eda Bernaola: pidieron que Federico Sasso sea trasladado a la c\u00e1rcel","author":"GB","date":"02\/05\/2019","format":false,"excerpt":"El abogado Maximiliano Orsini present\u00f3 un escrito ante la Justicia para que el joven cumpla su condena en una unidad carcelaria El abogado de Ver\u00f3nica Borelli, la madre de la adolescente que muri\u00f3 al ser atropellada en la costa, pidi\u00f3 ante la Justicia que Federico Sasso sea trasladado a una\u2026","rel":"","context":"En \u00abPol\u00edtica\u00bb","block_context":{"text":"Pol\u00edtica","link":"https:\/\/www.24baires.com\/?cat=51"},"img":{"alt_text":"","src":"https:\/\/i0.wp.com\/www.24baires.com\/wp-content\/uploads\/2019\/03\/JUICIO-LUC%C3%8DA-BERNAOLA-FEDERICO-SASSO-.jpg?resize=350%2C200","width":350,"height":200,"srcset":"https:\/\/i0.wp.com\/www.24baires.com\/wp-content\/uploads\/2019\/03\/JUICIO-LUC%C3%8DA-BERNAOLA-FEDERICO-SASSO-.jpg?resize=350%2C200 1x, https:\/\/i0.wp.com\/www.24baires.com\/wp-content\/uploads\/2019\/03\/JUICIO-LUC%C3%8DA-BERNAOLA-FEDERICO-SASSO-.jpg?resize=525%2C300 1.5x"},"classes":[]},{"id":116825,"url":"https:\/\/www.24baires.com\/?p=116825","url_meta":{"origin":4629,"position":1},"title":"Rechazaron la excarcelaci\u00f3n de Federico Sasso","author":"GB","date":"04\/12\/2020","format":false,"excerpt":"El Tribunal Oral N\u00ba 1 consider\u00f3 \"escaso\" el tiempo que el joven lleva detenido en la c\u00e1rcel de Bat\u00e1n La Justicia rechaz\u00f3 este jueves la excarcelaci\u00f3n de Federico Sasso, el joven que atropell\u00f3 y mat\u00f3 a Luc\u00eda Bernaola (14) en la costa, y seguir\u00e1 detenido en la c\u00e1rcel de Bat\u00e1n.\u2026","rel":"","context":"En \u00abPoliciales\u00bb","block_context":{"text":"Policiales","link":"https:\/\/www.24baires.com\/?cat=49"},"img":{"alt_text":"","src":"https:\/\/i0.wp.com\/www.24baires.com\/wp-content\/uploads\/2019\/03\/JUICIO-LUC%C3%8DA-BERNAOLA-FEDERICO-SASSO-.jpg?resize=350%2C200","width":350,"height":200,"srcset":"https:\/\/i0.wp.com\/www.24baires.com\/wp-content\/uploads\/2019\/03\/JUICIO-LUC%C3%8DA-BERNAOLA-FEDERICO-SASSO-.jpg?resize=350%2C200 1x, https:\/\/i0.wp.com\/www.24baires.com\/wp-content\/uploads\/2019\/03\/JUICIO-LUC%C3%8DA-BERNAOLA-FEDERICO-SASSO-.jpg?resize=525%2C300 1.5x"},"classes":[]},{"id":107815,"url":"https:\/\/www.24baires.com\/?p=107815","url_meta":{"origin":4629,"position":2},"title":"El Ministerio P\u00fablico apel\u00f3 el fallo que conden\u00f3 a Federico Sasso","author":"GB","date":"25\/04\/2019","format":false,"excerpt":"Se exige que la pena sea de 10 a\u00f1os por homicidio doloso y que se cumpla en una unidad penitenciaria. Tambi\u00e9n se atac\u00f3 la decisi\u00f3n del Tribunal de no reconocer como prueba el test de alcoholemia municipal. El Ministerio P\u00fablico Fiscal present\u00f3 en las \u00faltimas horas el recurso de casaci\u00f3n\u2026","rel":"","context":"En \u00abJUDICIALES\u00bb","block_context":{"text":"JUDICIALES","link":"https:\/\/www.24baires.com\/?cat=68"},"img":{"alt_text":"","src":"https:\/\/i0.wp.com\/www.24baires.com\/wp-content\/uploads\/2019\/03\/JUICIO-LUC%C3%8DA-BERNAOLA-FEDERICO-SASSO-.jpg?resize=350%2C200","width":350,"height":200,"srcset":"https:\/\/i0.wp.com\/www.24baires.com\/wp-content\/uploads\/2019\/03\/JUICIO-LUC%C3%8DA-BERNAOLA-FEDERICO-SASSO-.jpg?resize=350%2C200 1x, https:\/\/i0.wp.com\/www.24baires.com\/wp-content\/uploads\/2019\/03\/JUICIO-LUC%C3%8DA-BERNAOLA-FEDERICO-SASSO-.jpg?resize=525%2C300 1.5x"},"classes":[]},{"id":96530,"url":"https:\/\/www.24baires.com\/?p=96530","url_meta":{"origin":4629,"position":3},"title":"El fiscal pidi\u00f3 la elevaci\u00f3n a juicio para Federico Sasso","author":"GB","date":"07\/08\/2017","format":false,"excerpt":"MAR DEL PLATA-Pablo Cistoldi solicit\u00f3 elevar a juicio oral la causa a dos meses del hecho. La familia de Luc\u00eda pide que Sasso sea trasladado de la comisar\u00eda de Balcarce a Bat\u00e1n El fiscal Pablo Cistoldi solicit\u00f3 este lunes elevar a juicio oral la causa por la muerte de Luc\u00eda\u2026","rel":"","context":"En \u00abSociedad\u00bb","block_context":{"text":"Sociedad","link":"https:\/\/www.24baires.com\/?cat=1"},"img":{"alt_text":"","src":"https:\/\/i0.wp.com\/www.24baires.com\/wp-content\/uploads\/2017\/06\/lucia-bernaola-300x300.jpg?resize=350%2C200","width":350,"height":200},"classes":[]},{"id":107267,"url":"https:\/\/www.24baires.com\/?p=107267","url_meta":{"origin":4629,"position":4},"title":"El fiscal pidi\u00f3 10 a\u00f1os de prisi\u00f3n para Federico Sasso","author":"GB","date":"19\/03\/2019","format":false,"excerpt":"En su alegato, Rodolfo Moure solicit\u00f3 adem\u00e1s que el joven sea inhabilitado para manejar por 10 a\u00f1os. La defensa de Bernaola pidi\u00f3 12 a\u00f1os de prisi\u00f3n. En su alegato ante los jueces que componen el Tribunal Oral en lo Criminal N\u00b01, el fiscal Rodolfo Moure pidi\u00f3 10 a\u00f1os de prisi\u00f3n\u2026","rel":"","context":"En \u00abJUDICIALES\u00bb","block_context":{"text":"JUDICIALES","link":"https:\/\/www.24baires.com\/?cat=68"},"img":{"alt_text":"","src":"https:\/\/i0.wp.com\/www.24baires.com\/wp-content\/uploads\/2019\/03\/JUICIO-LUC%C3%8DA-BERNAOLA-FEDERICO-SASSO-.jpg?resize=350%2C200","width":350,"height":200,"srcset":"https:\/\/i0.wp.com\/www.24baires.com\/wp-content\/uploads\/2019\/03\/JUICIO-LUC%C3%8DA-BERNAOLA-FEDERICO-SASSO-.jpg?resize=350%2C200 1x, https:\/\/i0.wp.com\/www.24baires.com\/wp-content\/uploads\/2019\/03\/JUICIO-LUC%C3%8DA-BERNAOLA-FEDERICO-SASSO-.jpg?resize=525%2C300 1.5x"},"classes":[]},{"id":107212,"url":"https:\/\/www.24baires.com\/?p=107212","url_meta":{"origin":4629,"position":5},"title":"Caso Bernaola: declararon los acompa\u00f1antes de Sasso","author":"GB","date":"14\/03\/2019","format":false,"excerpt":"Los tres j\u00f3venes que se desplazaban en el auto expusieron ante el Tribunal que le advirtieron a Sasso que estaba manejando a alta velocidad. Este viernes declarar\u00e1n los peritos. La cuarta audiencia del juicio contra Federico Sasso, el joven que en junio de 2017 atropell\u00f3 y mat\u00f3 a la adolescente\u2026","rel":"","context":"En \u00abJUDICIALES\u00bb","block_context":{"text":"JUDICIALES","link":"https:\/\/www.24baires.com\/?cat=68"},"img":{"alt_text":"","src":"https:\/\/i0.wp.com\/www.24baires.com\/wp-content\/uploads\/2019\/03\/JUICIO-LUC%C3%8DA-BERNAOLA-FEDERICO-SASSO-.jpg?resize=350%2C200","width":350,"height":200,"srcset":"https:\/\/i0.wp.com\/www.24baires.com\/wp-content\/uploads\/2019\/03\/JUICIO-LUC%C3%8DA-BERNAOLA-FEDERICO-SASSO-.jpg?resize=350%2C200 1x, https:\/\/i0.wp.com\/www.24baires.com\/wp-content\/uploads\/2019\/03\/JUICIO-LUC%C3%8DA-BERNAOLA-FEDERICO-SASSO-.jpg?resize=525%2C300 1.5x"},"classes":[]}],"jetpack_sharing_enabled":true,"jetpack_likes_enabled":true,"_links":{"self":[{"href":"https:\/\/www.24baires.com\/index.php?rest_route=\/wp\/v2\/posts\/4629","targetHints":{"allow":["GET"]}}],"collection":[{"href":"https:\/\/www.24baires.com\/index.php?rest_route=\/wp\/v2\/posts"}],"about":[{"href":"https:\/\/www.24baires.com\/index.php?rest_route=\/wp\/v2\/types\/post"}],"author":[{"embeddable":true,"href":"https:\/\/www.24baires.com\/index.php?rest_route=\/wp\/v2\/users\/4"}],"replies":[{"embeddable":true,"href":"https:\/\/www.24baires.com\/index.php?rest_route=%2Fwp%2Fv2%2Fcomments&post=4629"}],"version-history":[{"count":1,"href":"https:\/\/www.24baires.com\/index.php?rest_route=\/wp\/v2\/posts\/4629\/revisions"}],"predecessor-version":[{"id":4631,"href":"https:\/\/www.24baires.com\/index.php?rest_route=\/wp\/v2\/posts\/4629\/revisions\/4631"}],"wp:attachment":[{"href":"https:\/\/www.24baires.com\/index.php?rest_route=%2Fwp%2Fv2%2Fmedia&parent=4629"}],"wp:term":[{"taxonomy":"category","embeddable":true,"href":"https:\/\/www.24baires.com\/index.php?rest_route=%2Fwp%2Fv2%2Fcategories&post=4629"},{"taxonomy":"post_tag","embeddable":true,"href":"https:\/\/www.24baires.com\/index.php?rest_route=%2Fwp%2Fv2%2Ftags&post=4629"}],"curies":[{"name":"wp","href":"https:\/\/api.w.org\/{rel}","templated":true}]}}