{"id":46041,"date":"2014-05-15T13:00:51","date_gmt":"2014-05-15T16:00:51","guid":{"rendered":"http:\/\/www.24baires.com\/?p=46041"},"modified":"2014-05-15T12:32:18","modified_gmt":"2014-05-15T15:32:18","slug":"rodriguez-saa-se-suma-al-frente-renovador","status":"publish","type":"post","link":"https:\/\/www.24baires.com\/?p=46041","title":{"rendered":"Rodr\u00edguez Sa\u00e1 se suma al Frente \u00bfRenovador?"},"content":{"rendered":"<p><img data-recalc-dims=\"1\" loading=\"lazy\" decoding=\"async\" class=\"aligncenter size-full wp-image-46042\" src=\"https:\/\/i0.wp.com\/www.24baires.com\/wp-content\/uploads\/2014\/05\/adolfo-rodr%C3%ADguez-sa%C3%A1.jpg?resize=560%2C315\" alt=\"adolfo rodr\u00edguez sa\u00e1\" width=\"560\" height=\"315\" srcset=\"https:\/\/i0.wp.com\/www.24baires.com\/wp-content\/uploads\/2014\/05\/adolfo-rodr%C3%ADguez-sa%C3%A1.jpg?w=560&amp;ssl=1 560w, https:\/\/i0.wp.com\/www.24baires.com\/wp-content\/uploads\/2014\/05\/adolfo-rodr%C3%ADguez-sa%C3%A1.jpg?resize=300%2C168&amp;ssl=1 300w\" sizes=\"auto, (max-width: 560px) 100vw, 560px\" \/>Renovador: que se renueva. Renovar: cambiar una cosa vieja o sin validez por otra nueva. Restaurar, remozar, modernizar. \u00c9sas son dos definiciones que Google ofrece sobre dicho t\u00e9rmino. Pero si aplicamos esa palabra a la pol\u00edtica, podremos ver sin sorpresa que la realidad asesina a todos los vocablos derivados de \u201crenovar\u201d, sobre todo si focalizamos el an\u00e1lisis sem\u00e1ntico en el Frente Renovador. All\u00ed podremos observar como pierde su validez conceptual y significa cualquier otra cosa menos \u201ccambiar una cosa vieja\u201d por otra nueva. El Frente Renovador lleva en su nombre una combinaci\u00f3n de letras que no acompa\u00f1an el significado de los diccionarios. Es como cuando a Carlos Gardel le dec\u00edan \u201cEl Mudo\u201d.<!--more--><\/p>\n<p>Ahora, a su ya consabido repertorio de carcamanes de la pol\u00edtica, el Frente que lidera Sergio Massa suma a Adolfo Rodr\u00edguez Sa\u00e1. El veloz ex presidente acaba de adherir al espacio que tuvo su primer escarceo electoral en octubre pasado. En P\u00e1gina\/12 trascendieron los comentarios de un operador massista que afirm\u00f3 que \u201cCon el Adolfo est\u00e1 pr\u00e1cticamente cerrado que jugar\u00e1 para Massa en las presidenciales, mientras se les deje retener San Luis\u201d, es decir, nadie le tocar\u00eda su quintita.<br \/>\nAunque \u201cEl Adolfo\u201d hab\u00eda sumado al PRO en las pasadas elecciones, nadie parec\u00eda creer que ese acercamiento durar\u00eda demasiado, m\u00e1s all\u00e1 del comicio. Parece que la idea de un proyecto contenedor y a largo plazo no circula por la mente de ninguno de ellos. As\u00ed tambi\u00e9n se sube al tren fantasma de dirigentes con mucho m\u00e1s pasado que futuro el senador de San Juan, Roberto Basualdo, ex aliado del PRO en las elecciones del 2013, de hecho ya en esa \u00e9poca Massa lo contaba como suyo, aunque cuando gan\u00f3 en su provincia, el PRO festej\u00f3 como propio el triunfo: tel\u00e9fono descompuesto entre caciques que morir\u00edan antes de volver a ser indios. Desde el massismo aseguran que Basualdo es un ferviente impulsor de un acuerdo entre el PRO y el Frente Renovador, cosa que se dio a medias en las legislativas pasadas, cuando Mauricio Macri se cansaba de decir a los medios que ten\u00eda una alianza con el massismo, y el ex Intendente de Tigre lo negaba por todos lados o se hac\u00eda convenientemente el tonto cuando alg\u00fan periodista le preguntaba, aunque en su lista de candidatos a diputados llevaba a varios miembros del PRO, partido que en provincia de Buenos Aires decidi\u00f3 bajar su lista en pos de la de Massa. Todo muy turbio y ambiguo, todo bien parecido a la pol\u00edtica tradicional, esa que Massa dice que quiere cambiar, mientras le crece la nariz de Pinocho.<br \/>\nParece que el omn\u00edvoro Sergio va comi\u00e9ndose al PRO en varios puntos de pa\u00eds, con un est\u00f3mago a prueba de bombas at\u00f3micas, y los lleva junto a los fundadores: Barrionuevo, alg\u00fan Moyano, Graciela Caama\u00f1o, Eduardo Duhalde y Chiche, Felipe Sol\u00e1, despu\u00e9s Othaceh\u00e9 y ahora Rodr\u00edguez Sa\u00e1. Entonces, con estas incorporaciones, seguimos confirmando lo obvio, el massismo arma y arma para el 2015, pero de Renovador nada, nada de nada.<\/p>\n","protected":false},"excerpt":{"rendered":"<p>Renovador: que se renueva. Renovar: cambiar una cosa vieja o sin validez por otra nueva. Restaurar, remozar, modernizar. \u00c9sas son dos definiciones que Google ofrece sobre dicho t\u00e9rmino. Pero si aplicamos esa palabra a la pol\u00edtica, podremos ver sin sorpresa que la realidad asesina a todos los vocablos derivados de \u201crenovar\u201d, sobre todo si focalizamos el an\u00e1lisis sem\u00e1ntico en el [&#8230;]<\/p>\n","protected":false},"author":4,"featured_media":0,"comment_status":"open","ping_status":"open","sticky":false,"template":"","format":"standard","meta":{"_jetpack_newsletter_access":"","_jetpack_dont_email_post_to_subs":false,"_jetpack_newsletter_tier_id":0,"_jetpack_memberships_contains_paywalled_content":false,"_jetpack_memberships_contains_paid_content":false,"footnotes":""},"categories":[64],"tags":[],"class_list":["post-46041","post","type-post","status-publish","format-standard","hentry","category-opinion"],"jetpack_featured_media_url":"","jetpack_shortlink":"https:\/\/wp.me\/p2JWE0-bYB","jetpack-related-posts":[{"id":26640,"url":"https:\/\/www.24baires.com\/?p=26640","url_meta":{"origin":46041,"position":0},"title":"Eduardo Amadeo va a la cabeza de la lista de Rodr\u00edguez Saa en la Provincia","author":"Grupo Sierra","date":"22\/06\/2013","format":false,"excerpt":"El diputado del Frente Peronista, Eduardo Amadeo, encabezar\u00e1 la lista de candidatos a diputados nacionales por la provincia de Buenos Aires del frente Compromiso Federal que impulsa Alberto Rodr\u00edguez Sa\u00e1. La informaci\u00f3n fue confirmada por el equipo de prensa de Amadeo, quien en los \u00faltimos d\u00edas hab\u00eda intentado un acercamiento\u2026","rel":"","context":"En \u00abPol\u00edtica\u00bb","block_context":{"text":"Pol\u00edtica","link":"https:\/\/www.24baires.com\/?cat=51"},"img":{"alt_text":"","src":"","width":0,"height":0},"classes":[]},{"id":39223,"url":"https:\/\/www.24baires.com\/?p=39223","url_meta":{"origin":46041,"position":1},"title":"Massa aspira a concretar con Rodr\u00edguez Sa\u00e1 una alianza electoral","author":"Grupo Sierra","date":"25\/01\/2014","format":false,"excerpt":"El jefe del Frente Renovador, Sergio Massa, se reuni\u00f3 con el senador Adolfo Rodr\u00edguez Sa\u00e1 y el gobernador Claudio Poggi, para comenzar un di\u00e1logo pol\u00edtico de cara a confluir en un frente electoral. Seg\u00fan informaron a T\u00e9lam participantes del encuentro -que tuvo lugar a \u00faltima hora de ayer en la\u2026","rel":"","context":"En \u00abPol\u00edtica\u00bb","block_context":{"text":"Pol\u00edtica","link":"https:\/\/www.24baires.com\/?cat=51"},"img":{"alt_text":"","src":"","width":0,"height":0},"classes":[]},{"id":112553,"url":"https:\/\/www.24baires.com\/?p=112553","url_meta":{"origin":46041,"position":2},"title":"Adolfo Rodr\u00edguez Sa\u00e1 abandon\u00f3 a Macri y a Pichetto para apoyar a los Fern\u00e1ndez","author":"AF","date":"18\/10\/2019","format":false,"excerpt":"El senador afirm\u00f3 en un comunicado que \"somos peronistas y votamos peronismo\". El senador Adolfo Rodr\u00edguez Sa\u00e1 abandon\u00f3 a Mauricio Macri y a Miguel \u00c1ngel Pichetto y ahora pide por el voto a Alberto Fern\u00e1ndez y Cristina Fern\u00e1ndez de Kirchner. \"Somos peronistas y votamos peronismo\", fue la frase que eligi\u00f3\u2026","rel":"","context":"En \u00abPol\u00edtica\u00bb","block_context":{"text":"Pol\u00edtica","link":"https:\/\/www.24baires.com\/?cat=51"},"img":{"alt_text":"","src":"https:\/\/i0.wp.com\/www.24baires.com\/wp-content\/uploads\/2014\/05\/adolfo-rodr%C3%ADguez-sa%C3%A1.jpg?resize=350%2C200","width":350,"height":200,"srcset":"https:\/\/i0.wp.com\/www.24baires.com\/wp-content\/uploads\/2014\/05\/adolfo-rodr%C3%ADguez-sa%C3%A1.jpg?resize=350%2C200 1x, https:\/\/i0.wp.com\/www.24baires.com\/wp-content\/uploads\/2014\/05\/adolfo-rodr%C3%ADguez-sa%C3%A1.jpg?resize=525%2C300 1.5x"},"classes":[]},{"id":45929,"url":"https:\/\/www.24baires.com\/?p=45929","url_meta":{"origin":46041,"position":3},"title":"Massa y Scioli se pelean por el interior y se cruzan p\u00fablicamente","author":"Grupo Sierra","date":"13\/05\/2014","format":false,"excerpt":"El Gobernador dijo que \u201cno sabe\u201d si el Frente Renovador es \u201cperonismo o antiperonismo\u201d y el tigrense, sin esperar, le retruc\u00f3. De recorrida por el interior del pa\u00eds, los potenciales candidatos presidenciales para 2015, Daniel Scioli y Sergio Massa, se cruzaron con picantes declaraciones. El domingo, Daniel Scioli hab\u00eda descartado\u2026","rel":"","context":"En \u00abPol\u00edtica\u00bb","block_context":{"text":"Pol\u00edtica","link":"https:\/\/www.24baires.com\/?cat=51"},"img":{"alt_text":"scioli massa","src":"https:\/\/i0.wp.com\/www.24baires.com\/wp-content\/uploads\/2014\/04\/scioli-massa.jpg?resize=350%2C200","width":350,"height":200,"srcset":"https:\/\/i0.wp.com\/www.24baires.com\/wp-content\/uploads\/2014\/04\/scioli-massa.jpg?resize=350%2C200 1x, https:\/\/i0.wp.com\/www.24baires.com\/wp-content\/uploads\/2014\/04\/scioli-massa.jpg?resize=525%2C300 1.5x"},"classes":[]},{"id":110749,"url":"https:\/\/www.24baires.com\/?p=110749","url_meta":{"origin":46041,"position":4},"title":"Massa se sum\u00f3 al frente opositor de Alberto y Cristina","author":"AF","date":"11\/06\/2019","format":false,"excerpt":"Despu\u00e9s de largas idas y vueltas, el l\u00edder del Frente Renovador acord\u00f3 una serie de puntos con el kirchnerismo y ser\u00e1 parte del armado con el que el PJ enfrentar\u00e1 a Cambiemos en las elecciones. A un d\u00eda del cierre de alianzas electorales, el frente pol\u00edtico que lideran Alberto Fern\u00e1nez\u2026","rel":"","context":"En \u00abPol\u00edtica\u00bb","block_context":{"text":"Pol\u00edtica","link":"https:\/\/www.24baires.com\/?cat=51"},"img":{"alt_text":"","src":"https:\/\/i0.wp.com\/www.24baires.com\/wp-content\/uploads\/2019\/06\/fern%C3%A1ndez-massa.png?resize=350%2C200","width":350,"height":200,"srcset":"https:\/\/i0.wp.com\/www.24baires.com\/wp-content\/uploads\/2019\/06\/fern%C3%A1ndez-massa.png?resize=350%2C200 1x, https:\/\/i0.wp.com\/www.24baires.com\/wp-content\/uploads\/2019\/06\/fern%C3%A1ndez-massa.png?resize=525%2C300 1.5x"},"classes":[]},{"id":108487,"url":"https:\/\/www.24baires.com\/?p=108487","url_meta":{"origin":46041,"position":5},"title":"El massismo define si avanza en un frente con el kirchnerismo","author":"GB","date":"30\/05\/2019","format":false,"excerpt":"El Frente Renovador bonaerense realizar\u00e1 este jueves su congreso partidario para definir el futuro del partido de cara a las elecciones. El tema central de la cumbre en Parque Norte ser\u00e1 la posibilidad de avanzar en un frente com\u00fan con el kirchnerismo y el PJ bonaerense. El congreso de los\u2026","rel":"","context":"En \u00abPol\u00edtica\u00bb","block_context":{"text":"Pol\u00edtica","link":"https:\/\/www.24baires.com\/?cat=51"},"img":{"alt_text":"","src":"https:\/\/i0.wp.com\/www.24baires.com\/wp-content\/uploads\/2019\/05\/alternativa-federal.jpg?resize=350%2C200","width":350,"height":200,"srcset":"https:\/\/i0.wp.com\/www.24baires.com\/wp-content\/uploads\/2019\/05\/alternativa-federal.jpg?resize=350%2C200 1x, https:\/\/i0.wp.com\/www.24baires.com\/wp-content\/uploads\/2019\/05\/alternativa-federal.jpg?resize=525%2C300 1.5x"},"classes":[]}],"jetpack_sharing_enabled":true,"jetpack_likes_enabled":true,"_links":{"self":[{"href":"https:\/\/www.24baires.com\/index.php?rest_route=\/wp\/v2\/posts\/46041","targetHints":{"allow":["GET"]}}],"collection":[{"href":"https:\/\/www.24baires.com\/index.php?rest_route=\/wp\/v2\/posts"}],"about":[{"href":"https:\/\/www.24baires.com\/index.php?rest_route=\/wp\/v2\/types\/post"}],"author":[{"embeddable":true,"href":"https:\/\/www.24baires.com\/index.php?rest_route=\/wp\/v2\/users\/4"}],"replies":[{"embeddable":true,"href":"https:\/\/www.24baires.com\/index.php?rest_route=%2Fwp%2Fv2%2Fcomments&post=46041"}],"version-history":[{"count":1,"href":"https:\/\/www.24baires.com\/index.php?rest_route=\/wp\/v2\/posts\/46041\/revisions"}],"predecessor-version":[{"id":46043,"href":"https:\/\/www.24baires.com\/index.php?rest_route=\/wp\/v2\/posts\/46041\/revisions\/46043"}],"wp:attachment":[{"href":"https:\/\/www.24baires.com\/index.php?rest_route=%2Fwp%2Fv2%2Fmedia&parent=46041"}],"wp:term":[{"taxonomy":"category","embeddable":true,"href":"https:\/\/www.24baires.com\/index.php?rest_route=%2Fwp%2Fv2%2Fcategories&post=46041"},{"taxonomy":"post_tag","embeddable":true,"href":"https:\/\/www.24baires.com\/index.php?rest_route=%2Fwp%2Fv2%2Ftags&post=46041"}],"curies":[{"name":"wp","href":"https:\/\/api.w.org\/{rel}","templated":true}]}}