{"id":45904,"date":"2014-05-13T17:30:48","date_gmt":"2014-05-13T20:30:48","guid":{"rendered":"http:\/\/www.24baires.com\/?p=45904"},"modified":"2014-05-13T15:13:54","modified_gmt":"2014-05-13T18:13:54","slug":"el-acceso-a-la-justicia-un-camino-hacia-la-igualdad","status":"publish","type":"post","link":"https:\/\/www.24baires.com\/?p=45904","title":{"rendered":"El acceso a la justicia: un camino hacia la igualdad"},"content":{"rendered":"<p><img data-recalc-dims=\"1\" loading=\"lazy\" decoding=\"async\" class=\"aligncenter size-full wp-image-45905\" src=\"https:\/\/i0.wp.com\/www.24baires.com\/wp-content\/uploads\/2014\/05\/justicia.jpg?resize=560%2C373\" alt=\"justicia\" width=\"560\" height=\"373\" srcset=\"https:\/\/i0.wp.com\/www.24baires.com\/wp-content\/uploads\/2014\/05\/justicia.jpg?w=560&amp;ssl=1 560w, https:\/\/i0.wp.com\/www.24baires.com\/wp-content\/uploads\/2014\/05\/justicia.jpg?resize=300%2C199&amp;ssl=1 300w\" sizes=\"auto, (max-width: 560px) 100vw, 560px\" \/>\u201cLuchar por la igualdad siempre que las diferencias nos discriminen, luchar por las diferencias siempre que la igualdad nos descaracterice\u201d BoaVentura De Sousa Santos.<br \/>\nEn un sentido cl\u00e1sico se ha entendido el acceso a la justicia como acceso a la jurisdicci\u00f3n, es decir como un derecho individual de toda persona de acceder a los \u00f3rganos judiciales. Este concepto, producto de una ideolog\u00eda liberal, exige del Estado no otra cosa que una actitud pasiva, limitada a reconocer que los individuos pueden defender sus derechos. <!--more--><\/p>\n<p>Avanzando en su evoluci\u00f3n, pero orientado en un mismo sentido, encontramos que el acceso a la justicia tambi\u00e9n puede ser definido como la posibilidad de obtener asesoramiento legal y judicial, en forma adecuada, sin costos, costos bajos o accesibles y sin discriminaci\u00f3n. Es as\u00ed que surgen, de la mano de los procesos de reforma judicial, los denominados mecanismos de resoluci\u00f3n alternativa de conflictos (RAC), en los \u00e1mbitos administrativos y judiciales, mediante la incorporaci\u00f3n de dispositivos tales como la mediaci\u00f3n, conciliaci\u00f3n, el arbitraje, etc.<br \/>\nSin embargo, la noci\u00f3n de acceso a la justicia ha ido transform\u00e1ndose de manera din\u00e1mica al ritmo de los nuevos desaf\u00edos que las democracias actuales plantean frente a los Estados. Tanto es as\u00ed que con la incorporaci\u00f3n de los derechos sociales, comienza a centrase la importancia en el acceso efectivo a la justicia y la necesidad de acciones afirmativas por parte del Estado. Es decir, una superaci\u00f3n del concepto cl\u00e1sico liberal, por una visi\u00f3n social e inclusiva del acceso a la justicia en el marco de la lucha por la igualdad.<br \/>\nDesde esta nueva perspectiva, sin dejar de lado el acceso a la justicia como un derecho fundamental, nos interesa la idea del acceso a la justica desde su dimensi\u00f3n pol\u00edtica, es decir como un servicio p\u00fablico, que garantiza un adecuado cumplimiento de los derechos de las personas, y que por ello exige la adopci\u00f3n de pol\u00edticas p\u00fablicas integrales y coordinadas, las que deben dirigirse principalmente a cubrir las necesidades de aquellas poblaciones hist\u00f3ricamente excluidas. Bajo esta nueva mirada ya no ser\u00e1 solamente el poder judicial el principal obligado de brindar un acceso a la justicia, sino el Estado en su conjunto.<br \/>\nEn nuestro pa\u00eds a partir del a\u00f1o 2003 se han generado un sin n\u00famero de pol\u00edticas inclusivas, que han fortalecido esta idea de acceso a la justicia como servicio p\u00fablico, generando un quiebre en la l\u00f3gica de intervenci\u00f3n estatal a trav\u00e9s de la presencia real, cotidiana y descentralizada del Estado en los barrios m\u00e1s vulnerables.<br \/>\nAhora bien, dentro de este nuevo paradigma, interesa preguntarnos si existen y cu\u00e1les son las experiencias de articulaci\u00f3n entre las agencias judiciales (Ministerio P\u00fablico y Poder Judicial) y aquellas pertenecientes al Poder Ejecutivo, en relaci\u00f3n al acceso a la justicia como servicio p\u00fablico. La respuesta es que existen varias experiencias de este tipo, las cuales se han venido desarrollando durante los \u00faltimos a\u00f1os de manera creativa y novedosa.<br \/>\nDe todas ellas, nos interesa detenernos en las que involucran, por un lado, al ministerio p\u00fablico de la Defensa, y por el otro, al ministerio de Justicia de la Naci\u00f3n, respecto a la conflictividad vinculada a la migraci\u00f3n, violencia institucional y violencia de g\u00e9nero.<br \/>\nComo resultado de la firma de acuerdos marcos de colaboraci\u00f3n entre ambas agencias, profesionales dependientes del Ministerio Publico de la Defensa, prestan servicio de asesoramiento y patrocinio jur\u00eddico gratuito en los Centros de Acceso a la Justicia, ubicados en las villas y asentamientos m\u00e1s vulnerables de la ciudad de buenos aires. Permitiendo de este modo, la presencia estrat\u00e9gica de la Defensa Publica en el territorio asumiendo un rol activo en la b\u00fasqueda del acceso a la justicia, generando v\u00ednculos de proximidad y de mayor cercan\u00eda entre el patrocinado, la conflictividad existente y el profesional.<br \/>\nEsta presencia conjunta de ambos organismo, ha significado la posibilidad de brindar una respuesta efectiva y eficiente a quienes resultan v\u00edctimas de los conflictos mencionados. Dicha pr\u00e1ctica trajo aparejados resultados muy interesantes que demuestran que, cuando el Estado decide articular de manera inteligente y coordinada, de cara a la sociedad y en contacto cotidiano con la realidad, el acceso a la justicia se hace presente, marcando el camino que d\u00eda a d\u00eda debemos recorrer en pos de la igualdad.<\/p>\n<p>&nbsp;<\/p>\n<p>&nbsp;<\/p>\n<p>&nbsp;<\/p>\n<p>&nbsp;<\/p>\n<p>&nbsp;<\/p>\n<p>&nbsp;<\/p>\n<p>&nbsp;<\/p>\n<p>&nbsp;<\/p>\n<p>&nbsp;<\/p>\n<p>&nbsp;<\/p>\n<p>&nbsp;<\/p>\n<p>&nbsp;<\/p>\n<p>&nbsp;<\/p>\n<p>&nbsp;<\/p>\n<p>&nbsp;<\/p>\n<p>&nbsp;<\/p>\n<p>&nbsp;<\/p>\n","protected":false},"excerpt":{"rendered":"<p>\u201cLuchar por la igualdad siempre que las diferencias nos discriminen, luchar por las diferencias siempre que la igualdad nos descaracterice\u201d BoaVentura De Sousa Santos. En un sentido cl\u00e1sico se ha entendido el acceso a la justicia como acceso a la jurisdicci\u00f3n, es decir como un derecho individual de toda persona de acceder a los \u00f3rganos judiciales. Este concepto, producto de [&#8230;]<\/p>\n","protected":false},"author":8,"featured_media":0,"comment_status":"open","ping_status":"open","sticky":false,"template":"","format":"standard","meta":{"_jetpack_newsletter_access":"","_jetpack_dont_email_post_to_subs":false,"_jetpack_newsletter_tier_id":0,"_jetpack_memberships_contains_paywalled_content":false,"_jetpack_memberships_contains_paid_content":false,"footnotes":""},"categories":[64],"tags":[],"class_list":["post-45904","post","type-post","status-publish","format-standard","hentry","category-opinion"],"jetpack_featured_media_url":"","jetpack_shortlink":"https:\/\/wp.me\/p2JWE0-bWo","jetpack-related-posts":[{"id":115472,"url":"https:\/\/www.24baires.com\/?p=115472","url_meta":{"origin":45904,"position":0},"title":"La Suprema Corte suspendi\u00f3 la feria judicial de invierno","author":"GB","date":"26\/06\/2020","format":false,"excerpt":"Funcionarios judiciales y sobre todo abogados ven\u00edan reclamando una medida en ese sentido para reactivar los expedientes y audiencias, ante el parate que provoc\u00f3 la cuarentena El m\u00e1ximo tribunal bonaerense dispuso la suspensi\u00f3n de la feria judicial durante el receso de invierno, con el objetivo de minimizar el impacto de\u2026","rel":"","context":"En \u00abProvincia\u00bb","block_context":{"text":"Provincia","link":"https:\/\/www.24baires.com\/?cat=40"},"img":{"alt_text":"","src":"https:\/\/i0.wp.com\/www.24baires.com\/wp-content\/uploads\/2020\/06\/corte-bonaerense.jpg?resize=350%2C200","width":350,"height":200,"srcset":"https:\/\/i0.wp.com\/www.24baires.com\/wp-content\/uploads\/2020\/06\/corte-bonaerense.jpg?resize=350%2C200 1x, https:\/\/i0.wp.com\/www.24baires.com\/wp-content\/uploads\/2020\/06\/corte-bonaerense.jpg?resize=525%2C300 1.5x"},"classes":[]},{"id":21542,"url":"https:\/\/www.24baires.com\/?p=21542","url_meta":{"origin":45904,"position":1},"title":"Los Organismos de DDHH tambi\u00e9n apoyan la reforma judicial","author":"Grupo Sierra","date":"21\/04\/2013","format":false,"excerpt":"Organismos de derechos humanos brindaron su apoyo a los proyectos presentados por el poder ejecutivo al Congreso nacional para \"democratizar\" la justicia y \"construir entre todos un Poder Judicial m\u00e1s transparente, \u00e1gil, moderno y accesible\". A trav\u00e9s de una solicitada publicada en los diarios P\u00e1gina\/12, Tiempo Argentino y Cr\u00f3nica, remarcaron\u2026","rel":"","context":"En \u00abLocales\u00bb","block_context":{"text":"Locales","link":"https:\/\/www.24baires.com\/?cat=38"},"img":{"alt_text":"","src":"","width":0,"height":0},"classes":[]},{"id":46985,"url":"https:\/\/www.24baires.com\/?p=46985","url_meta":{"origin":45904,"position":2},"title":"La Plata: presentaron proyecto de ciudadanizaci\u00f3n de personas trans","author":"GB","date":"29\/05\/2014","format":false,"excerpt":"Lo present\u00f3 la concejala del bloque FpV-Nacional y Popular de La Plata, Florencia Saintout, quien resalt\u00f3 que \"buscamos romper con la otredad estigmatizada para lograr la igualdad de g\u00e9nero\". \"Los derechos no se plebiscitan ni se negocian, se defienden y se ejercen\", enfatiz\u00f3 Saintout y agreg\u00f3 que \"el proyecto de\u2026","rel":"","context":"En \u00abSociedad\u00bb","block_context":{"text":"Sociedad","link":"https:\/\/www.24baires.com\/?cat=1"},"img":{"alt_text":"","src":"","width":0,"height":0},"classes":[]},{"id":6613,"url":"https:\/\/www.24baires.com\/?p=6613","url_meta":{"origin":45904,"position":3},"title":"Magistradas de Iberoam\u00e9rica debatir\u00e1n en Argentina sobre pol\u00edticas de g\u00e9nero","author":"AF","date":"24\/11\/2012","format":false,"excerpt":"Ser\u00e1 entre el 28 y el 30 de noviembre y est\u00e1 organizado por la Asociaci\u00f3n de Mujeres Jueces. Del acto inaugural participar\u00e1n la vicepresidenta de la Corte, Elena Highton de Nolasco, y la ministra Carmen Argibay. El 28 de noviembre, a las 11 se inaugurar\u00e1 en la Sala de Audiencias\u2026","rel":"","context":"En \u00abSociedad\u00bb","block_context":{"text":"Sociedad","link":"https:\/\/www.24baires.com\/?cat=1"},"img":{"alt_text":"","src":"","width":0,"height":0},"classes":[]},{"id":117762,"url":"https:\/\/www.24baires.com\/?p=117762","url_meta":{"origin":45904,"position":4},"title":"La Corte cre\u00f3 un registro para el ingreso de personas trans al poder judicial","author":"GB","date":"15\/06\/2021","format":false,"excerpt":"Se implementar\u00e1 a trav\u00e9s de la web del m\u00e1ximo tribunal bonaerense y tiene como objetivo garantizar la igualdad de oportunidades La Suprema Corte de Justicia bonaerense cre\u00f3 el \"Registro de aspirantes a ingresar al Poder Judicial de la Provincia de Buenos Aires, en el marco de la Ley N\u00ba 14783\",\u2026","rel":"","context":"En \u00abSociedad\u00bb","block_context":{"text":"Sociedad","link":"https:\/\/www.24baires.com\/?cat=1"},"img":{"alt_text":"","src":"https:\/\/i0.wp.com\/www.24baires.com\/wp-content\/uploads\/2013\/10\/suprema-corte.jpg?resize=350%2C200","width":350,"height":200,"srcset":"https:\/\/i0.wp.com\/www.24baires.com\/wp-content\/uploads\/2013\/10\/suprema-corte.jpg?resize=350%2C200 1x, https:\/\/i0.wp.com\/www.24baires.com\/wp-content\/uploads\/2013\/10\/suprema-corte.jpg?resize=525%2C300 1.5x"},"classes":[]},{"id":104170,"url":"https:\/\/www.24baires.com\/?p=104170","url_meta":{"origin":45904,"position":5},"title":"Cambiemos no logr\u00f3 designar a la jueza Weinberg de Roca como procuradora general","author":"AF","date":"29\/08\/2018","format":false,"excerpt":"Finalmente Cambiemos no consigui\u00f3 el apoyo del PJ para designar a la jueza In\u00e9s Weinberg de Roca como procuradora general de la Naci\u00f3n. La candidata elegida por Mauricio Macri hab\u00eda recibido varias impugnaciones por parte de la oposici\u00f3n y organismos de derechos humanos, que recordaron un reportaje donde la magistrada\u2026","rel":"","context":"En \u00abJUDICIALES\u00bb","block_context":{"text":"JUDICIALES","link":"https:\/\/www.24baires.com\/?cat=68"},"img":{"alt_text":"","src":"https:\/\/i0.wp.com\/www.24baires.com\/wp-content\/uploads\/2018\/08\/weinberg.jpg?resize=350%2C200","width":350,"height":200,"srcset":"https:\/\/i0.wp.com\/www.24baires.com\/wp-content\/uploads\/2018\/08\/weinberg.jpg?resize=350%2C200 1x, https:\/\/i0.wp.com\/www.24baires.com\/wp-content\/uploads\/2018\/08\/weinberg.jpg?resize=525%2C300 1.5x"},"classes":[]}],"jetpack_sharing_enabled":true,"jetpack_likes_enabled":true,"_links":{"self":[{"href":"https:\/\/www.24baires.com\/index.php?rest_route=\/wp\/v2\/posts\/45904","targetHints":{"allow":["GET"]}}],"collection":[{"href":"https:\/\/www.24baires.com\/index.php?rest_route=\/wp\/v2\/posts"}],"about":[{"href":"https:\/\/www.24baires.com\/index.php?rest_route=\/wp\/v2\/types\/post"}],"author":[{"embeddable":true,"href":"https:\/\/www.24baires.com\/index.php?rest_route=\/wp\/v2\/users\/8"}],"replies":[{"embeddable":true,"href":"https:\/\/www.24baires.com\/index.php?rest_route=%2Fwp%2Fv2%2Fcomments&post=45904"}],"version-history":[{"count":1,"href":"https:\/\/www.24baires.com\/index.php?rest_route=\/wp\/v2\/posts\/45904\/revisions"}],"predecessor-version":[{"id":45906,"href":"https:\/\/www.24baires.com\/index.php?rest_route=\/wp\/v2\/posts\/45904\/revisions\/45906"}],"wp:attachment":[{"href":"https:\/\/www.24baires.com\/index.php?rest_route=%2Fwp%2Fv2%2Fmedia&parent=45904"}],"wp:term":[{"taxonomy":"category","embeddable":true,"href":"https:\/\/www.24baires.com\/index.php?rest_route=%2Fwp%2Fv2%2Fcategories&post=45904"},{"taxonomy":"post_tag","embeddable":true,"href":"https:\/\/www.24baires.com\/index.php?rest_route=%2Fwp%2Fv2%2Ftags&post=45904"}],"curies":[{"name":"wp","href":"https:\/\/api.w.org\/{rel}","templated":true}]}}