{"id":4580,"date":"2012-11-06T11:19:48","date_gmt":"2012-11-06T14:19:48","guid":{"rendered":"http:\/\/www.24baires.com\/?p=4580"},"modified":"2015-12-18T14:22:03","modified_gmt":"2015-12-18T17:22:03","slug":"hebe-de-bonafini-la-marcha-del-8n-es-absolutamente-golpista","status":"publish","type":"post","link":"https:\/\/www.24baires.com\/?p=4580","title":{"rendered":"Hebe de Bonafini: \u00abLa marcha del 8N es absolutamente golpista\u00bb"},"content":{"rendered":"<p><img data-recalc-dims=\"1\" loading=\"lazy\" decoding=\"async\" class=\"aligncenter size-full wp-image-39456\" src=\"https:\/\/i0.wp.com\/www.24baires.com\/wp-content\/uploads\/2014\/01\/hebe-de-bonafini.jpg?resize=560%2C335\" alt=\"hebe-de-bonafini\" width=\"560\" height=\"335\" srcset=\"https:\/\/i0.wp.com\/www.24baires.com\/wp-content\/uploads\/2014\/01\/hebe-de-bonafini.jpg?w=560&amp;ssl=1 560w, https:\/\/i0.wp.com\/www.24baires.com\/wp-content\/uploads\/2014\/01\/hebe-de-bonafini.jpg?resize=300%2C179&amp;ssl=1 300w\" sizes=\"auto, (max-width: 560px) 100vw, 560px\" \/>As\u00ed lo sostuvo la titular de Madres de Plaza de Mayo, Hebe de Bonafini, en referencia a la marcha opositora que se prepara para el pr\u00f3ximo 8 de noviembre. \u00abLos que quieren hacer esto son los mismos que hicieron la Dictadura, est\u00e1n empe\u00f1ados en voltear a Cristina, son golpistas\u00bb, profundiz\u00f3.\u00a0<!--more--><\/p>\n<p>&nbsp;<\/p>\n<p>Hebe de Bonafini, titular de Madres de Plaza de Mayo, fue entrevistada por el programa radial \u00abUn d\u00eda perfecto\u00bb, y al recordar la conmemoraci\u00f3n de los 1800 jueves de Madres en la Plaza, dijo que \u00abcada jueves tiene su belleza, su dolor, su amor, su bronca, su paliza. No puedo decir que ese jueves fue un jueves m\u00e1s: \u00faltimamente, cada jueves es mejor. Los primeros a\u00f1os fueron m\u00e1s duros, m\u00e1s dif\u00edciles, por eso tiene m\u00e1s valor 1800, porque a\u00fan cuando secuestraron y mataron a tres de nuestras mejores madres, nosotras decidimos seguir. Mucha gente no quiso volver despu\u00e9s de eso, nosotras sin embargo dijimos &#8216;tenemos que seguir&#8217;. En la \u00e9poca de la Dictadura la pasamos mal y en la \u00e9poca de los gobiernos constitucionales tambi\u00e9n, porque nos dec\u00edan que \u00e9ramos una mala imagen para el pa\u00eds, porque ven\u00edan extranjeros y ve\u00edan a las madres. Nosotras empecinadas seguimos, y hoy la Plaza es un basti\u00f3n, es un lugar donde la voz invade, donde cada jueves todos esperan ver qu\u00e9 vamos a decir, un lugar donde uno puede hablar, denunciar, pedir, reclamar, exigir, disfrutar, avivar a este proyecto nacional y popular tan importante que tenemos. \u00a0Y fue as\u00ed como fuimos cambiando, cambiando los carteles, apoyando a este proyecto. Cada tanto cambiamos nuestro reclamo, nuestras exigencias, pero siempre con una l\u00ednea muy coherente.\u00bb<\/p>\n<p>\u00abAl principio de nuestra lucha fuimos degradadas, lapidadas, golpeadas y difamadas por los mismos que nos difaman hoy: Clar\u00edn y La Naci\u00f3n. Dec\u00edan que nuestros hijos eran terroristas y nos describ\u00edan a nosotras como &#8216;madres de esos terroristas&#8217;. Despu\u00e9s la gente fue entendiendo que ellos ment\u00edan, como entienden ahora que ellos siguen mintiendo, y se dieron cuenta de que nuestros hijos no eran terroristas, entendieron que eran hombres y mujeres revolucionarios que quer\u00edan el bien para la patria. Luego vinieron N\u00e9stor y Cristina, dieron ese vuelco maravilloso, incre\u00edble, que nos hizo sentir que un hijo nuestro estaba en la Casa de Gobierno\u00bb, expres\u00f3 Hebe.<\/p>\n<p>Al referirse a la actualidad pol\u00edtica del pa\u00eds, sostuvo que \u00abCristina est\u00e1 al frente de un proyecto impresionante, tit\u00e1nico, imposible de pensar que iba a pasar. Cuando N\u00e9stor ech\u00f3 a Bush, cuando hicieron el &#8216;Alca, al carajo&#8217;, cuando pas\u00f3 todo eso uno pudo notar la dimensi\u00f3n que ten\u00eda este proyecto, de cada paso que dieron, \u00a0de cada cosa que concret\u00f3. Puede ser que haya cosas que falten, pero se hizo tanto en tan poco tiempo&#8230; Los otros destruyeron el pa\u00eds, en 30 a\u00f1os vendieron, regalaron, remataron todo, y N\u00e9stor y Cristina tuvieron que retomar el gobierno\u00bb.<\/p>\n<p>La titular de Madres, manifest\u00f3 su rechazo con la marcha del pr\u00f3ximo 8 de noviembre: \u00abLos que quieren hacer esta marcha son los mismos que hicieron la Dictadura, est\u00e1n empe\u00f1ados en voltear a Cristina, son golpistas, uno ve los nombres de quienes la apoyan y ya se da cuenta. No por nada la hacen el mismo d\u00eda en que muri\u00f3 Massera y que cumple a\u00f1os Astiz. Conmemoran todo, festejan todo: ellos quieren a esos asesinos, torturadores, violadores de hombres y mujeres de este pa\u00eds. Los que van a la marcha y apoyan a estos tipos tambi\u00e9n lo son, quieren la destituci\u00f3n de Cristina. Ir\u00e1n a gritar por los d\u00f3lares, ir\u00e1n a gritar por lo que quieren, pero la quieren sacar a la Presidenta y eso es golpista, eso es una marcha absolutamente golpista.\u00bb<\/p>\n","protected":false},"excerpt":{"rendered":"<p>As\u00ed lo sostuvo la titular de Madres de Plaza de Mayo, Hebe de Bonafini, en referencia a la marcha opositora que se prepara para el pr\u00f3ximo 8 de noviembre. \u00abLos que quieren hacer esto son los mismos que hicieron la Dictadura, est\u00e1n empe\u00f1ados en voltear a Cristina, son golpistas\u00bb, profundiz\u00f3.\u00a0<\/p>\n","protected":false},"author":4,"featured_media":0,"comment_status":"open","ping_status":"open","sticky":false,"template":"","format":"standard","meta":{"_jetpack_newsletter_access":"","_jetpack_dont_email_post_to_subs":false,"_jetpack_newsletter_tier_id":0,"_jetpack_memberships_contains_paywalled_content":false,"_jetpack_memberships_contains_paid_content":false,"footnotes":""},"categories":[1],"tags":[],"class_list":["post-4580","post","type-post","status-publish","format-standard","hentry","category-sociedad"],"jetpack_featured_media_url":"","jetpack_shortlink":"https:\/\/wp.me\/p2JWE0-1bS","jetpack-related-posts":[{"id":101332,"url":"https:\/\/www.24baires.com\/?p=101332","url_meta":{"origin":4580,"position":0},"title":"Bonafini, sobre la vuelta del bast\u00f3n en la Bonaerense: \u00abEs aterrador\u00bb","author":"GB","date":"28\/03\/2018","format":false,"excerpt":"En una dura carta, la titular de Madres cuestion\u00f3 a Vidal y a Ritondo y advirti\u00f3 que los polic\u00edas \"van a llevar ese palo para matar a cualquiera\". La titular de la Asociaci\u00f3n Madres de Plaza de Mayo, Hebe de Bonafini, le apunt\u00f3 a Mar\u00eda Eugenia Vidal y a Cristian\u2026","rel":"","context":"En \u00abSociedad\u00bb","block_context":{"text":"Sociedad","link":"https:\/\/www.24baires.com\/?cat=1"},"img":{"alt_text":"","src":"https:\/\/i0.wp.com\/www.24baires.com\/wp-content\/uploads\/2014\/01\/hebe-de-bonafini.jpg?resize=350%2C200","width":350,"height":200,"srcset":"https:\/\/i0.wp.com\/www.24baires.com\/wp-content\/uploads\/2014\/01\/hebe-de-bonafini.jpg?resize=350%2C200 1x, https:\/\/i0.wp.com\/www.24baires.com\/wp-content\/uploads\/2014\/01\/hebe-de-bonafini.jpg?resize=525%2C300 1.5x"},"classes":[]},{"id":2555,"url":"https:\/\/www.24baires.com\/?p=2555","url_meta":{"origin":4580,"position":1},"title":"1800 jueves de las Madres: \u201cHasta la victoria siempre, hijos queridos\u201d lanz\u00f3 Hebe","author":"Grupo Sierra","date":"18\/10\/2012","format":false,"excerpt":"La titular de la Asociaci\u00f3n Madres de Plaza de Mayo, Hebe de Bonafini, asegur\u00f3 hoy que \u201cnunca vamos a dejar de estar aqu\u00ed\u201d, al conmemorar que las Madres cumplieron 1.800 jueves en esa Plaza. Hebe brind\u00f3 el discurso de cierre del acto que las Madres desarrollan cada semana y all\u00ed\u2026","rel":"","context":"En \u00abMemoria\u00bb","block_context":{"text":"Memoria","link":"https:\/\/www.24baires.com\/?cat=50"},"img":{"alt_text":"","src":"https:\/\/i0.wp.com\/www.24baires.com\/wp-content\/uploads\/2012\/10\/madres1.jpg?resize=350%2C200","width":350,"height":200,"srcset":"https:\/\/i0.wp.com\/www.24baires.com\/wp-content\/uploads\/2012\/10\/madres1.jpg?resize=350%2C200 1x, https:\/\/i0.wp.com\/www.24baires.com\/wp-content\/uploads\/2012\/10\/madres1.jpg?resize=525%2C300 1.5x"},"classes":[]},{"id":119564,"url":"https:\/\/www.24baires.com\/?p=119564","url_meta":{"origin":4580,"position":2},"title":"Muri\u00f3 a los 93 a\u00f1os Hebe de Bonafini, presidenta de Madres de Plaza de Ma","author":"GB","date":"20\/11\/2022","format":false,"excerpt":"La presidenta de Madres de Plaza de Mayo, Hebe de Bonafini, falleci\u00f3 hoy a los 93 a\u00f1os en el Hospital Italiano de La Plata Hebe de Bonafini muri\u00f3 hoy a los 93 a\u00f1os. La presidenta de Madres de Plaza de Mayo hab\u00eda sido dada de alta el 13 de octubre,\u2026","rel":"","context":"En \u00abSociedad\u00bb","block_context":{"text":"Sociedad","link":"https:\/\/www.24baires.com\/?cat=1"},"img":{"alt_text":"","src":"https:\/\/i0.wp.com\/www.24baires.com\/wp-content\/uploads\/2014\/01\/hebe-de-bonafini.jpg?resize=350%2C200","width":350,"height":200,"srcset":"https:\/\/i0.wp.com\/www.24baires.com\/wp-content\/uploads\/2014\/01\/hebe-de-bonafini.jpg?resize=350%2C200 1x, https:\/\/i0.wp.com\/www.24baires.com\/wp-content\/uploads\/2014\/01\/hebe-de-bonafini.jpg?resize=525%2C300 1.5x, https:\/\/i0.wp.com\/www.24baires.com\/wp-content\/uploads\/2014\/01\/hebe-de-bonafini.jpg?resize=700%2C400 2x"},"classes":[]},{"id":101348,"url":"https:\/\/www.24baires.com\/?p=101348","url_meta":{"origin":4580,"position":3},"title":"Bonafini sobre Meijide: \u00abNunca le import\u00f3 su hijo, queda claro, si no, no pedir\u00eda la libertad de Astiz\u00bb","author":"AF","date":"29\/03\/2018","format":false,"excerpt":"As\u00ed lo sostuvo Hebe. La titular de la Asociaci\u00f3n de Madres de Plaza de Mayo apunt\u00f3 contra la ex miembro de la Conadep, Graciela Fern\u00e1ndez Meijide, luego de haber apoyado la prisi\u00f3n domiciliaria del genocida Astiz. Hebe de Bonafini, titular de la Asociaci\u00f3n de Madres de Plaza de Mayo, sali\u00f3\u2026","rel":"","context":"En \u00abSociedad\u00bb","block_context":{"text":"Sociedad","link":"https:\/\/www.24baires.com\/?cat=1"},"img":{"alt_text":"","src":"https:\/\/i0.wp.com\/www.24baires.com\/wp-content\/uploads\/2018\/03\/bonafini-meijide.jpg?resize=350%2C200","width":350,"height":200,"srcset":"https:\/\/i0.wp.com\/www.24baires.com\/wp-content\/uploads\/2018\/03\/bonafini-meijide.jpg?resize=350%2C200 1x, https:\/\/i0.wp.com\/www.24baires.com\/wp-content\/uploads\/2018\/03\/bonafini-meijide.jpg?resize=525%2C300 1.5x"},"classes":[]},{"id":85887,"url":"https:\/\/www.24baires.com\/?p=85887","url_meta":{"origin":4580,"position":4},"title":"Ordenan detener a Hebe: \u00abQue me lleven presa, no les tengo miedo\u00bb dijo","author":"Grupo Sierra","date":"04\/08\/2016","format":false,"excerpt":"La titular de la Asociaci\u00f3n Madres de Plaza de Mayo, Hebe de Bonafini, no se present\u00f3 a declarar en los tribunales federales de Comodoro Py en la causa Sue\u00f1os Compartidos en la que est\u00e1 imputada, por lo que el juez Marcelo Mart\u00ednez de Giorgi orden\u00f3 su captura. Pese a que\u2026","rel":"","context":"En \u00abJUDICIALES\u00bb","block_context":{"text":"JUDICIALES","link":"https:\/\/www.24baires.com\/?cat=68"},"img":{"alt_text":"hebe madres","src":"https:\/\/i0.wp.com\/www.24baires.com\/wp-content\/uploads\/2016\/08\/hebe-madres.jpg?resize=350%2C200","width":350,"height":200,"srcset":"https:\/\/i0.wp.com\/www.24baires.com\/wp-content\/uploads\/2016\/08\/hebe-madres.jpg?resize=350%2C200 1x, https:\/\/i0.wp.com\/www.24baires.com\/wp-content\/uploads\/2016\/08\/hebe-madres.jpg?resize=525%2C300 1.5x"},"classes":[]},{"id":86173,"url":"https:\/\/www.24baires.com\/?p=86173","url_meta":{"origin":4580,"position":5},"title":"Madres de Plaza de Mayo realizan su ronda n\u00famero 2 mil","author":"GB","date":"11\/08\/2016","format":false,"excerpt":"Tal como hacen desde 1977, las Madres girar\u00e1n hoy por vez n\u00famero 2000 alrededor de la Pir\u00e1mide de Mayo, en un emblem\u00e1tico reclamo que comenz\u00f3 cuando la \u00faltima dictadura desapareci\u00f3 a sus hijos. La ronda se da a una semana del intento de detenci\u00f3n de la titular de Madres de\u2026","rel":"","context":"En \u00abSociedad\u00bb","block_context":{"text":"Sociedad","link":"https:\/\/www.24baires.com\/?cat=1"},"img":{"alt_text":"casa rosada madres","src":"https:\/\/i0.wp.com\/www.24baires.com\/wp-content\/uploads\/2016\/03\/casa-rosada-madres.jpg?resize=350%2C200","width":350,"height":200,"srcset":"https:\/\/i0.wp.com\/www.24baires.com\/wp-content\/uploads\/2016\/03\/casa-rosada-madres.jpg?resize=350%2C200 1x, https:\/\/i0.wp.com\/www.24baires.com\/wp-content\/uploads\/2016\/03\/casa-rosada-madres.jpg?resize=525%2C300 1.5x"},"classes":[]}],"jetpack_sharing_enabled":true,"jetpack_likes_enabled":true,"_links":{"self":[{"href":"https:\/\/www.24baires.com\/index.php?rest_route=\/wp\/v2\/posts\/4580","targetHints":{"allow":["GET"]}}],"collection":[{"href":"https:\/\/www.24baires.com\/index.php?rest_route=\/wp\/v2\/posts"}],"about":[{"href":"https:\/\/www.24baires.com\/index.php?rest_route=\/wp\/v2\/types\/post"}],"author":[{"embeddable":true,"href":"https:\/\/www.24baires.com\/index.php?rest_route=\/wp\/v2\/users\/4"}],"replies":[{"embeddable":true,"href":"https:\/\/www.24baires.com\/index.php?rest_route=%2Fwp%2Fv2%2Fcomments&post=4580"}],"version-history":[{"count":3,"href":"https:\/\/www.24baires.com\/index.php?rest_route=\/wp\/v2\/posts\/4580\/revisions"}],"predecessor-version":[{"id":76601,"href":"https:\/\/www.24baires.com\/index.php?rest_route=\/wp\/v2\/posts\/4580\/revisions\/76601"}],"wp:attachment":[{"href":"https:\/\/www.24baires.com\/index.php?rest_route=%2Fwp%2Fv2%2Fmedia&parent=4580"}],"wp:term":[{"taxonomy":"category","embeddable":true,"href":"https:\/\/www.24baires.com\/index.php?rest_route=%2Fwp%2Fv2%2Fcategories&post=4580"},{"taxonomy":"post_tag","embeddable":true,"href":"https:\/\/www.24baires.com\/index.php?rest_route=%2Fwp%2Fv2%2Ftags&post=4580"}],"curies":[{"name":"wp","href":"https:\/\/api.w.org\/{rel}","templated":true}]}}