{"id":4576,"date":"2012-11-06T10:44:05","date_gmt":"2012-11-06T13:44:05","guid":{"rendered":"http:\/\/www.24baires.com\/?p=4576"},"modified":"2012-11-06T10:44:05","modified_gmt":"2012-11-06T13:44:05","slug":"rutas-bonaerenses-es-alarmante-el-estado-en-el-que-estan","status":"publish","type":"post","link":"https:\/\/www.24baires.com\/?p=4576","title":{"rendered":"Rutas bonaerenses: es alarmante el estado en el que est\u00e1n"},"content":{"rendered":"<p><img data-recalc-dims=\"1\" loading=\"lazy\" decoding=\"async\" class=\"alignleft size-full wp-image-4577\" title=\"ruta partida\" src=\"https:\/\/i0.wp.com\/www.24baires.com\/wp-content\/uploads\/2012\/11\/ruta-50.jpg?resize=560%2C420\" alt=\"\" width=\"560\" height=\"420\" srcset=\"https:\/\/i0.wp.com\/www.24baires.com\/wp-content\/uploads\/2012\/11\/ruta-50.jpg?w=560&amp;ssl=1 560w, https:\/\/i0.wp.com\/www.24baires.com\/wp-content\/uploads\/2012\/11\/ruta-50.jpg?resize=300%2C225&amp;ssl=1 300w\" sizes=\"auto, (max-width: 560px) 100vw, 560px\" \/>Unos 98 millones de pesos fueron destinados a la construcci\u00f3n de esta v\u00eda, que \u00abune\u00bb la cabecera del partido bonaerense de General Pinto y la localidad de Germania. La ruta se llama \u00abN\u00e9stor Kirchner\u00bb, y fue inaugurada el 15 de octubre pasado, en un acto v\u00eda teleconferencia entre la presidenta Cristina Fern\u00e1ndez y el intendente local Alexis Guerrera. Las fuertes lluvias provocaron la ca\u00edda de un puente, que a su vez provoc\u00f3 la ruptura de la tierra y la gigantesca grieta.<!--more--><\/p>\n<p>En lo que puede catalogarse como un verdadero papel\u00f3n, la ruta denominada \u201cN\u00e9stor Carlos Kirchner\u201d, que une a la cabecera de General Pinto con la localidad de Germania, del mismo partido bonaerense, que fue inaugurada el pasado 15 de octubre, a poco de cumplirse el segundo aniversario del fallecimiento del ex Presidente, y cuya construcci\u00f3n demandara la friolera de 98 millones de pesos de inversi\u00f3n, literalmente se parti\u00f3 en dos.<\/p>\n<p>As\u00ed se pudo observar de la publicaci\u00f3n en Twitter de un ocasional conductor, quien al observar tama\u00f1a situaci\u00f3n decidi\u00f3 difundir la noticia: a causa de las intensas lluvias que durante la semana pasada azotaron a gran parte del territorio bonaerense, y por la ca\u00edda de un puente, el pavimento cedi\u00f3 y directamente se agriet\u00f3 hasta partirse al medio, provocando una marcada separaci\u00f3n del camino en cuesti\u00f3n, que no es otro que la uni\u00f3n pavimentada de las rutas N\u00ba 188 y N\u00ba 7.<\/p>\n<p>A trav\u00e9s de una teleconferencia \u2013como se mencion\u00f3, el pasado 15 de octubre\u2013 la mism\u00edsima presidenta Cristina Fern\u00e1ndez inauguraba el trayecto, en comunicaci\u00f3n directa con el intendente de General Pinto, Alexis Guerrera, evento del que participaron otros jefes comunales, como el de Florentino Ameghino, Francisco Iribarren, y su par de Lincoln, Jorge Fern\u00e1ndez, adem\u00e1s de los diputados provinciales Roc\u00edo Giaccone y Dar\u00edo Gol\u00eda, y la legisladora nacional Andrea Garc\u00eda.<\/p>\n<p>La obra fue financiada por el \u201cPlan de Obras para Todos los Argentinos\u201d, de la Presidencia de la Naci\u00f3n, y en otra imagen reciente, que en esta misma nota period\u00edstica se publica, puede verse el efecto del agua sobre esta misma v\u00eda, a la postre verdaderamente devastador.<\/p>\n","protected":false},"excerpt":{"rendered":"<p>Unos 98 millones de pesos fueron destinados a la construcci\u00f3n de esta v\u00eda, que \u00abune\u00bb la cabecera del partido bonaerense de General Pinto y la localidad de Germania. La ruta se llama \u00abN\u00e9stor Kirchner\u00bb, y fue inaugurada el 15 de octubre pasado, en un acto v\u00eda teleconferencia entre la presidenta Cristina Fern\u00e1ndez y el intendente local Alexis Guerrera. Las fuertes [&#8230;]<\/p>\n","protected":false},"author":4,"featured_media":0,"comment_status":"open","ping_status":"open","sticky":false,"template":"","format":"standard","meta":{"_jetpack_newsletter_access":"","_jetpack_dont_email_post_to_subs":false,"_jetpack_newsletter_tier_id":0,"_jetpack_memberships_contains_paywalled_content":false,"_jetpack_memberships_contains_paid_content":false,"footnotes":""},"categories":[38],"tags":[],"class_list":["post-4576","post","type-post","status-publish","format-standard","hentry","category-locales"],"jetpack_featured_media_url":"","jetpack_shortlink":"https:\/\/wp.me\/p2JWE0-1bO","jetpack-related-posts":[{"id":120266,"url":"https:\/\/www.24baires.com\/?p=120266","url_meta":{"origin":4576,"position":0},"title":"El Gasoducto N\u00e9stor Kirchner es la mayor obra energ\u00e9tica en 30 a\u00f1os","author":"GB","date":"10\/07\/2023","format":false,"excerpt":"Con la esperada foto de unidad, Cristina, Massa, Alberto y Rossi inauguraron la obra energ\u00e9tica m\u00e1s imponente e importante de las \u00faltimas d\u00e9cadas: el gasoducto presidente N\u00e9stor Kirchner. El presidente Alberto Fern\u00e1ndez, la vicepresidenta Cristina Fern\u00e1ndez de Kirchner y el ministro de Econom\u00eda y precandidato presidencial de Uni\u00f3n por la\u2026","rel":"","context":"En \u00abPol\u00edtica\u00bb","block_context":{"text":"Pol\u00edtica","link":"https:\/\/www.24baires.com\/?cat=51"},"img":{"alt_text":"","src":"https:\/\/i0.wp.com\/www.24baires.com\/wp-content\/uploads\/2023\/07\/gasoducto.jpeg?resize=350%2C200","width":350,"height":200,"srcset":"https:\/\/i0.wp.com\/www.24baires.com\/wp-content\/uploads\/2023\/07\/gasoducto.jpeg?resize=350%2C200 1x, https:\/\/i0.wp.com\/www.24baires.com\/wp-content\/uploads\/2023\/07\/gasoducto.jpeg?resize=525%2C300 1.5x, https:\/\/i0.wp.com\/www.24baires.com\/wp-content\/uploads\/2023\/07\/gasoducto.jpeg?resize=700%2C400 2x"},"classes":[]},{"id":118936,"url":"https:\/\/www.24baires.com\/?p=118936","url_meta":{"origin":4576,"position":1},"title":"Alberto y Cristina encabezar\u00e1n el acto por los 100 a\u00f1os de YPF","author":"AF","date":"02\/06\/2022","format":false,"excerpt":"El encuentro ser\u00e1 este viernes a las 17 en el predio de Tecn\u00f3polis. La petrolera celebrar\u00e1 tambi\u00e9n los 10 a\u00f1os de su expropiaci\u00f3n. El presidente Alberto Fern\u00e1ndez y la vicepresidenta Cristina Fern\u00e1ndez de Kirchner encabezar\u00e1n ma\u00f1ana el acto por el centenario de la empresa estatal de energ\u00eda Yacimientos Petrol\u00edferos Fiscales\u2026","rel":"","context":"En \u00abLocales\u00bb","block_context":{"text":"Locales","link":"https:\/\/www.24baires.com\/?cat=38"},"img":{"alt_text":"","src":"https:\/\/i0.wp.com\/www.24baires.com\/wp-content\/uploads\/2019\/10\/alberto-y-cristina.jpg?resize=350%2C200","width":350,"height":200,"srcset":"https:\/\/i0.wp.com\/www.24baires.com\/wp-content\/uploads\/2019\/10\/alberto-y-cristina.jpg?resize=350%2C200 1x, https:\/\/i0.wp.com\/www.24baires.com\/wp-content\/uploads\/2019\/10\/alberto-y-cristina.jpg?resize=525%2C300 1.5x, https:\/\/i0.wp.com\/www.24baires.com\/wp-content\/uploads\/2019\/10\/alberto-y-cristina.jpg?resize=700%2C400 2x"},"classes":[]},{"id":32038,"url":"https:\/\/www.24baires.com\/?p=32038","url_meta":{"origin":4576,"position":2},"title":"Inauguraron el acceso a San Vicente por la Ruta Provincial N\u00b0 58","author":"AF","date":"18\/09\/2013","format":false,"excerpt":"A trav\u00e9s de videoconferncia, la Presidenta de la naci\u00f3n Cristina Fern\u00e1ndez de Kirchner, inaugur\u00f3 el acceso al municipio de San Vicente de la Ruta Provincial N\u00b0 58 \u201cAvenida Parque Per\u00f3n \u2013 Evita\u201d. En la ocasi\u00f3n, el intendente local Daniel Di Sabatino coment\u00f3 que \u201ces una obra que se viene prometiendo\u2026","rel":"","context":"En \u00abLocales\u00bb","block_context":{"text":"Locales","link":"https:\/\/www.24baires.com\/?cat=38"},"img":{"alt_text":"san vicente","src":"https:\/\/i0.wp.com\/www.24baires.com\/wp-content\/uploads\/2013\/09\/san-vicente.jpg?resize=350%2C200","width":350,"height":200},"classes":[]},{"id":23503,"url":"https:\/\/www.24baires.com\/?p=23503","url_meta":{"origin":4576,"position":3},"title":"De Vido en Coronel Su\u00e1rez: \u00abEsta es la Argentina igualitaria de la que hablaba N\u00e9stor\u00bb","author":"AF","date":"14\/05\/2013","format":false,"excerpt":"El ministro de Planificaci\u00f3n, Julio De Vido, asegur\u00f3 hoy, al inaugurar el acceso al pueblo San Jos\u00e9 desde la ruta provincial 85, en Coronel Su\u00e1rez, que \"esta es la Argentina igualitaria de la que hablaba N\u00e9stor Kirchner\". \"Estamos pasando a la propia Argentina profunda\", dijo De Vido en la primera\u2026","rel":"","context":"En \u00abLocales\u00bb","block_context":{"text":"Locales","link":"https:\/\/www.24baires.com\/?cat=38"},"img":{"alt_text":"de vido","src":"https:\/\/i0.wp.com\/www.24baires.com\/wp-content\/uploads\/2012\/12\/de-vido-300x200.jpg?resize=350%2C200","width":350,"height":200},"classes":[]},{"id":120302,"url":"https:\/\/www.24baires.com\/?p=120302","url_meta":{"origin":4576,"position":4},"title":"El Gasoducto N\u00e9stor Kirchner est\u00e1 llenado en un 55%","author":"AF","date":"21\/07\/2023","format":false,"excerpt":"La empresa estatal Energ\u00eda Argentina inform\u00f3 este viernes que contin\u00faa el llenado del Gasoducto Presidente N\u00e9stor Kirchner y que este proceso finalizar\u00e1 la pr\u00f3xima semana, con lo que de ah\u00ed en m\u00e1s el gas proveniente de Vaca Muerta comenzar\u00e1 a circular por el sistema de distribuci\u00f3n. \u201cContinuamos con el llenado\u2026","rel":"","context":"En \u00abSociedad\u00bb","block_context":{"text":"Sociedad","link":"https:\/\/www.24baires.com\/?cat=1"},"img":{"alt_text":"","src":"https:\/\/i0.wp.com\/www.24baires.com\/wp-content\/uploads\/2023\/07\/gasoducto-1.jpg?resize=350%2C200","width":350,"height":200,"srcset":"https:\/\/i0.wp.com\/www.24baires.com\/wp-content\/uploads\/2023\/07\/gasoducto-1.jpg?resize=350%2C200 1x, https:\/\/i0.wp.com\/www.24baires.com\/wp-content\/uploads\/2023\/07\/gasoducto-1.jpg?resize=525%2C300 1.5x, https:\/\/i0.wp.com\/www.24baires.com\/wp-content\/uploads\/2023\/07\/gasoducto-1.jpg?resize=700%2C400 2x"},"classes":[]},{"id":8174,"url":"https:\/\/www.24baires.com\/?p=8174","url_meta":{"origin":4576,"position":5},"title":"Habilitan el \u00faltimo tramo de la Autopista Balcarce &#8211; Mar del Plata","author":"Grupo Sierra","date":"06\/12\/2012","format":false,"excerpt":"Si bien a\u00fan no se inaugur\u00f3 de manera oficial, ya se encuentra habilitada al tr\u00e1nsito la doble v\u00eda de la ruta N \u00b0 226, en el tramo que une las localidades bonaerenses de Balcarce y Mar del Plata. Siguiendo lo anunciado por el diario de Balcarce, La Vanguardia, se trata\u2026","rel":"","context":"En \u00abLocales\u00bb","block_context":{"text":"Locales","link":"https:\/\/www.24baires.com\/?cat=38"},"img":{"alt_text":"","src":"","width":0,"height":0},"classes":[]}],"jetpack_sharing_enabled":true,"jetpack_likes_enabled":true,"_links":{"self":[{"href":"https:\/\/www.24baires.com\/index.php?rest_route=\/wp\/v2\/posts\/4576","targetHints":{"allow":["GET"]}}],"collection":[{"href":"https:\/\/www.24baires.com\/index.php?rest_route=\/wp\/v2\/posts"}],"about":[{"href":"https:\/\/www.24baires.com\/index.php?rest_route=\/wp\/v2\/types\/post"}],"author":[{"embeddable":true,"href":"https:\/\/www.24baires.com\/index.php?rest_route=\/wp\/v2\/users\/4"}],"replies":[{"embeddable":true,"href":"https:\/\/www.24baires.com\/index.php?rest_route=%2Fwp%2Fv2%2Fcomments&post=4576"}],"version-history":[{"count":2,"href":"https:\/\/www.24baires.com\/index.php?rest_route=\/wp\/v2\/posts\/4576\/revisions"}],"predecessor-version":[{"id":4579,"href":"https:\/\/www.24baires.com\/index.php?rest_route=\/wp\/v2\/posts\/4576\/revisions\/4579"}],"wp:attachment":[{"href":"https:\/\/www.24baires.com\/index.php?rest_route=%2Fwp%2Fv2%2Fmedia&parent=4576"}],"wp:term":[{"taxonomy":"category","embeddable":true,"href":"https:\/\/www.24baires.com\/index.php?rest_route=%2Fwp%2Fv2%2Fcategories&post=4576"},{"taxonomy":"post_tag","embeddable":true,"href":"https:\/\/www.24baires.com\/index.php?rest_route=%2Fwp%2Fv2%2Ftags&post=4576"}],"curies":[{"name":"wp","href":"https:\/\/api.w.org\/{rel}","templated":true}]}}