{"id":45714,"date":"2014-05-10T21:00:59","date_gmt":"2014-05-11T00:00:59","guid":{"rendered":"http:\/\/www.24baires.com\/?p=45714"},"modified":"2014-05-10T20:08:55","modified_gmt":"2014-05-10T23:08:55","slug":"opcion-por-mugica","status":"publish","type":"post","link":"https:\/\/www.24baires.com\/?p=45714","title":{"rendered":"Opci\u00f3n por Mugica"},"content":{"rendered":"<p><img data-recalc-dims=\"1\" loading=\"lazy\" decoding=\"async\" class=\"aligncenter size-full wp-image-45715\" src=\"https:\/\/i0.wp.com\/www.24baires.com\/wp-content\/uploads\/2014\/05\/mugica.jpg?resize=560%2C298\" alt=\"mugica\" width=\"560\" height=\"298\" srcset=\"https:\/\/i0.wp.com\/www.24baires.com\/wp-content\/uploads\/2014\/05\/mugica.jpg?w=560&amp;ssl=1 560w, https:\/\/i0.wp.com\/www.24baires.com\/wp-content\/uploads\/2014\/05\/mugica.jpg?resize=300%2C159&amp;ssl=1 300w\" sizes=\"auto, (max-width: 560px) 100vw, 560px\" \/>A tiros. Lo mataron a tiros, despu\u00e9s de dar misa. Lo mataron porque les molestaba, porque representaba con su voz y sus acciones al pueblo oprimido, a los necesitados de siempre, a los que durante a\u00f1os estaban debajo de la suela de las botas, despreciados por los poderosos. Lo mataron porque en la vida se elige y \u00e9l eligi\u00f3 a los pobres. Puso el cuerpo, el alma en la que cre\u00eda y dio todo, hasta lo que no ten\u00eda.<!--more--><br \/>\nCarlos Mugica, el Padre Mugica, el curita de los pobres, llamalo como quieras. Es lo mismo, es el mismo. Es el que se meti\u00f3 en el barro, no para mostrarse sino para embarrarse. Porque los pobres viven ah\u00ed. Es el que pas\u00f3 hambre, no para reclamar algo para s\u00ed, sino porque los pobres no comen y \u00e9l se sacaba la comida de la boca para darla. \u00c9l dio la vida por los pobres, no s\u00f3lo porque muri\u00f3 por sus ideas y, sobre todo, por sus hechos, sino porque entreg\u00f3 su vida, d\u00eda a d\u00eda a la causa de los descamisados, de los m\u00e1s desprotegidos, de esos que sufren tanto y sufren siempre. Vivi\u00f3 con plenitud su elecci\u00f3n.<br \/>\nHombres como Carlos Mugica no se entierran, se siembran. Ya hemos sembrado a muchos y van creciendo, de a poco, las flores. No se los entierra en cementerios, ni en camposantos. Nada de eso. Se los siembra en la memoria, se los siembra en el Pueblo. Y ah\u00ed viven, ah\u00ed arraigan sus ideales, siempre justas, igualitarias, fraternales. Ah\u00ed su lucha es ejemplo.<br \/>\nMugica perteneci\u00f3 a una instituci\u00f3n que fue colaboradora de la dictadura, esa que vendr\u00eda al poco tiempo de su muerte. Pero hubo quienes, dentro de la misma iglesia, se resistieron a la complicidad sinistra porque ellos eran pueblo y era al pueblo al que se persegu\u00eda, mataba y hambreaba. Hubo quienes entendieron que su misi\u00f3n no era tener el anillo de oro en un dedo, sino los pies en el barro y el pecho colmado de amor y predispuesto a recibir las balas del odio, que pueden ser de plomo. Hoy tambi\u00e9n los hay, est\u00e1n en las villas ense\u00f1ando a leer, dando de comer. No los quieren mucho en las altas esferas santas alejadas por siempre de las bajas, vaya a saber uno por qu\u00e9.<br \/>\nMugica vino de una cuna acomodada, cambi\u00f3 todo por los necesitados y por su fe, que era la fe en los necesitados. Ah\u00ed \u00e9l buscaba a Dios. Mugica opt\u00f3 por los pobres.<br \/>\nA tiros quisieron eliminarlo. Pero hoy, cuarenta a\u00f1os despu\u00e9s, sabemos que fallaron. Sus disparos cobardes acabaron con su cuerpo, nos quitaron su presencia, su fuerza de trabajo, pero agigantaron a\u00fan m\u00e1s su figura humilde y solidaria. A tiros quisieron eliminarlo. Fallaron. Claro, no sab\u00edan que las ideas son a prueba de balas.<\/p>\n","protected":false},"excerpt":{"rendered":"<p>A tiros. Lo mataron a tiros, despu\u00e9s de dar misa. Lo mataron porque les molestaba, porque representaba con su voz y sus acciones al pueblo oprimido, a los necesitados de siempre, a los que durante a\u00f1os estaban debajo de la suela de las botas, despreciados por los poderosos. Lo mataron porque en la vida se elige y \u00e9l eligi\u00f3 a [&#8230;]<\/p>\n","protected":false},"author":4,"featured_media":0,"comment_status":"open","ping_status":"open","sticky":false,"template":"","format":"standard","meta":{"_jetpack_newsletter_access":"","_jetpack_dont_email_post_to_subs":false,"_jetpack_newsletter_tier_id":0,"_jetpack_memberships_contains_paywalled_content":false,"_jetpack_memberships_contains_paid_content":false,"footnotes":""},"categories":[64],"tags":[],"class_list":["post-45714","post","type-post","status-publish","format-standard","hentry","category-opinion"],"jetpack_featured_media_url":"","jetpack_shortlink":"https:\/\/wp.me\/p2JWE0-bTk","jetpack-related-posts":[{"id":45579,"url":"https:\/\/www.24baires.com\/?p=45579","url_meta":{"origin":45714,"position":0},"title":"A 40 a\u00f1os de su asesinato, los recuerdos del Padre Mugica","author":"Grupo Sierra","date":"08\/05\/2014","format":false,"excerpt":"El sacerdote, quien eligi\u00f3 dejar atr\u00e1s una condici\u00f3n social privilegiada para abrazar la vocaci\u00f3n religiosa al servicio de los pobres, se convert\u00eda hace 40 a\u00f1os en un s\u00edmbolo del compromiso eclesi\u00e1stico con los sectores populares, al caer asesinado por la organizaci\u00f3n parapolicial Triple A, que comandaba el entonces ministro de\u2026","rel":"","context":"En \u00abMemoria\u00bb","block_context":{"text":"Memoria","link":"https:\/\/www.24baires.com\/?cat=50"},"img":{"alt_text":"padre mugica","src":"https:\/\/i0.wp.com\/www.24baires.com\/wp-content\/uploads\/2014\/05\/padre-mugica.jpg?resize=350%2C200","width":350,"height":200,"srcset":"https:\/\/i0.wp.com\/www.24baires.com\/wp-content\/uploads\/2014\/05\/padre-mugica.jpg?resize=350%2C200 1x, https:\/\/i0.wp.com\/www.24baires.com\/wp-content\/uploads\/2014\/05\/padre-mugica.jpg?resize=525%2C300 1.5x"},"classes":[]},{"id":23285,"url":"https:\/\/www.24baires.com\/?p=23285","url_meta":{"origin":45714,"position":1},"title":"Evocan en un acto la figura del Padre Mugica asesinado por la Triple A hace 39 a\u00f1os","author":"Grupo Sierra","date":"11\/05\/2013","format":false,"excerpt":"CA\u00d1UELAS.- El vicegobernador bonaerense, Gabriel Mariotto, evoc\u00f3 la figura del sacerdote Carlos Mugica, asesinado en 1974, y afirm\u00f3 que \"es uno de los tantos compa\u00f1eros que han dado su vida por la construcci\u00f3n de un proyecto que hoy est\u00e1 nuevamente en carrera\u201d. Mariotto lo expres\u00f3 al participar en Ca\u00f1uelas del\u2026","rel":"","context":"En \u00abPol\u00edtica\u00bb","block_context":{"text":"Pol\u00edtica","link":"https:\/\/www.24baires.com\/?cat=51"},"img":{"alt_text":"Mugica_02","src":"https:\/\/i0.wp.com\/www.24baires.com\/wp-content\/uploads\/2013\/05\/Mugica_02.jpg?resize=350%2C200","width":350,"height":200},"classes":[]},{"id":45696,"url":"https:\/\/www.24baires.com\/?p=45696","url_meta":{"origin":45714,"position":2},"title":"\u00abQuienes dicen que hay una Argentina violenta, quieren reeditar viejos enfrentamientos\u00bb asegur\u00f3 Cristina","author":"AF","date":"10\/05\/2014","format":false,"excerpt":"La presidenta Cristina Fern\u00e1ndez de Kirchner asegur\u00f3 que quienes dicen que \"hoy la Argentina es una Argentina violenta\" pueden estar queriendo reeditar \"viejos enfrentamientos\". \"Mir\u00e9 la tapa de los diarios y vi que alguien resum\u00eda o dec\u00eda que hoy la Argentina es una Argentina violenta y me di cuenta que\u2026","rel":"","context":"En \u00abPol\u00edtica\u00bb","block_context":{"text":"Pol\u00edtica","link":"https:\/\/www.24baires.com\/?cat=51"},"img":{"alt_text":"cristina mugica","src":"https:\/\/i0.wp.com\/www.24baires.com\/wp-content\/uploads\/2014\/05\/cristin-mugica.jpg?resize=350%2C200","width":350,"height":200,"srcset":"https:\/\/i0.wp.com\/www.24baires.com\/wp-content\/uploads\/2014\/05\/cristin-mugica.jpg?resize=350%2C200 1x, https:\/\/i0.wp.com\/www.24baires.com\/wp-content\/uploads\/2014\/05\/cristin-mugica.jpg?resize=525%2C300 1.5x"},"classes":[]},{"id":45619,"url":"https:\/\/www.24baires.com\/?p=45619","url_meta":{"origin":45714,"position":3},"title":"Cinco miembros de la Triple A ser\u00e1n llevados a juicio oral por asociaci\u00f3n il\u00edcita","author":"GB","date":"09\/05\/2014","format":false,"excerpt":"Estaban procesados como integrantes de ese grupo parapolicial organizado por Jos\u00e9 L\u00f3pez Rega. Siguen bajo investigaci\u00f3n los casos de asesinatos atribuidos a la banda, como el del sacerdote Carlos Mugica. El juez federal Norberto Oyarbide dio por cerrada la instrucci\u00f3n y envi\u00f3 a juicio a cinco detenidos por integrar una\u2026","rel":"","context":"En \u00abMemoria\u00bb","block_context":{"text":"Memoria","link":"https:\/\/www.24baires.com\/?cat=50"},"img":{"alt_text":"triplea","src":"https:\/\/i0.wp.com\/www.24baires.com\/wp-content\/uploads\/2014\/05\/triplea.jpg?resize=350%2C200","width":350,"height":200},"classes":[]},{"id":46183,"url":"https:\/\/www.24baires.com\/?p=46183","url_meta":{"origin":45714,"position":4},"title":"Proponen declarar el \u00abD\u00eda de los valores villeros\u00bb por el nacimiento de Mugica","author":"AF","date":"17\/05\/2014","format":false,"excerpt":"La iniciativa que se present\u00f3 en Diputados busca instituir el 7 de octubre como el \"D\u00eda nacional de los valores villeros\", en conmemoraci\u00f3n del nacimiento del padre Carlos Mugica. El objetivo: valorizar y aprender de las culturas populares. Los diputados del Frente para la Victoria presentaron un proyecto de ley\u2026","rel":"","context":"En \u00abSociedad\u00bb","block_context":{"text":"Sociedad","link":"https:\/\/www.24baires.com\/?cat=1"},"img":{"alt_text":"mugica","src":"https:\/\/i0.wp.com\/www.24baires.com\/wp-content\/uploads\/2014\/05\/mugica.jpg?resize=350%2C200","width":350,"height":200,"srcset":"https:\/\/i0.wp.com\/www.24baires.com\/wp-content\/uploads\/2014\/05\/mugica.jpg?resize=350%2C200 1x, https:\/\/i0.wp.com\/www.24baires.com\/wp-content\/uploads\/2014\/05\/mugica.jpg?resize=525%2C300 1.5x"},"classes":[]},{"id":46119,"url":"https:\/\/www.24baires.com\/?p=46119","url_meta":{"origin":45714,"position":5},"title":"Homenaje a Mugica: proponen el 7 de octubre como \u201cD\u00eda Nacional de los Valores Villeros\u201d","author":"Grupo Sierra","date":"16\/05\/2014","format":false,"excerpt":"La presentaci\u00f3n se realizar\u00e1 a las 17 en el Sal\u00f3n de Pasos Perdidos del Congreso de la Naci\u00f3n. La iniciativa en conmemoraci\u00f3n del nacimiento del padre Carlos Mugica, es apoyada por diputados del kirchnerismo, curas villeros, artistas y el vicegobernador de la provincia de Buenos Aires, Gabriel Mariotto. Diputados kirchneristas,\u2026","rel":"","context":"En \u00abSociedad\u00bb","block_context":{"text":"Sociedad","link":"https:\/\/www.24baires.com\/?cat=1"},"img":{"alt_text":"Mugica_02","src":"https:\/\/i0.wp.com\/www.24baires.com\/wp-content\/uploads\/2013\/05\/Mugica_02-296x300.jpg?resize=350%2C200","width":350,"height":200},"classes":[]}],"jetpack_sharing_enabled":true,"jetpack_likes_enabled":true,"_links":{"self":[{"href":"https:\/\/www.24baires.com\/index.php?rest_route=\/wp\/v2\/posts\/45714","targetHints":{"allow":["GET"]}}],"collection":[{"href":"https:\/\/www.24baires.com\/index.php?rest_route=\/wp\/v2\/posts"}],"about":[{"href":"https:\/\/www.24baires.com\/index.php?rest_route=\/wp\/v2\/types\/post"}],"author":[{"embeddable":true,"href":"https:\/\/www.24baires.com\/index.php?rest_route=\/wp\/v2\/users\/4"}],"replies":[{"embeddable":true,"href":"https:\/\/www.24baires.com\/index.php?rest_route=%2Fwp%2Fv2%2Fcomments&post=45714"}],"version-history":[{"count":1,"href":"https:\/\/www.24baires.com\/index.php?rest_route=\/wp\/v2\/posts\/45714\/revisions"}],"predecessor-version":[{"id":45716,"href":"https:\/\/www.24baires.com\/index.php?rest_route=\/wp\/v2\/posts\/45714\/revisions\/45716"}],"wp:attachment":[{"href":"https:\/\/www.24baires.com\/index.php?rest_route=%2Fwp%2Fv2%2Fmedia&parent=45714"}],"wp:term":[{"taxonomy":"category","embeddable":true,"href":"https:\/\/www.24baires.com\/index.php?rest_route=%2Fwp%2Fv2%2Fcategories&post=45714"},{"taxonomy":"post_tag","embeddable":true,"href":"https:\/\/www.24baires.com\/index.php?rest_route=%2Fwp%2Fv2%2Ftags&post=45714"}],"curies":[{"name":"wp","href":"https:\/\/api.w.org\/{rel}","templated":true}]}}