{"id":4569,"date":"2012-11-06T10:24:20","date_gmt":"2012-11-06T13:24:20","guid":{"rendered":"http:\/\/www.24baires.com\/?p=4569"},"modified":"2012-11-06T10:25:22","modified_gmt":"2012-11-06T13:25:22","slug":"arlia-y-la-intencion-de-acabar-con-los-canales-clandestinos","status":"publish","type":"post","link":"https:\/\/www.24baires.com\/?p=4569","title":{"rendered":"Arl\u00eda y la intenci\u00f3n de acabar con los canales clandestinos"},"content":{"rendered":"<p>El ministro de Infraestructura, Alejandro Arl\u00eda, protagoniz\u00f3 una reuni\u00f3n con el Jefe comunal de San Antonio de Areco, Francisco Dura\u00f1ona, donde anunci\u00f3 la intenci\u00f3n de una iniciativa para endurecer \u201clas penas\u201d por este tipo de acciones, que gener\u00f3 disputas entre municipios y denuncias varias.<!--more--><\/p>\n<p>El ministro de Infraestructura bonaerense y el Intendente de San Antonio de Areco encabezaron una reuni\u00f3n del Comit\u00e9 de Cuenca H\u00eddrica de esa comuna, en la que hablaron de una normativa para sancionar a quienes tengan canales clandestinos. \u201cCon esta iniciativa parlamentaria buscamos que aquel que tenga un canal oculto pague el resarcimiento y de esa forma evitar el da\u00f1o conjunto de la sociedad\u201d, asegur\u00f3 el funcionario bonaerense.<\/p>\n<p>\u201cEstamos trabajando para el endurecimiento de las penas de este tipo de acciones\u201d, asegur\u00f3 Alejandro Arl\u00eda.<\/p>\n<p>Sucede que existen en total, y m\u00e1s con motivo de las inundaciones padecidas por gran parte del interior provincial, 132 denuncias de canales clandestinos a lo largo del R\u00edo Areco y de las cuales \u201c58 ya han sido regularizadas\u201d. El ministro agreg\u00f3 que su cartera trabaja \u201cpara verificar si son canales no autorizados por las autoridades provinciales competentes y se produzca por la v\u00eda judicial la autorizaci\u00f3n para intervenirlos y eliminarlos\u201d.<\/p>\n<p>Tambi\u00e9n hablaron de una red hidrometeorol\u00f3gica para establecer alertas en casos de lluvias.<\/p>\n<p>\u201cTenemos cinco estaciones de medici\u00f3n remotas a lo largo del R\u00edo Areco, ahora estamos tratando de sincronizar y calibrar esta fuente de informaci\u00f3n que nos permiten medir el cauce del agua, la profundidad, la velocidad de los vientos y la pluviometr\u00eda, es decir, saber cu\u00e1nto va a llover\u201d, coment\u00f3 el titular de la cartera de infraestructura.<\/p>\n<p>\u201cUna serie de datos que con ayuda de la Universidad Nacional de La Plata (UNLP) nos van a permitir tener un sistema de alerta temprana de \u00faltima generaci\u00f3n\u201d, agreg\u00f3.<\/p>\n<p>El tema de los canales clandestinos, en virtud de las precipitaciones, fue la preocupaci\u00f3n principal para el sector de Arl\u00eda, junto con el traspaso a la \u00f3rbita provincial de la Autopista Buenos Aires-La Plata en octubre. La ca\u00edda de agua que tuvo lugar a finales de agosto y sobre todo en la primera quincena del mes siguiente dej\u00f3 fuertes secuelas pol\u00edticas en la relaci\u00f3n de los Intendentes, m\u00e1s que nada en la Cuarta Secci\u00f3n Electoral: el Jefe comunal de Tranque Lauquen, Ra\u00fal Feito, realiz\u00f3 una presentaci\u00f3n ante la Direcci\u00f3n Provincial de Hidr\u00e1ulica contra la localidad de Am\u00e9rica, que pertenece al distrito de Rivadavia, donde manda Sergio Buil, hermano del diputado bonaerense de mismo apellido (del Frente Amplio Progresista).<\/p>\n<p>Feito tambi\u00e9n protagoniz\u00f3 un altercado con otro par, Pablo Zurro, al mando de Pahuaj\u00f3 -una de las comunas m\u00e1s abatidas por las condiciones clim\u00e1ticas, con m\u00e1s del 80 por ciento de su superficie comprometida- y denunciante de estos canales clandestinos.<\/p>\n<p>A estos se sum\u00f3 el alcalde de General Villegas, Gilberto Alegre, que pidi\u00f3 la intervenci\u00f3n de los Juzgados de Paz para que resuelvan la situaci\u00f3n de las grandes cantidades de agua ca\u00edda y apunt\u00f3 contra productores rurales. Tras un sobrevuelo por las zonas m\u00e1s perjudicadas, pudo determinarse que \u201cuna importante cantidad de canales no autorizados que anarquizan la situaci\u00f3n en el manejo hidr\u00e1ulico en su distrito y en otros vecinos\u201d.<\/p>\n","protected":false},"excerpt":{"rendered":"<p>El ministro de Infraestructura, Alejandro Arl\u00eda, protagoniz\u00f3 una reuni\u00f3n con el Jefe comunal de San Antonio de Areco, Francisco Dura\u00f1ona, donde anunci\u00f3 la intenci\u00f3n de una iniciativa para endurecer \u201clas penas\u201d por este tipo de acciones, que gener\u00f3 disputas entre municipios y denuncias varias.<\/p>\n","protected":false},"author":4,"featured_media":0,"comment_status":"open","ping_status":"open","sticky":false,"template":"","format":"standard","meta":{"_jetpack_newsletter_access":"","_jetpack_dont_email_post_to_subs":false,"_jetpack_newsletter_tier_id":0,"_jetpack_memberships_contains_paywalled_content":false,"_jetpack_memberships_contains_paid_content":false,"footnotes":""},"categories":[38],"tags":[],"class_list":["post-4569","post","type-post","status-publish","format-standard","hentry","category-locales"],"jetpack_featured_media_url":"","jetpack_shortlink":"https:\/\/wp.me\/p2JWE0-1bH","jetpack-related-posts":[{"id":3818,"url":"https:\/\/www.24baires.com\/?p=3818","url_meta":{"origin":4569,"position":0},"title":"Con fuertes cr\u00edticas al Ministro Arl\u00eda, vecinos coordinan acciones por el estado de las rutas","author":"Grupo Sierra","date":"30\/10\/2012","format":false,"excerpt":"El pr\u00f3ximo s\u00e1bado, vecinos de Pilar, Pergamino y San Antonio de Areco, entre otras ciudades del interior, coordinar\u00e1n acciones para reclamar por el \u201cp\u00e9simo\u201d estado de las rutas. En ese sentido, intensificaron las cr\u00edticas al Ministro de Infraestructura, Alejandro Arl\u00eda, por \u201csus falsas promesas\u201d.\u00a0Se reunir\u00e1n en Mercedes El encuentro tendr\u00e1\u2026","rel":"","context":"En \u00abProvincia\u00bb","block_context":{"text":"Provincia","link":"https:\/\/www.24baires.com\/?cat=40"},"img":{"alt_text":"","src":"","width":0,"height":0},"classes":[]},{"id":31837,"url":"https:\/\/www.24baires.com\/?p=31837","url_meta":{"origin":4569,"position":1},"title":"En octubre repavimentar\u00e1n la Ruta 41","author":"GB","date":"14\/09\/2013","format":false,"excerpt":"MERCEDES- Juan Ignacio Ustarroz confirm\u00f3 que en octubre se har\u00e1 la licitaci\u00f3n para la repavimentaci\u00f3n total de la Ruta provincial 41. Asegur\u00f3 que \"las obras ser\u00e1n el resultado de un trabajo en equipo con los vecinos de la Comisi\u00f3n, la confirmaci\u00f3n de que tenemos que tirar todos para el mismo\u2026","rel":"","context":"En \u00abLocales\u00bb","block_context":{"text":"Locales","link":"https:\/\/www.24baires.com\/?cat=38"},"img":{"alt_text":"Mercedes","src":"https:\/\/i0.wp.com\/www.24baires.com\/wp-content\/uploads\/2013\/09\/Mercedes.jpg?resize=350%2C200","width":350,"height":200,"srcset":"https:\/\/i0.wp.com\/www.24baires.com\/wp-content\/uploads\/2013\/09\/Mercedes.jpg?resize=350%2C200 1x, https:\/\/i0.wp.com\/www.24baires.com\/wp-content\/uploads\/2013\/09\/Mercedes.jpg?resize=525%2C300 1.5x"},"classes":[]},{"id":48305,"url":"https:\/\/www.24baires.com\/?p=48305","url_meta":{"origin":4569,"position":2},"title":"Arl\u00eda asegur\u00f3 que avanzan las obras en el R\u00edo Luj\u00e1n","author":"AF","date":"19\/06\/2014","format":false,"excerpt":"Lo confirm\u00f3 el ministro de infraestructura Alejandro Arl\u00eda, durante el Comit\u00e9 de Cuenca que se realiz\u00f3 en el municipio de Luj\u00e1n, junto a los jefes comunales que lo integran. \u201cLas obras est\u00e1n avanzando. Hoy presenciamos la llegada de una barcaza con pluma que es una m\u00e1quina que draga en lo\u2026","rel":"","context":"En \u00abLocales\u00bb","block_context":{"text":"Locales","link":"https:\/\/www.24baires.com\/?cat=38"},"img":{"alt_text":"arl\u00eda","src":"https:\/\/i0.wp.com\/www.24baires.com\/wp-content\/uploads\/2014\/06\/arl%C3%ADa.jpg?resize=350%2C200","width":350,"height":200,"srcset":"https:\/\/i0.wp.com\/www.24baires.com\/wp-content\/uploads\/2014\/06\/arl%C3%ADa.jpg?resize=350%2C200 1x, https:\/\/i0.wp.com\/www.24baires.com\/wp-content\/uploads\/2014\/06\/arl%C3%ADa.jpg?resize=525%2C300 1.5x"},"classes":[]},{"id":12462,"url":"https:\/\/www.24baires.com\/?p=12462","url_meta":{"origin":4569,"position":3},"title":"Arl\u00eda se reuni\u00f3 con Intendentes del Noroeste bonaerense","author":"AF","date":"16\/01\/2013","format":false,"excerpt":"De cara a la temporada oto\u00f1al y con el objetivo de tomar medidas preventivas, el titular del ministerio de Infraestructura provincial, Alejandro Arl\u00eda, mantuvo una reuni\u00f3n con los intendentes de los municipios del Noroeste bonaerense que integran el Comit\u00e9 de la Cuencas que lo comprenden y parte su equipo t\u00e9cnico.\u2026","rel":"","context":"En \u00abMunicipios\u00bb","block_context":{"text":"Municipios","link":"https:\/\/www.24baires.com\/?cat=44"},"img":{"alt_text":"","src":"","width":0,"height":0},"classes":[]},{"id":56619,"url":"https:\/\/www.24baires.com\/?p=56619","url_meta":{"origin":4569,"position":4},"title":"Scioli se reuni\u00f3 con intendentes de cuatro municipios afectados por el temporal","author":"GB","date":"05\/11\/2014","format":false,"excerpt":"Junto a un abanico amplio de funcionarios, el Gobernador recibi\u00f3 a los jefes comunales de San Antonio de Areco, Las Heras, Suipacha y Luj\u00e1n con el fin de coordinar la ayuda tras las tormentas de la \u00faltima semana que, en general, arrojaron un saldo de 6.000 evacuados, un gran porcentaje\u2026","rel":"","context":"En \u00abPol\u00edtica\u00bb","block_context":{"text":"Pol\u00edtica","link":"https:\/\/www.24baires.com\/?cat=51"},"img":{"alt_text":"scioli5","src":"https:\/\/i0.wp.com\/www.24baires.com\/wp-content\/uploads\/2014\/08\/scioli5.jpg?resize=350%2C200","width":350,"height":200,"srcset":"https:\/\/i0.wp.com\/www.24baires.com\/wp-content\/uploads\/2014\/08\/scioli5.jpg?resize=350%2C200 1x, https:\/\/i0.wp.com\/www.24baires.com\/wp-content\/uploads\/2014\/08\/scioli5.jpg?resize=525%2C300 1.5x"},"classes":[]},{"id":50632,"url":"https:\/\/www.24baires.com\/?p=50632","url_meta":{"origin":4569,"position":5},"title":"Licitan obras viales en San Antonio de Areco por m\u00e1s de $5 millones","author":"AF","date":"27\/07\/2014","format":false,"excerpt":"El subadministrador de Vialidad, Alan Lynch junto al intendente, Francisco Dura\u00f1ona y a la senadora Marina Moretti, licitaron este viernes en San Antonio de Areco obras viales por m\u00e1s de 5 millones de pesos para el Municipio que ser\u00e1n financiadas a trav\u00e9s del PROFIDE. El subadministrador de Vialidad Alan Lynch,\u2026","rel":"","context":"En \u00abLocales\u00bb","block_context":{"text":"Locales","link":"https:\/\/www.24baires.com\/?cat=38"},"img":{"alt_text":"ruta","src":"https:\/\/i0.wp.com\/www.24baires.com\/wp-content\/uploads\/2013\/12\/ruta.jpg?resize=350%2C200","width":350,"height":200,"srcset":"https:\/\/i0.wp.com\/www.24baires.com\/wp-content\/uploads\/2013\/12\/ruta.jpg?resize=350%2C200 1x, https:\/\/i0.wp.com\/www.24baires.com\/wp-content\/uploads\/2013\/12\/ruta.jpg?resize=525%2C300 1.5x"},"classes":[]}],"jetpack_sharing_enabled":true,"jetpack_likes_enabled":true,"_links":{"self":[{"href":"https:\/\/www.24baires.com\/index.php?rest_route=\/wp\/v2\/posts\/4569","targetHints":{"allow":["GET"]}}],"collection":[{"href":"https:\/\/www.24baires.com\/index.php?rest_route=\/wp\/v2\/posts"}],"about":[{"href":"https:\/\/www.24baires.com\/index.php?rest_route=\/wp\/v2\/types\/post"}],"author":[{"embeddable":true,"href":"https:\/\/www.24baires.com\/index.php?rest_route=\/wp\/v2\/users\/4"}],"replies":[{"embeddable":true,"href":"https:\/\/www.24baires.com\/index.php?rest_route=%2Fwp%2Fv2%2Fcomments&post=4569"}],"version-history":[{"count":1,"href":"https:\/\/www.24baires.com\/index.php?rest_route=\/wp\/v2\/posts\/4569\/revisions"}],"predecessor-version":[{"id":4570,"href":"https:\/\/www.24baires.com\/index.php?rest_route=\/wp\/v2\/posts\/4569\/revisions\/4570"}],"wp:attachment":[{"href":"https:\/\/www.24baires.com\/index.php?rest_route=%2Fwp%2Fv2%2Fmedia&parent=4569"}],"wp:term":[{"taxonomy":"category","embeddable":true,"href":"https:\/\/www.24baires.com\/index.php?rest_route=%2Fwp%2Fv2%2Fcategories&post=4569"},{"taxonomy":"post_tag","embeddable":true,"href":"https:\/\/www.24baires.com\/index.php?rest_route=%2Fwp%2Fv2%2Ftags&post=4569"}],"curies":[{"name":"wp","href":"https:\/\/api.w.org\/{rel}","templated":true}]}}