{"id":4558,"date":"2012-11-06T09:58:58","date_gmt":"2012-11-06T12:58:58","guid":{"rendered":"http:\/\/www.24baires.com\/?p=4558"},"modified":"2012-11-06T09:58:58","modified_gmt":"2012-11-06T12:58:58","slug":"el-frente-gremial-docente-se-reunira-con-de-lucia-y-decidira-como-continuar","status":"publish","type":"post","link":"https:\/\/www.24baires.com\/?p=4558","title":{"rendered":"El Frente Gremial Docente se reunir\u00e1 con De Luc\u00eda y decidir\u00e1 c\u00f3mo continuar"},"content":{"rendered":"<p><img data-recalc-dims=\"1\" loading=\"lazy\" decoding=\"async\" class=\"alignleft size-full wp-image-4559\" title=\"paro docente\" src=\"https:\/\/i0.wp.com\/www.24baires.com\/wp-content\/uploads\/2012\/11\/paro-docente.jpg?resize=184%2C138\" alt=\"\" width=\"184\" height=\"138\" \/>El encuentro ser\u00e1 por la tarde y a partir de lo que se resuelva, el Frente Gremial podr\u00eda definir nuevas medidas de fuerza.<!--more--><br \/>\nEl Gobierno convoc\u00f3 a los docentes a un encuentro que se realizar\u00e1 esta tarde en la Direcci\u00f3n General de Cultura y Educaci\u00f3n.<br \/>\nLa decisi\u00f3n de convocar a los maestros se tom\u00f3 luego de las medidas de fuerza realizadas durante la semana pasada.<br \/>\nLos representantes de los gremios docentes FEB, Suteba, UDA, Amet, Sadop y Udocba ser\u00e1n recibidos por la titular del \u00e1rea, Nora De Luc\u00eda, y su equipo t\u00e9cnico.<br \/>\nLos gremios pedir\u00e1n que se reabran las comisiones t\u00e9cnicas de la paritaria, incluida la salarial.<br \/>\nDesde el Frente Gremial se viene insistiendo en que \u201cla negativa a discutir salarios\u201d, tal como expres\u00f3 la titular de la Feb, Mirta Petrocini, representa \u201cuno de los problemas manifestados por los docentes\u201d en las asambleas distritales.<br \/>\nEn tanto, fuentes de la cartera educativa provincial anticiparon que en la reuni\u00f3n, prevista para las seis de la tarde, \u201cse continuar\u00e1 trabajando sobre la agenda en que se ven\u00eda avanzando en los encuentros anteriores\u201d.<br \/>\nEs por eso que a partir de lo que surja en la reuni\u00f3n, los docentes podr\u00edan llamar a nuevos paros.<\/p>\n","protected":false},"excerpt":{"rendered":"<p>El encuentro ser\u00e1 por la tarde y a partir de lo que se resuelva, el Frente Gremial podr\u00eda definir nuevas medidas de fuerza.<\/p>\n","protected":false},"author":4,"featured_media":0,"comment_status":"open","ping_status":"open","sticky":false,"template":"","format":"standard","meta":{"_jetpack_newsletter_access":"","_jetpack_dont_email_post_to_subs":false,"_jetpack_newsletter_tier_id":0,"_jetpack_memberships_contains_paywalled_content":false,"_jetpack_memberships_contains_paid_content":false,"footnotes":""},"categories":[1],"tags":[],"class_list":["post-4558","post","type-post","status-publish","format-standard","hentry","category-sociedad"],"jetpack_featured_media_url":"","jetpack_shortlink":"https:\/\/wp.me\/p2JWE0-1bw","jetpack-related-posts":[{"id":4468,"url":"https:\/\/www.24baires.com\/?p=4468","url_meta":{"origin":4558,"position":0},"title":"El Frente Gremial Docente se reunir\u00e1 este martes con Nora de Luc\u00eda","author":"AF","date":"05\/11\/2012","format":false,"excerpt":"Lo confirm\u00f3 el titular de Suteba, Roberto Baradel, quien adelant\u00f3 que \u201ccreemos que la convocatoria es un paso positivo para comenzar a resolver este conflicto\u201d, que ya lleva varias semanas. El encuentro ser\u00e1 a las 18 en la Direcci\u00f3n de Escuelas y se espera que finalmente De Luc\u00eda atienda los\u2026","rel":"","context":"En \u00abSociedad\u00bb","block_context":{"text":"Sociedad","link":"https:\/\/www.24baires.com\/?cat=1"},"img":{"alt_text":"","src":"","width":0,"height":0},"classes":[]},{"id":122289,"url":"https:\/\/www.24baires.com\/?p=122289","url_meta":{"origin":4558,"position":1},"title":"Docentes bonaeresenes paran pese a la concicliaci\u00f3n obligatoria","author":"GB","date":"20\/05\/2025","format":false,"excerpt":"Las clases en las escuelas p\u00fablicas de toda la provincia de Buenos Aires se ver\u00e1n opacadas hoy por el paro convocado por un gremio docente. Aunque el gobierno bonaerense dict\u00f3 la conciliaci\u00f3n obligatoria, la Federaci\u00f3n de Educadores Bonaerenses (FEB) ratific\u00f3 el paro de docentes convocado para este martes. Las clases\u2026","rel":"","context":"En \u00abProvincia\u00bb","block_context":{"text":"Provincia","link":"https:\/\/www.24baires.com\/?cat=40"},"img":{"alt_text":"","src":"https:\/\/i0.wp.com\/www.24baires.com\/wp-content\/uploads\/2013\/02\/aula-vac%C3%ADa.jpg?resize=350%2C200","width":350,"height":200,"srcset":"https:\/\/i0.wp.com\/www.24baires.com\/wp-content\/uploads\/2013\/02\/aula-vac%C3%ADa.jpg?resize=350%2C200 1x, https:\/\/i0.wp.com\/www.24baires.com\/wp-content\/uploads\/2013\/02\/aula-vac%C3%ADa.jpg?resize=525%2C300 1.5x, https:\/\/i0.wp.com\/www.24baires.com\/wp-content\/uploads\/2013\/02\/aula-vac%C3%ADa.jpg?resize=700%2C400 2x"},"classes":[]},{"id":2412,"url":"https:\/\/www.24baires.com\/?p=2412","url_meta":{"origin":4558,"position":2},"title":"El Frente Gremial docente marcha a Direcci\u00f3n General de Educaci\u00f3n","author":"AF","date":"17\/10\/2012","format":false,"excerpt":"Miembros de la FEB, Suteba, Sadop, AMET y UDA, se concentran esta ma\u00f1ana para marchar al edificio de la cartera que conduce Nora de Luc\u00eda. Exigen el correcto pago de salarios de 3 mil docentes y la reapertura de paritarias. A partir de las 10 de la ma\u00f1ana, la Plaza\u2026","rel":"","context":"En \u00abSociedad\u00bb","block_context":{"text":"Sociedad","link":"https:\/\/www.24baires.com\/?cat=1"},"img":{"alt_text":"","src":"https:\/\/i0.wp.com\/www.24baires.com\/wp-content\/uploads\/2012\/10\/frentegremialdocentes2-300x179.jpg?resize=350%2C200","width":350,"height":200},"classes":[]},{"id":4404,"url":"https:\/\/www.24baires.com\/?p=4404","url_meta":{"origin":4558,"position":3},"title":"Esta semana Scioli retoma las negociaciones con el gremio docente","author":"Grupo Sierra","date":"04\/11\/2012","format":false,"excerpt":"El Ejecutivo provincial y los gremios docentes retoman las negociaciones el pr\u00f3ximo martes. La Federaci\u00f3n de Educadores Bonaerenses defini\u00f3 un nuevo paro y lo at\u00f3 al resultado de la reuni\u00f3n. Amenaza con votar el no inicio de clases para el a\u00f1o pr\u00f3ximo. En medio de amenazas de nuevos paros en\u2026","rel":"","context":"En \u00abProvincia\u00bb","block_context":{"text":"Provincia","link":"https:\/\/www.24baires.com\/?cat=40"},"img":{"alt_text":"","src":"https:\/\/i0.wp.com\/www.24baires.com\/wp-content\/uploads\/2012\/11\/Scioli-clima-politico-300x214.jpg?resize=350%2C200","width":350,"height":200},"classes":[]},{"id":19287,"url":"https:\/\/www.24baires.com\/?p=19287","url_meta":{"origin":4558,"position":4},"title":"El Frente Gremial docente define esta tarde c\u00f3mo contin\u00faa el plan de lucha","author":"AF","date":"25\/03\/2013","format":false,"excerpt":"Los titulares de los gremios del Frente Gremial Docente bonaerense se reunir\u00e1n a las 15. El titular del Suteba asegur\u00f3 que \"el gobierno bonaerense tiene que asumir la crisis del sistema educativo\". Roberto Baradel, titular del Sindicato Unico de Trabajadores de la Educaci\u00f3n de Buenos Aires (Suteba), dijo que \"en\u2026","rel":"","context":"En \u00abSociedad\u00bb","block_context":{"text":"Sociedad","link":"https:\/\/www.24baires.com\/?cat=1"},"img":{"alt_text":"docentes gobernaci\u00f3n","src":"https:\/\/i0.wp.com\/www.24baires.com\/wp-content\/uploads\/2013\/03\/docentes-gobernaci%C3%B3n-300x200.jpg?resize=350%2C200","width":350,"height":200},"classes":[]},{"id":6362,"url":"https:\/\/www.24baires.com\/?p=6362","url_meta":{"origin":4558,"position":5},"title":"Gremios docentes destacan una &#8216;alta adhesi\u00f3n&#8217;. De Luc\u00eda, habla de &#8216;paro tur\u00edstico&#8217;.","author":"AF","date":"22\/11\/2012","format":false,"excerpt":"Desde los gremios afirman que la medida es \u201cimportante\u201d. La titular de Educaci\u00f3n, Nora De Luc\u00eda, se quej\u00f3: \u201cLe complican la vida a 4,7 millones de chicos, no estamos dispuestos a estas extorsiones\u201d. De Luc\u00eda sali\u00f3 as\u00ed en el marco de un enfrentamiento que sube de tono con los docentes\u2026","rel":"","context":"En \u00abSociedad\u00bb","block_context":{"text":"Sociedad","link":"https:\/\/www.24baires.com\/?cat=1"},"img":{"alt_text":"","src":"","width":0,"height":0},"classes":[]}],"jetpack_sharing_enabled":true,"jetpack_likes_enabled":true,"_links":{"self":[{"href":"https:\/\/www.24baires.com\/index.php?rest_route=\/wp\/v2\/posts\/4558","targetHints":{"allow":["GET"]}}],"collection":[{"href":"https:\/\/www.24baires.com\/index.php?rest_route=\/wp\/v2\/posts"}],"about":[{"href":"https:\/\/www.24baires.com\/index.php?rest_route=\/wp\/v2\/types\/post"}],"author":[{"embeddable":true,"href":"https:\/\/www.24baires.com\/index.php?rest_route=\/wp\/v2\/users\/4"}],"replies":[{"embeddable":true,"href":"https:\/\/www.24baires.com\/index.php?rest_route=%2Fwp%2Fv2%2Fcomments&post=4558"}],"version-history":[{"count":1,"href":"https:\/\/www.24baires.com\/index.php?rest_route=\/wp\/v2\/posts\/4558\/revisions"}],"predecessor-version":[{"id":4560,"href":"https:\/\/www.24baires.com\/index.php?rest_route=\/wp\/v2\/posts\/4558\/revisions\/4560"}],"wp:attachment":[{"href":"https:\/\/www.24baires.com\/index.php?rest_route=%2Fwp%2Fv2%2Fmedia&parent=4558"}],"wp:term":[{"taxonomy":"category","embeddable":true,"href":"https:\/\/www.24baires.com\/index.php?rest_route=%2Fwp%2Fv2%2Fcategories&post=4558"},{"taxonomy":"post_tag","embeddable":true,"href":"https:\/\/www.24baires.com\/index.php?rest_route=%2Fwp%2Fv2%2Ftags&post=4558"}],"curies":[{"name":"wp","href":"https:\/\/api.w.org\/{rel}","templated":true}]}}