{"id":4556,"date":"2012-11-06T09:51:38","date_gmt":"2012-11-06T12:51:38","guid":{"rendered":"http:\/\/www.24baires.com\/?p=4556"},"modified":"2012-11-06T09:51:38","modified_gmt":"2012-11-06T12:51:38","slug":"randazzo-es-imposible-mejorar-el-servicio-de-trenes-con-estos-energumenos","status":"publish","type":"post","link":"https:\/\/www.24baires.com\/?p=4556","title":{"rendered":"Randazzo: \u00abEs imposible mejorar el servicio de trenes con estos energ\u00famenos\u00bb"},"content":{"rendered":"<p>El ministro del Interior y Transporte, Florencio Randazzo, consider\u00f3 \u00abenerg\u00famenos\u00bb, \u00abimpresentables\u00bb y de una \u00abirresponsabilidad absoluta\u00bb a los dirigentes que promovieron el paro sorpresivo,\u00a0en referencia a la medida de fuerza que mantiene paralizado desde las 0 de este martes el servicio ferroviario de la l\u00ednea Sarmiento y a la que se le sum\u00f3 la l\u00ednea Mitre.<!--more--><br \/>\n\u00abNo hay absolutamente ning\u00fan motivo para haber convocado a un paro y mucho menos a un paro sorpresivo. Esto es un disparate; ni siquiera est\u00e1 vencido el plazo que fija la ley para el pago de los salarios, que vence el jueves porque hoy es feriado bancario\u00bb, asever\u00f3 Randazzo.<br \/>\nEn declaraciones formuladas esta ma\u00f1ana a la radio La Red, el ministro del Interior y Transporte consider\u00f3 \u00abuna verdadera verg\u00fcenza\u00bb la actitud de los dirigentes sindicales que promovieron la medida de fuerza, encabezada por Rub\u00e9n \u00abPollo\u00bb Sobrero, de la lista Bord\u00f3 dentro del gremio ferroviario.<br \/>\n\u00abLa actitud de estos dirigentes es una verdadera verg\u00fcenza que no contribuye para nada en el objetivo que es mejorar el ferrocarril\u00bb, sostuvo el titular de la cartera pol\u00edtica, quien los llam\u00f3 a \u00abrecapacitar\u00bb y a levantar la medida de fuerza en el marco de la asamblea convocada para las 9.<br \/>\nEn este marco, plante\u00f3 que \u00abes imposible poder mejorar el servicio de transporte y mucho menos del Sarmiento con estos energ\u00famenos\u00bb y afirm\u00f3 que la medida de fuerza \u00abest\u00e1 asociada a una disputa sindical en la l\u00ednea Sarmiento\u00bb y a \u00abuna actitud de una irresponsabilidad total\u00bb.<br \/>\nEn la entrevista, Randazzo se mostr\u00f3 \u00abindignado\u00bb por el paro y afirm\u00f3 que \u00abla actitud de estos dirigentes sindicales es una actitud de una irresponsabilidad absoluta, no con el gobierno sino con los miles y miles de usuarios que utilizan este servicio\u00bb.<br \/>\nAdem\u00e1s, consign\u00f3 que el jueves los trabajadores tendr\u00e1n \u00abdepositado el sueldo con un retroactivo\u00bb que implica un aumento en sus salarios \u00abque super\u00f3 el 22 por ciento\u00bb.<br \/>\n\u00abEstos se\u00f1ores no est\u00e1n a la altura para representar a los trabajadores\u00bb, asever\u00f3 Randazzo, quien insisti\u00f3 en enmarcar la medida de fuerza en \u00abuna interna sindical que lleva a una situaci\u00f3n insostenible de una irresponsabilidad absoluta, perjudicando a los trabajadores sin ning\u00fan motivo, parando por si acaso no reciben un salario\u00bb.<br \/>\n\u00abEs indignante\u00bb, sentenci\u00f3 Randazzo, quien afirm\u00f3 que \u00abestos se\u00f1ores\u00bb, por los dirigentes sindicales, \u00abcobran m\u00e1s de 10 mil o 12 mil pesos\u00bb y est\u00e1n afectando a \u00abmiles de trabajadores que en su mayor\u00eda cobran un tercio de lo que cobran ellos\u00bb.<\/p>\n","protected":false},"excerpt":{"rendered":"<p>El ministro del Interior y Transporte, Florencio Randazzo, consider\u00f3 \u00abenerg\u00famenos\u00bb, \u00abimpresentables\u00bb y de una \u00abirresponsabilidad absoluta\u00bb a los dirigentes que promovieron el paro sorpresivo,\u00a0en referencia a la medida de fuerza que mantiene paralizado desde las 0 de este martes el servicio ferroviario de la l\u00ednea Sarmiento y a la que se le sum\u00f3 la l\u00ednea Mitre.<\/p>\n","protected":false},"author":4,"featured_media":0,"comment_status":"open","ping_status":"open","sticky":false,"template":"","format":"standard","meta":{"_jetpack_newsletter_access":"","_jetpack_dont_email_post_to_subs":false,"_jetpack_newsletter_tier_id":0,"_jetpack_memberships_contains_paywalled_content":false,"_jetpack_memberships_contains_paid_content":false,"footnotes":""},"categories":[1],"tags":[],"class_list":["post-4556","post","type-post","status-publish","format-standard","hentry","category-sociedad"],"jetpack_featured_media_url":"","jetpack_shortlink":"https:\/\/wp.me\/p2JWE0-1bu","jetpack-related-posts":[{"id":4622,"url":"https:\/\/www.24baires.com\/?p=4622","url_meta":{"origin":4556,"position":0},"title":"Se levant\u00f3 el paro del Sarmiento","author":"AF","date":"06\/11\/2012","format":false,"excerpt":"El dirigente ferroviario de la l\u00ednea Sarmiento, Rub\u00e9n Sobrero, anunci\u00f3 poco antes de las 14 que \"en una hora estar\u00e1 normalizado el servicio\" que estaba cortado desde la madrugada de este martes de manera sorpresiva. Tras una Asamblea y ante la propuesta del Gobierno nacional de que ma\u00f1ana a las\u2026","rel":"","context":"En \u00abSociedad\u00bb","block_context":{"text":"Sociedad","link":"https:\/\/www.24baires.com\/?cat=1"},"img":{"alt_text":"","src":"","width":0,"height":0},"classes":[]},{"id":27493,"url":"https:\/\/www.24baires.com\/?p=27493","url_meta":{"origin":4556,"position":1},"title":"\u00abSon unos desvergonzados\u00bb lanz\u00f3 Randazzo a La Fraternidad","author":"Grupo Sierra","date":"03\/07\/2013","format":false,"excerpt":"El ministro del Interior y Transporte, Florencio Randazzo, asegur\u00f3 que la medida de fuerza sorpresiva dispuesta por La Fraternidad \u201ces consecuencia de la instalaci\u00f3n de c\u00e1maras en las cabinas de conducci\u00f3n\u201d, ya que \u201cel aguinaldo se paga el cuarto d\u00eda h\u00e1bil del mes\". El ministro del Interior y Transporte, Florencio\u2026","rel":"","context":"En \u00abSociedad\u00bb","block_context":{"text":"Sociedad","link":"https:\/\/www.24baires.com\/?cat=1"},"img":{"alt_text":"","src":"","width":0,"height":0},"classes":[]},{"id":112373,"url":"https:\/\/www.24baires.com\/?p=112373","url_meta":{"origin":4556,"position":2},"title":"Fern\u00e1ndez tild\u00f3 al Gobierno de \u201cmalandras\u201d: \u00abAgarran el poder y lo usan para sus negocios\u00bb","author":"AF","date":"04\/10\/2019","format":false,"excerpt":"\u00a0JUN\u00cdN - \"Vamos a cumplir con las obligaciones que nos dejan estos malandras pero antes vamos a cumplir con nuestra gente\", sostuvo el candidato a presidente en su primer acto con Randazzo, a quien consider\u00f3 \"ministeriable\". De gira en la cuarta secci\u00f3n electoral, el candidato a presidente del Frente de\u2026","rel":"","context":"En \u00abPol\u00edtica\u00bb","block_context":{"text":"Pol\u00edtica","link":"https:\/\/www.24baires.com\/?cat=51"},"img":{"alt_text":"","src":"https:\/\/i0.wp.com\/www.24baires.com\/wp-content\/uploads\/2019\/10\/fern%C3%A1ndez-jun%C3%ADn.jpg?resize=350%2C200","width":350,"height":200,"srcset":"https:\/\/i0.wp.com\/www.24baires.com\/wp-content\/uploads\/2019\/10\/fern%C3%A1ndez-jun%C3%ADn.jpg?resize=350%2C200 1x, https:\/\/i0.wp.com\/www.24baires.com\/wp-content\/uploads\/2019\/10\/fern%C3%A1ndez-jun%C3%ADn.jpg?resize=525%2C300 1.5x"},"classes":[]},{"id":22735,"url":"https:\/\/www.24baires.com\/?p=22735","url_meta":{"origin":4556,"position":3},"title":"\u00abNo quiero pensar que hay complicidad entre empresas y sindicalistas\u00bb dispar\u00f3 Randazzo","author":"Grupo Sierra","date":"05\/05\/2013","format":false,"excerpt":"El ministro de Interior y Transporte, Florencio Randazzo, remarc\u00f3 que \"no se entiende que siga el paro de la UTA si el ministerio de Trabajo y el de Interior resolvi\u00f3 un aumento del 23 por ciento\" de los salarios. Randazzo se\u00f1al\u00f3 hoy \"no quiero pensar que hay complicidad entre empresarios\u2026","rel":"","context":"En \u00abSociedad\u00bb","block_context":{"text":"Sociedad","link":"https:\/\/www.24baires.com\/?cat=1"},"img":{"alt_text":"","src":"","width":0,"height":0},"classes":[]},{"id":52626,"url":"https:\/\/www.24baires.com\/?p=52626","url_meta":{"origin":4556,"position":4},"title":"Randazzo denunci\u00f3 a Sobrero por impedir el funcionamiento de trenes","author":"AF","date":"28\/08\/2014","format":false,"excerpt":"El ministro de Interior y Transporte, Florencio Randazzo, indic\u00f3 que la medida de fuerza, convocada por las centrales opositoras al Gobierno nacional, \"est\u00e1 muy lejos de lo que hoy demanda el conjunto de los argentinos\". El ministro denunci\u00f3 tambi\u00e9n la rotura de una de las formaciones de la l\u00ednea Sarmiento\u2026","rel":"","context":"En \u00abSociedad\u00bb","block_context":{"text":"Sociedad","link":"https:\/\/www.24baires.com\/?cat=1"},"img":{"alt_text":"randazzo san martin","src":"https:\/\/i0.wp.com\/www.24baires.com\/wp-content\/uploads\/2014\/05\/randazzo-san-martin.jpg?resize=350%2C200","width":350,"height":200,"srcset":"https:\/\/i0.wp.com\/www.24baires.com\/wp-content\/uploads\/2014\/05\/randazzo-san-martin.jpg?resize=350%2C200 1x, https:\/\/i0.wp.com\/www.24baires.com\/wp-content\/uploads\/2014\/05\/randazzo-san-martin.jpg?resize=525%2C300 1.5x"},"classes":[]},{"id":45918,"url":"https:\/\/www.24baires.com\/?p=45918","url_meta":{"origin":4556,"position":5},"title":"Randazzo conden\u00f3 a los sindicalistas que \u00abponen de rodillas a miles de pasajeros\u201d","author":"Grupo Sierra","date":"13\/05\/2014","format":false,"excerpt":"El ministro del Interior y Transporte, Florencio Randazzo, supervis\u00f3 este mediod\u00eda en el puerto de Buenos Aires la descarga de 36 coches 0km para la l\u00ednea Sarmiento y critic\u00f3 las declaraciones de los dirigentes sindicales de esa l\u00ednea al afirmar que \u201ccastigan a miles y miles de pasajeros que no\u2026","rel":"","context":"En \u00abSociedad\u00bb","block_context":{"text":"Sociedad","link":"https:\/\/www.24baires.com\/?cat=1"},"img":{"alt_text":"randazzo 1","src":"https:\/\/i0.wp.com\/www.24baires.com\/wp-content\/uploads\/2014\/01\/randazzo-1.jpg?resize=350%2C200","width":350,"height":200,"srcset":"https:\/\/i0.wp.com\/www.24baires.com\/wp-content\/uploads\/2014\/01\/randazzo-1.jpg?resize=350%2C200 1x, https:\/\/i0.wp.com\/www.24baires.com\/wp-content\/uploads\/2014\/01\/randazzo-1.jpg?resize=525%2C300 1.5x"},"classes":[]}],"jetpack_sharing_enabled":true,"jetpack_likes_enabled":true,"_links":{"self":[{"href":"https:\/\/www.24baires.com\/index.php?rest_route=\/wp\/v2\/posts\/4556","targetHints":{"allow":["GET"]}}],"collection":[{"href":"https:\/\/www.24baires.com\/index.php?rest_route=\/wp\/v2\/posts"}],"about":[{"href":"https:\/\/www.24baires.com\/index.php?rest_route=\/wp\/v2\/types\/post"}],"author":[{"embeddable":true,"href":"https:\/\/www.24baires.com\/index.php?rest_route=\/wp\/v2\/users\/4"}],"replies":[{"embeddable":true,"href":"https:\/\/www.24baires.com\/index.php?rest_route=%2Fwp%2Fv2%2Fcomments&post=4556"}],"version-history":[{"count":1,"href":"https:\/\/www.24baires.com\/index.php?rest_route=\/wp\/v2\/posts\/4556\/revisions"}],"predecessor-version":[{"id":4557,"href":"https:\/\/www.24baires.com\/index.php?rest_route=\/wp\/v2\/posts\/4556\/revisions\/4557"}],"wp:attachment":[{"href":"https:\/\/www.24baires.com\/index.php?rest_route=%2Fwp%2Fv2%2Fmedia&parent=4556"}],"wp:term":[{"taxonomy":"category","embeddable":true,"href":"https:\/\/www.24baires.com\/index.php?rest_route=%2Fwp%2Fv2%2Fcategories&post=4556"},{"taxonomy":"post_tag","embeddable":true,"href":"https:\/\/www.24baires.com\/index.php?rest_route=%2Fwp%2Fv2%2Ftags&post=4556"}],"curies":[{"name":"wp","href":"https:\/\/api.w.org\/{rel}","templated":true}]}}