{"id":45514,"date":"2014-05-07T21:00:05","date_gmt":"2014-05-08T00:00:05","guid":{"rendered":"http:\/\/www.24baires.com\/?p=45514"},"modified":"2014-05-07T20:35:25","modified_gmt":"2014-05-07T23:35:25","slug":"macri-y-lilita-dos-supuestos-republicanos-que-gustan-rodearse-de-nazis","status":"publish","type":"post","link":"https:\/\/www.24baires.com\/?p=45514","title":{"rendered":"Macri y Lilita: dos supuestos republicanos que gustan rodearse de nazis"},"content":{"rendered":"<p><img data-recalc-dims=\"1\" loading=\"lazy\" decoding=\"async\" class=\"aligncenter size-full wp-image-45275\" src=\"https:\/\/i0.wp.com\/www.24baires.com\/wp-content\/uploads\/2014\/05\/macri-nazi.jpg?resize=560%2C420\" alt=\"macri nazi\" width=\"560\" height=\"420\" srcset=\"https:\/\/i0.wp.com\/www.24baires.com\/wp-content\/uploads\/2014\/05\/macri-nazi.jpg?w=560&amp;ssl=1 560w, https:\/\/i0.wp.com\/www.24baires.com\/wp-content\/uploads\/2014\/05\/macri-nazi.jpg?resize=300%2C225&amp;ssl=1 300w\" sizes=\"auto, (max-width: 560px) 100vw, 560px\" \/>Hay cuestiones que creemos que ni siquiera deben ser discutidas, que vamos a estar de acuerdo t\u00e1citamente. El agua moja, los bizcochitos de grasa engordan. O, si se quiere, Gandhi es bueno, Hitler es malo\u2026 ah, no, momento. Reveamos esto \u00faltimo.<!--more--><\/p>\n<p>Hace unos meses en Vicente L\u00f3pez, municipio gobernado por Jorge Macri, del PRO, para conmemorar el D\u00eda Internacional de la Mujer, se organiz\u00f3 una actividad donde se recordaba, reivindicaba y homenajeaba a grandes representantes del g\u00e9nero, en la que se incluy\u00f3 a Eva Braun, que pas\u00f3 a la historia como la pareja del tirano nazi. \u201cPeque\u00f1as biograf\u00edas de grandes mujeres\u201d, titularon el acto. En esa etiqueta tambi\u00e9n cobijaban a Eva Duarte, Lola Mora, Alfonsina Storni, Victoria y Silvina Ocampo, Nin\u00ed Marshal, entre otras. All\u00ed, algo en la maquinaria de la coherencia tir\u00f3 error.<\/p>\n<p>Ahora, el Centro de Ex Combatientes Islas Malvinas (CECIM) de La Plata emiti\u00f3 un duro comunicado en \u201crepudio a la pol\u00edtica de Macri sobre formaci\u00f3n en la cuesti\u00f3n Malvinas\u201d. \u00bfEl motivo? Parece que la gesti\u00f3n PRO organiz\u00f3 un evento de intenci\u00f3n pedag\u00f3gica que se desarroll\u00f3 entre el 14 y el 16 de abril en el espacio Cultural Juli\u00e1n Centeya para abordar la Guerra de Malvinas, pero esta actividad cont\u00f3 con la invitaci\u00f3n de ex combatientes que reivindican p\u00fablicamente a genocidas y a Adolf Hitler, y que participaron de los alzamientos carapintadas contra gobiernos democr\u00e1ticos. Caramba, segunda patinada en muy poco tiempo.<\/p>\n<p>Desde el CECIM acusan a Macri porque \u201cha convocado a militantes Nazis, xen\u00f3fobos, reivindicadores de militares que est\u00e1n presos por violaciones a los Derechos Humanos y los para frente a nuestros j\u00f3venes alumnos como referentes de esa visi\u00f3n de Malvinas que no educa ni ense\u00f1a y que nuestro pueblo repudia\u201d.<\/p>\n<p>Tambi\u00e9n Jorge Elbaum, ex director de la DAIA hizo conocer su disconformidad con las \u201cJornadas sobre las Islas Malvinas\u201d macristas y dijo a Tiempo Argentino: \u201cLo que gener\u00f3 el sistema educativo del gobierno de la Ciudad es grav\u00edsimo porque expuso a sujetos vulnerables como los chicos frente a la palabra de representantes de lo m\u00e1s siniestro de la historia de nuestro pa\u00eds, anclados en el nazismo\u201d.<\/p>\n<p>Las casualidades no existen, y menos en pol\u00edtica. Lo que s\u00ed existe es la ideolog\u00eda, la voluntad, as\u00ed como los objetivos y las determinaciones. Pero despu\u00e9s de lo que el mismo PRO hace, si fu\u00e9ramos parte de una fiscal\u00eda, podr\u00edamos descansar. Aunque no son los \u00fanicos, claro. Hay noticias que los grades medios que siempre cubren a determinados actores pol\u00edticos no publican, porque son parte del negocio de ocultarlas, como sucede en el caso del Municipio de Tigre, cuna massista, que rebosa de narcotr\u00e1fico y donde se mudan los narcotraficantes en probable connivencia con los que ostentan el poder en ese sitio. As\u00ed mismo, Elisa Carri\u00f3 present\u00f3 en el Instituto Hannah Arendt a los cuadros t\u00e9cnicos de su partido y potenciales ministros. \u00bfRecuerdan al ex gendarme que organiz\u00f3 el acuartelamiento de Gendarmer\u00eda Nacional all\u00e1 por el final del 2012 y que el a\u00f1o pasado particip\u00f3 de un evento neonazi frente al Colegio Nacional donde se reunieron adoradores hitlerianos para amedrentar a los ni\u00f1os que hab\u00edan tomado la escuela? Bueno, \u00e9l, Ra\u00fal Maza es el nuevo asesor de Carri\u00f3 en materia de Seguridad. \u201cTrabajar en esto es tambi\u00e9n trabajar para UNEN\u201d, afirm\u00f3 Lilita en el evento donde present\u00f3 a sus nuevos colaboradores, seg\u00fan La Naci\u00f3n.<\/p>\n<p>El peligro de exponer tanto a los chicos como al resto de la sociedad ante estos individuos portadores de odio es obvio. Es repudiable, es insoslayable. No podemos hacer la vista gorda y creer que es una nimiedad, un \u2018error\u2019, como dijeron despu\u00e9s los mismos organizadores y difusores de la \u2018grandeza\u2019 de Eva Braun. No. Macri, no acompa\u00f1\u00f3 los pedidos del Gobierno Nacional y casi todo el arco opositor en la ONU sobre Malvinas. De hecho el mismo Primer Ministro Brit\u00e1nico dijo que preferir\u00eda negociar con \u00e9l por las islas que con Cristina. Podemos partir de ah\u00ed: lo que tenga para decir sobre Malvinas, no necesariamente reflejar\u00e1 la causa argentina. Porque como dijo alguna vez el escritor espa\u00f1ol Alberto V\u00e1zquez Figueroa, \u201cFascista no es \u00fanicamente el que alza el brazo en p\u00fablico. Al fin y al cabo \u00e9se es el menos peligroso, puesto que al menos tiene el valor de declararlo. Fascista es aquel que, adem\u00e1s, se disfraza de dem\u00f3crata, al igual que el peor pederasta es el que canta misa y viste sotana\u201d. As\u00ed que ser\u00eda sano que el macrismo y Lilita tengan mucho cuidado con qu\u00e9 dicen, a qui\u00e9nes le dan la potestad de hablar por ellos y pensar por ellos, porque ciertos \u2018errores\u2019 indigeribles pueden terminar aparentando una intencionalidad que, cuanto menos, generar\u00e1 rechazo, porque no vamos a permitir que se sigan \u2018equivocando\u2019 al promover figurones rancios que apestan a odio, que s\u00f3lo pueden escupir xenofobia y racismo.<\/p>\n<p>&nbsp;<\/p>\n<p>&nbsp;<\/p>\n<p>&nbsp;<\/p>\n<p>&nbsp;<\/p>\n<p>&nbsp;<\/p>\n<p>&nbsp;<\/p>\n<p>&nbsp;<\/p>\n<p>&nbsp;<\/p>\n<p>&nbsp;<\/p>\n<p>&nbsp;<\/p>\n<p>&nbsp;<\/p>\n<p>&nbsp;<\/p>\n<p>&nbsp;<\/p>\n<p>&nbsp;<\/p>\n<p>&nbsp;<\/p>\n<p>&nbsp;<\/p>\n<p>&nbsp;<\/p>\n<p>&nbsp;<\/p>\n<p>&nbsp;<\/p>\n<p>&nbsp;<\/p>\n<p>&nbsp;<\/p>\n","protected":false},"excerpt":{"rendered":"<p>Hay cuestiones que creemos que ni siquiera deben ser discutidas, que vamos a estar de acuerdo t\u00e1citamente. El agua moja, los bizcochitos de grasa engordan. O, si se quiere, Gandhi es bueno, Hitler es malo\u2026 ah, no, momento. Reveamos esto \u00faltimo.<\/p>\n","protected":false},"author":8,"featured_media":0,"comment_status":"open","ping_status":"open","sticky":false,"template":"","format":"standard","meta":{"_jetpack_newsletter_access":"","_jetpack_dont_email_post_to_subs":false,"_jetpack_newsletter_tier_id":0,"_jetpack_memberships_contains_paywalled_content":false,"_jetpack_memberships_contains_paid_content":false,"footnotes":""},"categories":[64],"tags":[],"class_list":["post-45514","post","type-post","status-publish","format-standard","hentry","category-opinion"],"jetpack_featured_media_url":"","jetpack_shortlink":"https:\/\/wp.me\/p2JWE0-bQ6","jetpack-related-posts":[{"id":41574,"url":"https:\/\/www.24baires.com\/?p=41574","url_meta":{"origin":45514,"position":0},"title":"Esc\u00e1ndalo en Vicente L\u00f3pez: comparan a Evita con Eva Braun","author":"Grupo Sierra","date":"05\/03\/2014","format":false,"excerpt":"Un ciclo de charlas impulsado por el municipio propone a la amante de Hitler como una \"gran mujer\". tormenta. Se trata de un ciclo de charlas que se dictar\u00e1 todos los mi\u00e9rcoles de este mes en el Museo de Cine Lumit\u00f3n, de Munro, en el que se propone a Eva\u2026","rel":"","context":"En \u00abGeneral\u00bb","block_context":{"text":"General","link":"https:\/\/www.24baires.com\/?cat=67"},"img":{"alt_text":"eva","src":"https:\/\/i0.wp.com\/www.24baires.com\/wp-content\/uploads\/2014\/03\/eva.jpg?resize=350%2C200","width":350,"height":200,"srcset":"https:\/\/i0.wp.com\/www.24baires.com\/wp-content\/uploads\/2014\/03\/eva.jpg?resize=350%2C200 1x, https:\/\/i0.wp.com\/www.24baires.com\/wp-content\/uploads\/2014\/03\/eva.jpg?resize=525%2C300 1.5x"},"classes":[]},{"id":41617,"url":"https:\/\/www.24baires.com\/?p=41617","url_meta":{"origin":45514,"position":1},"title":"Jorge Macri tuvo que pedir disculpas internacionales por el caso de Eva Braun","author":"Grupo Sierra","date":"06\/03\/2014","format":false,"excerpt":"El municipio de Vicente L\u00f3pez debi\u00f3 retirar toda la carteler\u00eda, deshacerse de toda folleter\u00eda y suspender la muestra \u201cPeque\u00f1as biograf\u00edas de grandes mujeres\u201d que estaba prevista para este mi\u00e9rcoles (05\/03), al tomar trascendencia local e internacional que dentro de ese grupo de mujeres prestigiosas del arte, las letras y el\u2026","rel":"","context":"En \u00abPol\u00edtica\u00bb","block_context":{"text":"Pol\u00edtica","link":"https:\/\/www.24baires.com\/?cat=51"},"img":{"alt_text":"macri jorge","src":"https:\/\/i0.wp.com\/www.24baires.com\/wp-content\/uploads\/2014\/03\/macri-jorge.jpg?resize=350%2C200","width":350,"height":200,"srcset":"https:\/\/i0.wp.com\/www.24baires.com\/wp-content\/uploads\/2014\/03\/macri-jorge.jpg?resize=350%2C200 1x, https:\/\/i0.wp.com\/www.24baires.com\/wp-content\/uploads\/2014\/03\/macri-jorge.jpg?resize=525%2C300 1.5x"},"classes":[]},{"id":82773,"url":"https:\/\/www.24baires.com\/?p=82773","url_meta":{"origin":45514,"position":2},"title":"Macri se reuni\u00f3 con su Gabinete y luego lo har\u00e1 con 120 empresarios italianos","author":"AF","date":"17\/05\/2016","format":false,"excerpt":"El presidente mantuvo su encuentro semanal con sus ministros en el Sal\u00f3n Eva Per\u00f3n de Casa de Gobierno. A las 12.30, recibir\u00e1 al viceministro de Desarrollo Econ\u00f3mico de Italia, Iv\u00e1n Scalfarotto. El presidente Mauricio Macri encabezar\u00e1 una nueva reuni\u00f3n de gabinete en la Casa Rosada, luego viajar\u00e1 a la localidad\u2026","rel":"","context":"En \u00abPol\u00edtica\u00bb","block_context":{"text":"Pol\u00edtica","link":"https:\/\/www.24baires.com\/?cat=51"},"img":{"alt_text":"macri rivadavia","src":"https:\/\/i0.wp.com\/www.24baires.com\/wp-content\/uploads\/2015\/12\/macri-rivadavia.jpg?resize=350%2C200","width":350,"height":200,"srcset":"https:\/\/i0.wp.com\/www.24baires.com\/wp-content\/uploads\/2015\/12\/macri-rivadavia.jpg?resize=350%2C200 1x, https:\/\/i0.wp.com\/www.24baires.com\/wp-content\/uploads\/2015\/12\/macri-rivadavia.jpg?resize=525%2C300 1.5x"},"classes":[]},{"id":96149,"url":"https:\/\/www.24baires.com\/?p=96149","url_meta":{"origin":45514,"position":3},"title":"Macri se re\u00fane con su gabinete en Casa Rosada","author":"AF","date":"25\/07\/2017","format":false,"excerpt":"El presidente Mauricio Macri desarrollar\u00e1 este martes su actividad en la Casa de Gobierno donde, por la ma\u00f1ana, encabez\u00f3 una reuni\u00f3n de Gabinete, en tanto que por la tarde tendr\u00e1 reuniones de seguimiento de gesti\u00f3n de los ministerios de Hacienda y de Producci\u00f3n. El presidente Mauricio Macri encabez\u00f3, a partir\u2026","rel":"","context":"En \u00abPol\u00edtica\u00bb","block_context":{"text":"Pol\u00edtica","link":"https:\/\/www.24baires.com\/?cat=51"},"img":{"alt_text":"","src":"https:\/\/i0.wp.com\/www.24baires.com\/wp-content\/uploads\/2017\/07\/59774858a9526_645x362.jpg?resize=350%2C200","width":350,"height":200,"srcset":"https:\/\/i0.wp.com\/www.24baires.com\/wp-content\/uploads\/2017\/07\/59774858a9526_645x362.jpg?resize=350%2C200 1x, https:\/\/i0.wp.com\/www.24baires.com\/wp-content\/uploads\/2017\/07\/59774858a9526_645x362.jpg?resize=525%2C300 1.5x"},"classes":[]},{"id":83760,"url":"https:\/\/www.24baires.com\/?p=83760","url_meta":{"origin":45514,"position":4},"title":"Macri encabeza una reuni\u00f3n de gabinete","author":"AF","date":"14\/06\/2016","format":false,"excerpt":"El encuentro se desarrolla desde las 8.30 en el Sal\u00f3n Eva Per\u00f3n y cuenta con la asistencia de los ministros del Poder Ejecutivo Nacional y secretarios de Estado. Ppor la tarde viajar\u00e1 a Salta para lanzar \"Mi pa\u00eds digital\". El presidente Mauricio Macri encabezaba una nueva reuni\u00f3n de gabinete en\u2026","rel":"","context":"En \u00abPol\u00edtica\u00bb","block_context":{"text":"Pol\u00edtica","link":"https:\/\/www.24baires.com\/?cat=51"},"img":{"alt_text":"macri gabinete","src":"https:\/\/i0.wp.com\/www.24baires.com\/wp-content\/uploads\/2016\/06\/macri-gabinete.jpg?resize=350%2C200","width":350,"height":200,"srcset":"https:\/\/i0.wp.com\/www.24baires.com\/wp-content\/uploads\/2016\/06\/macri-gabinete.jpg?resize=350%2C200 1x, https:\/\/i0.wp.com\/www.24baires.com\/wp-content\/uploads\/2016\/06\/macri-gabinete.jpg?resize=525%2C300 1.5x"},"classes":[]},{"id":108590,"url":"https:\/\/www.24baires.com\/?p=108590","url_meta":{"origin":45514,"position":5},"title":"Bolsonaro llega a Argentina para reunirse con Macri y habr\u00e1 marchas en repudio","author":"AF","date":"05\/06\/2019","format":false,"excerpt":"Las movilizaciones ser\u00e1n en contra de la presencia del presidente de la Rep\u00fablica Federativa de Brasil en Casa Rosada, C\u00e1mara de Diputados y en la Corte Suprema de Justicia. El presidente Mauricio Macri recibir\u00e1 ma\u00f1ana en la Casa Rosada al presidente de la Rep\u00fablica Federativa de Brasil, Jair Bolsonaro, quien\u2026","rel":"","context":"En \u00abPol\u00edtica\u00bb","block_context":{"text":"Pol\u00edtica","link":"https:\/\/www.24baires.com\/?cat=51"},"img":{"alt_text":"","src":"https:\/\/i0.wp.com\/www.24baires.com\/wp-content\/uploads\/2019\/06\/bolsonaro.jpg?resize=350%2C200","width":350,"height":200,"srcset":"https:\/\/i0.wp.com\/www.24baires.com\/wp-content\/uploads\/2019\/06\/bolsonaro.jpg?resize=350%2C200 1x, https:\/\/i0.wp.com\/www.24baires.com\/wp-content\/uploads\/2019\/06\/bolsonaro.jpg?resize=525%2C300 1.5x"},"classes":[]}],"jetpack_sharing_enabled":true,"jetpack_likes_enabled":true,"_links":{"self":[{"href":"https:\/\/www.24baires.com\/index.php?rest_route=\/wp\/v2\/posts\/45514","targetHints":{"allow":["GET"]}}],"collection":[{"href":"https:\/\/www.24baires.com\/index.php?rest_route=\/wp\/v2\/posts"}],"about":[{"href":"https:\/\/www.24baires.com\/index.php?rest_route=\/wp\/v2\/types\/post"}],"author":[{"embeddable":true,"href":"https:\/\/www.24baires.com\/index.php?rest_route=\/wp\/v2\/users\/8"}],"replies":[{"embeddable":true,"href":"https:\/\/www.24baires.com\/index.php?rest_route=%2Fwp%2Fv2%2Fcomments&post=45514"}],"version-history":[{"count":1,"href":"https:\/\/www.24baires.com\/index.php?rest_route=\/wp\/v2\/posts\/45514\/revisions"}],"predecessor-version":[{"id":45515,"href":"https:\/\/www.24baires.com\/index.php?rest_route=\/wp\/v2\/posts\/45514\/revisions\/45515"}],"wp:attachment":[{"href":"https:\/\/www.24baires.com\/index.php?rest_route=%2Fwp%2Fv2%2Fmedia&parent=45514"}],"wp:term":[{"taxonomy":"category","embeddable":true,"href":"https:\/\/www.24baires.com\/index.php?rest_route=%2Fwp%2Fv2%2Fcategories&post=45514"},{"taxonomy":"post_tag","embeddable":true,"href":"https:\/\/www.24baires.com\/index.php?rest_route=%2Fwp%2Fv2%2Ftags&post=45514"}],"curies":[{"name":"wp","href":"https:\/\/api.w.org\/{rel}","templated":true}]}}