{"id":45419,"date":"2014-05-06T17:30:47","date_gmt":"2014-05-06T20:30:47","guid":{"rendered":"http:\/\/www.24baires.com\/?p=45419"},"modified":"2014-05-06T16:33:23","modified_gmt":"2014-05-06T19:33:23","slug":"la-impunidad-de-las-torturas-asegura-una-sociedad-mas-violenta","status":"publish","type":"post","link":"https:\/\/www.24baires.com\/?p=45419","title":{"rendered":"La impunidad de las torturas asegura una sociedad m\u00e1s violenta"},"content":{"rendered":"<p><img data-recalc-dims=\"1\" loading=\"lazy\" decoding=\"async\" class=\"aligncenter size-full wp-image-41459\" src=\"https:\/\/i0.wp.com\/www.24baires.com\/wp-content\/uploads\/2014\/03\/c%C3%A1rcel.jpg?resize=560%2C363\" alt=\"c\u00e1rcel\" width=\"560\" height=\"363\" srcset=\"https:\/\/i0.wp.com\/www.24baires.com\/wp-content\/uploads\/2014\/03\/c%C3%A1rcel.jpg?w=560&amp;ssl=1 560w, https:\/\/i0.wp.com\/www.24baires.com\/wp-content\/uploads\/2014\/03\/c%C3%A1rcel.jpg?resize=300%2C194&amp;ssl=1 300w\" sizes=\"auto, (max-width: 560px) 100vw, 560px\" \/>No cabe ninguna duda de que las torturas y los malos tratos aplicados contra aquellas personas a las que el Estado decidi\u00f3 privar de su libertad, cometidas por agentes que supuestamente deber\u00edan encargarse de su seguridad y custodia, constituyen unas de las m\u00e1s graves afrentas contra los derechos humanos. No me refiero tan solo a la tortura producida con fines de investigaci\u00f3n criminal sino, muy en especial, a aquella aplicada sistem\u00e1ticamente como m\u00e9todo de control, sujeci\u00f3n, disciplina y humillaci\u00f3n dentro de las instituciones de encierro. <!--more--><\/p>\n<p>A lo largo de los \u00faltimos a\u00f1os numerosos informes referidos a los sistemas penitenciarios y a las fuerzas de seguridad tanto federales como provinciales han puesto al desnudo las preocupantes cifras de la tortura en nuestro pa\u00eds. En el nivel local, cabe destacar los informes de la Defensor\u00eda General de la Naci\u00f3n, de la Procuraci\u00f3n Penitenciaria nacional o del Centro de Estudios Legales y Sociales (CELS). En el \u00e1mbito internacional, distintos organismos internacionales, como la Comisi\u00f3n y la Corte Interamericanas de Derechos Humanos, el Comit\u00e9 de Derechos Humanos, el Comit\u00e9 y el Subcomit\u00e9 contra la Tortura de Naciones Unidas han dado cuenta de esta alarmante realidad.<br \/>\nMuchos son los factores hist\u00f3ricos, pol\u00edticos, legales y hasta filos\u00f3ficos que habilitan la continuidad de esta pr\u00e1ctica, que a m\u00e1s de treinta a\u00f1os del recupero de la democracia no ha podido ni erradicarse ni acotarse en su aplicaci\u00f3n. Las caracter\u00edsticas de los lugares donde se cumplen las privaciones de libertad -c\u00e1rceles, comisar\u00edas, hospitales- que en tanto instituciones totales quedan habitualmente al margen del escrutinio p\u00fablico; la organizaci\u00f3n militarizada de polic\u00edas y servicios penitenciarios cuya reforma resulta imperiosa; as\u00ed como la vigencia de construcciones te\u00f3ricas que consideran a los presos como ciudadanos y ciudadanas de segunda categor\u00eda vinculados con el Estado a trav\u00e9s de relaciones especiales de sujeci\u00f3n; son algunos de esos factores.<br \/>\nSin embargo, deseo referirme aqu\u00ed a otro aspecto que, sin lugar a dudas, contribuye en la continuidad del insostenible status quo: la absoluta impunidad judicial en que se encuentran sumidas estas pr\u00e1cticas. De manera sistem\u00e1tica jueces y fiscales \u2013como siempre, con honradas excepciones- omiten llevar adelante investigaciones serias y eficaces dirigidas a enjuiciar y sancionar a los responsables de tales hechos, a pesar de ser esta una manda elemental del derecho internacional. Aqu\u00ed las cifras se invierten, siendo pr\u00e1cticamente inexistentes los procesamientos y condenas por estos delitos.<br \/>\nLa realidad antes indicada genera un aut\u00e9ntico c\u00edrculo vicioso muy dif\u00edcil de romper, pues los detenidos y detenidas pensar\u00e1n dos veces antes de denunciar los hechos de los que resulten v\u00edctimas en la medida en que la indolencia de los jueces -que debieran proteger sus derechos- muy posiblemente los dejar\u00e1 al cuidado de las mismas personas a las que hayan denunciado y sujetos por tanto a las m\u00e1s severas represalias mientras que los procesos judiciales no lograr\u00e1n identificar ni mucho menos enjuiciar ni sancionar a los autores. Esta impunidad estructural de las torturas \u2013tan estructural como la propia pr\u00e1ctica- augura que este grave delito, al que el legislador consider\u00f3 tan grave que lo equipar\u00f3 en su pena al delito de homicidio, continuar\u00e1 por un buen tiempo entre nosotros.<br \/>\nNo desconozco que, ciertamente, lo que ocurra a los presos y presas no est\u00e1 entre los temas que m\u00e1s preocupan a la sociedad, habitualmente desvelada y obsesionada \u2013con la muy conveniente ayuda de la prensa amarillista y de los actores pol\u00edticos m\u00e1s reaccionarios- con la inseguridad ciudadana. Sin embargo, si el riesgo de ser v\u00edctimas de delitos es lo que preocupa a la gente, deber\u00edan ser mucho m\u00e1s firmes e intolerantes frente a las torturas y a su total impunidad, toda vez que sus v\u00edctimas volver\u00e1n tarde o temprano -y les guste o no- a la comunidad, a vivir entre nosotros, siendo que ese maltrato al que se las somete durante su detenci\u00f3n, a m\u00e1s de ser inadmisible desde el plano \u00e9tico por vulnerar flagrantemente sus derechos humanos, sin lugar a dudas aumentar\u00e1 su resentimiento y esa humillaci\u00f3n terminar\u00e1 a la larga inyectando en la sociedad mayores niveles de violencia.<\/p>\n<p>&nbsp;<\/p>\n<p>&nbsp;<\/p>\n<p>&nbsp;<\/p>\n<p>&nbsp;<\/p>\n<p>&nbsp;<\/p>\n<p>&nbsp;<\/p>\n<p>&nbsp;<\/p>\n<p>&nbsp;<\/p>\n<p>&nbsp;<\/p>\n<p>&nbsp;<\/p>\n<p>&nbsp;<\/p>\n<p>&nbsp;<\/p>\n<p>&nbsp;<\/p>\n<p>&nbsp;<\/p>\n<p>&nbsp;<\/p>\n<p>&nbsp;<\/p>\n","protected":false},"excerpt":{"rendered":"<p>No cabe ninguna duda de que las torturas y los malos tratos aplicados contra aquellas personas a las que el Estado decidi\u00f3 privar de su libertad, cometidas por agentes que supuestamente deber\u00edan encargarse de su seguridad y custodia, constituyen unas de las m\u00e1s graves afrentas contra los derechos humanos. No me refiero tan solo a la tortura producida con fines [&#8230;]<\/p>\n","protected":false},"author":8,"featured_media":0,"comment_status":"open","ping_status":"open","sticky":false,"template":"","format":"standard","meta":{"_jetpack_newsletter_access":"","_jetpack_dont_email_post_to_subs":false,"_jetpack_newsletter_tier_id":0,"_jetpack_memberships_contains_paywalled_content":false,"_jetpack_memberships_contains_paid_content":false,"footnotes":""},"categories":[64],"tags":[],"class_list":["post-45419","post","type-post","status-publish","format-standard","hentry","category-opinion"],"jetpack_featured_media_url":"","jetpack_shortlink":"https:\/\/wp.me\/p2JWE0-bOz","jetpack-related-posts":[{"id":111505,"url":"https:\/\/www.24baires.com\/?p=111505","url_meta":{"origin":45419,"position":0},"title":"En 2018 se denunciaron m\u00e1s 6 mil hechos de torturas en c\u00e1rceles y comisar\u00edas del pa\u00eds","author":"GB","date":"08\/08\/2019","format":false,"excerpt":"Este jueves se presenta el informe 2018 del Registro Nacional de Casos de Tortura y\/o Malos Tratos Este ueves 8 de agosto a las 16, en la sede de la Comisi\u00f3n Provincial por la Memoria, se presenta el informe 2018 del Registro Nacional de Casos de Tortura y\/o Malos Tratos.\u2026","rel":"","context":"En \u00abSociedad\u00bb","block_context":{"text":"Sociedad","link":"https:\/\/www.24baires.com\/?cat=1"},"img":{"alt_text":"","src":"https:\/\/i0.wp.com\/www.24baires.com\/wp-content\/uploads\/2017\/09\/carcel.jpg?resize=350%2C200","width":350,"height":200,"srcset":"https:\/\/i0.wp.com\/www.24baires.com\/wp-content\/uploads\/2017\/09\/carcel.jpg?resize=350%2C200 1x, https:\/\/i0.wp.com\/www.24baires.com\/wp-content\/uploads\/2017\/09\/carcel.jpg?resize=525%2C300 1.5x"},"classes":[]},{"id":104603,"url":"https:\/\/www.24baires.com\/?p=104603","url_meta":{"origin":45419,"position":1},"title":"Preocupaci\u00f3n por el avance de las torturas sistem\u00e1ticas en c\u00e1rceles","author":"AF","date":"21\/09\/2018","format":false,"excerpt":"\"El sistema de encierro atraviesa una crisis humanitaria que no para de profundizarse ante la inacci\u00f3n, pasividad o complicidad de los tres poderes del Estado\", denunciaron desde la Comisi\u00f3n Provincial por la Memoria. La Comisi\u00f3n Provincial por la Memoria (CPM), la Procuraci\u00f3n Penitenciaria de la Naci\u00f3n y el GESPyDH del\u2026","rel":"","context":"En \u00abSociedad\u00bb","block_context":{"text":"Sociedad","link":"https:\/\/www.24baires.com\/?cat=1"},"img":{"alt_text":"","src":"https:\/\/i0.wp.com\/www.24baires.com\/wp-content\/uploads\/2018\/04\/c%C3%A1rcel-virrey-del-pino.jpg?resize=350%2C200","width":350,"height":200,"srcset":"https:\/\/i0.wp.com\/www.24baires.com\/wp-content\/uploads\/2018\/04\/c%C3%A1rcel-virrey-del-pino.jpg?resize=350%2C200 1x, https:\/\/i0.wp.com\/www.24baires.com\/wp-content\/uploads\/2018\/04\/c%C3%A1rcel-virrey-del-pino.jpg?resize=525%2C300 1.5x"},"classes":[]},{"id":112998,"url":"https:\/\/www.24baires.com\/?p=112998","url_meta":{"origin":45419,"position":2},"title":"Comisi\u00f3n Provincial por la Memoria, nombrada como mecanismo de prevenci\u00f3n contra la tortura","author":"GB","date":"14\/11\/2019","format":false,"excerpt":"El Consejo Federal de Prevenci\u00f3n de la Tortura destac\u00f3 a la Comisi\u00f3n Provincial por la Memoria (CPM) por el trabajo sostenido que realiza en el control y monitoreo de lugares de encierro y pol\u00edticas de seguridad. El organismo lucha contra la tortura en las c\u00e1rceles denunciando las graves violaciones de\u2026","rel":"","context":"En \u00abProvincia\u00bb","block_context":{"text":"Provincia","link":"https:\/\/www.24baires.com\/?cat=40"},"img":{"alt_text":"","src":"https:\/\/i0.wp.com\/www.24baires.com\/wp-content\/uploads\/2019\/11\/comision-provincial-por-la-tortura.png?resize=350%2C200","width":350,"height":200},"classes":[]},{"id":121762,"url":"https:\/\/www.24baires.com\/?p=121762","url_meta":{"origin":45419,"position":3},"title":"Malvinas: Pidieron la detenci\u00f3n de diez militares por torturas a soldados","author":"GB","date":"23\/10\/2024","format":false,"excerpt":"La fiscal\u00eda de R\u00edo Grande pidi\u00f3 la detenci\u00f3n y la indagatoria de diez militares de alto rango por torturas a conscriptos durante la Guerra de las Malvinas. El fiscal federal de R\u00edo Grande (Tierra del Fuego), Marcelo Rapoport, pidi\u00f3 la detenci\u00f3n y declaraci\u00f3n indagatoria de diez militares, entre ellos personal\u2026","rel":"","context":"En \u00abMemoria\u00bb","block_context":{"text":"Memoria","link":"https:\/\/www.24baires.com\/?cat=50"},"img":{"alt_text":"","src":"https:\/\/i0.wp.com\/www.24baires.com\/wp-content\/uploads\/2014\/08\/soldados-de-malvinas.jpg?resize=350%2C200","width":350,"height":200,"srcset":"https:\/\/i0.wp.com\/www.24baires.com\/wp-content\/uploads\/2014\/08\/soldados-de-malvinas.jpg?resize=350%2C200 1x, https:\/\/i0.wp.com\/www.24baires.com\/wp-content\/uploads\/2014\/08\/soldados-de-malvinas.jpg?resize=525%2C300 1.5x, https:\/\/i0.wp.com\/www.24baires.com\/wp-content\/uploads\/2014\/08\/soldados-de-malvinas.jpg?resize=700%2C400 2x"},"classes":[]},{"id":104600,"url":"https:\/\/www.24baires.com\/?p=104600","url_meta":{"origin":45419,"position":4},"title":"Dictan c\u00e1rcel efectiva para prefectos de Bullrich que torturaron j\u00f3venes","author":"AF","date":"21\/09\/2018","format":false,"excerpt":"El Tribunal Oral Criminal N\u00ba 9 dict\u00f3 la sentencia efectiva contra los uniformados de fuerzas que responden al Ministerio de Seguridad, quienes en 2016 detuvieron y torturaron a Iv\u00e1n Navarro y Ezequiel Villanueva Moya, dos adolescentes de la villa 21-24. Esta tarde, tras un cuarto intermedio, se conoci\u00f3 el veredicto\u2026","rel":"","context":"En \u00abJUDICIALES\u00bb","block_context":{"text":"JUDICIALES","link":"https:\/\/www.24baires.com\/?cat=68"},"img":{"alt_text":"","src":"https:\/\/i0.wp.com\/www.24baires.com\/wp-content\/uploads\/2018\/09\/poderosa.jpg?resize=350%2C200","width":350,"height":200,"srcset":"https:\/\/i0.wp.com\/www.24baires.com\/wp-content\/uploads\/2018\/09\/poderosa.jpg?resize=350%2C200 1x, https:\/\/i0.wp.com\/www.24baires.com\/wp-content\/uploads\/2018\/09\/poderosa.jpg?resize=525%2C300 1.5x"},"classes":[]},{"id":106561,"url":"https:\/\/www.24baires.com\/?p=106561","url_meta":{"origin":45419,"position":5},"title":"Denuncian que un joven muri\u00f3 torturado en un Hospital de Moreno, luego de ser detenido","author":"GB","date":"27\/01\/2019","format":false,"excerpt":"La familia de Nicol\u00e1s Pelayes (18) denuncia que el joven muri\u00f3 a causa de torturas dentro de un hospital local, luego de haber sido detenido. Un video revela que el mismo estaba consciente el d\u00eda de su ingreso. Horas despu\u00e9s, informaron de su muerte inexplicable. Se\u00f1alan a polic\u00edas y tambi\u00e9n\u2026","rel":"","context":"En \u00abMunicipios\u00bb","block_context":{"text":"Municipios","link":"https:\/\/www.24baires.com\/?cat=44"},"img":{"alt_text":"","src":"https:\/\/i0.wp.com\/www.24baires.com\/wp-content\/uploads\/2019\/01\/torturado-moreno.jpg?resize=350%2C200","width":350,"height":200,"srcset":"https:\/\/i0.wp.com\/www.24baires.com\/wp-content\/uploads\/2019\/01\/torturado-moreno.jpg?resize=350%2C200 1x, https:\/\/i0.wp.com\/www.24baires.com\/wp-content\/uploads\/2019\/01\/torturado-moreno.jpg?resize=525%2C300 1.5x"},"classes":[]}],"jetpack_sharing_enabled":true,"jetpack_likes_enabled":true,"_links":{"self":[{"href":"https:\/\/www.24baires.com\/index.php?rest_route=\/wp\/v2\/posts\/45419","targetHints":{"allow":["GET"]}}],"collection":[{"href":"https:\/\/www.24baires.com\/index.php?rest_route=\/wp\/v2\/posts"}],"about":[{"href":"https:\/\/www.24baires.com\/index.php?rest_route=\/wp\/v2\/types\/post"}],"author":[{"embeddable":true,"href":"https:\/\/www.24baires.com\/index.php?rest_route=\/wp\/v2\/users\/8"}],"replies":[{"embeddable":true,"href":"https:\/\/www.24baires.com\/index.php?rest_route=%2Fwp%2Fv2%2Fcomments&post=45419"}],"version-history":[{"count":1,"href":"https:\/\/www.24baires.com\/index.php?rest_route=\/wp\/v2\/posts\/45419\/revisions"}],"predecessor-version":[{"id":45420,"href":"https:\/\/www.24baires.com\/index.php?rest_route=\/wp\/v2\/posts\/45419\/revisions\/45420"}],"wp:attachment":[{"href":"https:\/\/www.24baires.com\/index.php?rest_route=%2Fwp%2Fv2%2Fmedia&parent=45419"}],"wp:term":[{"taxonomy":"category","embeddable":true,"href":"https:\/\/www.24baires.com\/index.php?rest_route=%2Fwp%2Fv2%2Fcategories&post=45419"},{"taxonomy":"post_tag","embeddable":true,"href":"https:\/\/www.24baires.com\/index.php?rest_route=%2Fwp%2Fv2%2Ftags&post=45419"}],"curies":[{"name":"wp","href":"https:\/\/api.w.org\/{rel}","templated":true}]}}