{"id":4522,"date":"2012-11-05T10:00:06","date_gmt":"2012-11-05T13:00:06","guid":{"rendered":"http:\/\/www.24baires.com\/?p=4522"},"modified":"2012-11-05T19:47:57","modified_gmt":"2012-11-05T22:47:57","slug":"legislador-provincial-del-fap-sera-veedor-en-las-elecciones-estadounidenses","status":"publish","type":"post","link":"https:\/\/www.24baires.com\/?p=4522","title":{"rendered":"Legislador provincial del FAP ser\u00e1 veedor en las elecciones estadounidenses"},"content":{"rendered":"<p><img data-recalc-dims=\"1\" loading=\"lazy\" decoding=\"async\" class=\"alignleft  wp-image-4527\" title=\"farias pablo 2\" src=\"https:\/\/i0.wp.com\/www.24baires.com\/wp-content\/uploads\/2012\/11\/farias-pablo-2.jpg?resize=240%2C213\" alt=\"\" width=\"240\" height=\"213\" srcset=\"https:\/\/i0.wp.com\/www.24baires.com\/wp-content\/uploads\/2012\/11\/farias-pablo-2.jpg?resize=300%2C266&amp;ssl=1 300w, https:\/\/i0.wp.com\/www.24baires.com\/wp-content\/uploads\/2012\/11\/farias-pablo-2.jpg?w=560&amp;ssl=1 560w\" sizes=\"auto, (max-width: 240px) 100vw, 240px\" \/>El diputado provincial del GEN, Pablo Far\u00edas, viaj\u00f3 a la ciudad de Washington, invitado por la Fundaci\u00f3n Di\u00e1logo Argentino Americano, para participar junto a otros dirigentes pol\u00edticos como veedor en las elecciones presidenciales de los Estados Unidos que se llevan a cabo este 6 de noviembre.<!--more--><\/p>\n<p>El legislador marplatense mantuvo este lunes reuniones tanto en el Comit\u00e9 Nacional Republicano como en el Comit\u00e9 Nacional Dem\u00f3crata. Ambas comisiones dieron a conocer su responsabilidad de desarrollar y promover la plataforma pol\u00edtica de su partido, as\u00ed como tambi\u00e9n informaron sobre la coordinaci\u00f3n de la estrategia de recaudaci\u00f3n de fondos y de elecciones.<\/p>\n<p>En la \u00faltima actividad del d\u00eda, el diputado Far\u00edas, junto al resto de la comitiva, tuvo la posibilidad de visitar la Embajada Argentina en Washington DC.<\/p>\n<p>Mientras se realiza la elecci\u00f3n presidencial los distintos dirigentes pol\u00edticos acudir\u00e1n, acompa\u00f1ados de autoridades federales, a diferentes centros de votaci\u00f3n ubicados en las ciudades de Arlington, Falls Church y Fairfax.<\/p>\n<p>Antes de conocerse los resultados se realizar\u00e1 una exposici\u00f3n sobre las relaciones entre los Estados Unidos y la Rep\u00fablica Argentina a cargo del funcionario Tom Kelly. Y una vez que se haya determinado el ganador, el diputado provincial Pablo Far\u00edas, junto al resto grupo, tendr\u00e1 la posibilidad de acercarse al bunker pol\u00edtico del partido victorioso, ya sea el del dem\u00f3crata y actual presidente Barack Obama, o el del republicano Mitt Romney.<\/p>\n<p>La estad\u00eda en el pa\u00eds norteamericano se extender\u00e1 por una semana y abarcar\u00e1 una intensa agenda que considera, entre otras cosas, la visita a la Casa Blanca, a la Suprema Corte de Justicia, donde la primera Ministra de origen latino, Sonia Sotomayor, brindar\u00e1 una recepci\u00f3n; un recorrido por la Universidad de Georgetown, una reuni\u00f3n en el Banco Mundial y una visita a la Organizaci\u00f3n de los Estados Americanos (OEA) con el recibimiento del Secretario General de la OEA, Jos\u00e9 Miguel Insulza, y el asesor, Dante Caputo.<\/p>\n","protected":false},"excerpt":{"rendered":"<p>El diputado provincial del GEN, Pablo Far\u00edas, viaj\u00f3 a la ciudad de Washington, invitado por la Fundaci\u00f3n Di\u00e1logo Argentino Americano, para participar junto a otros dirigentes pol\u00edticos como veedor en las elecciones presidenciales de los Estados Unidos que se llevan a cabo este 6 de noviembre.<\/p>\n","protected":false},"author":11,"featured_media":0,"comment_status":"open","ping_status":"open","sticky":false,"template":"","format":"standard","meta":{"_jetpack_newsletter_access":"","_jetpack_dont_email_post_to_subs":false,"_jetpack_newsletter_tier_id":0,"_jetpack_memberships_contains_paywalled_content":false,"_jetpack_memberships_contains_paid_content":false,"footnotes":""},"categories":[51],"tags":[],"class_list":["post-4522","post","type-post","status-publish","format-standard","hentry","category-politica"],"jetpack_featured_media_url":"","jetpack_shortlink":"https:\/\/wp.me\/p2JWE0-1aW","jetpack-related-posts":[{"id":4712,"url":"https:\/\/www.24baires.com\/?p=4712","url_meta":{"origin":4522,"position":0},"title":"M\u00f3nica L\u00f3pez, veedora en EEUU: la implementaci\u00f3n de la boleta \u00fanica \u00abser\u00eda sano para la Democracia\u00bb","author":"AF","date":"07\/11\/2012","format":false,"excerpt":"Lo dijo mientras oficiaba de veedora en las elecciones presidenciales de EE UU. La jefa de la bancada denarva\u00edsta en la C\u00e1mara de Diputados bonaerense asegur\u00f3 que adoptar tal sistema \"ser\u00eda sano para la democracia\" argentina. La titular del bloque de diputados provinciales de Uni\u00f3n Celeste y Blanco, M\u00f3nica L\u00f3pez,\u2026","rel":"","context":"En \u00abPol\u00edtica\u00bb","block_context":{"text":"Pol\u00edtica","link":"https:\/\/www.24baires.com\/?cat=51"},"img":{"alt_text":"","src":"https:\/\/i0.wp.com\/www.24baires.com\/wp-content\/uploads\/2012\/11\/m%C3%B3nica-l%C3%B3pez-300x225.jpg?resize=350%2C200","width":350,"height":200},"classes":[]},{"id":2730,"url":"https:\/\/www.24baires.com\/?p=2730","url_meta":{"origin":4522,"position":1},"title":"En Mar del Plata, Cheppi, Segarra y Tullio hablaron de las elecciones en Venezuela","author":"Grupo Sierra","date":"20\/10\/2012","format":false,"excerpt":"Ante un auditorio de m\u00e1s de mil personas, el Embajador argentino en Venezuela, Carlos Cheppi, la Diputada nacional y veedora por la Honorable C\u00e1mara de Diputados, Adela Segarra, y el Director Nacional Electoral del Ministerio del Interior y veedor de UNASUR, Alejandro Tullio, disertaron en la Conferencia sobre el proceso\u2026","rel":"","context":"En \u00abPol\u00edtica\u00bb","block_context":{"text":"Pol\u00edtica","link":"https:\/\/www.24baires.com\/?cat=51"},"img":{"alt_text":"","src":"https:\/\/i0.wp.com\/www.24baires.com\/wp-content\/uploads\/2012\/10\/Cheppi-Conferencia-Octubre-19.jpg?resize=350%2C200","width":350,"height":200,"srcset":"https:\/\/i0.wp.com\/www.24baires.com\/wp-content\/uploads\/2012\/10\/Cheppi-Conferencia-Octubre-19.jpg?resize=350%2C200 1x, https:\/\/i0.wp.com\/www.24baires.com\/wp-content\/uploads\/2012\/10\/Cheppi-Conferencia-Octubre-19.jpg?resize=525%2C300 1.5x"},"classes":[]},{"id":110882,"url":"https:\/\/www.24baires.com\/?p=110882","url_meta":{"origin":4522,"position":2},"title":"El Gobierno redujo a la mitad el espacio para los spots de campa\u00f1a","author":"GB","date":"21\/06\/2019","format":false,"excerpt":"El Gobierno dispuso que los medios de comunicaci\u00f3n deber\u00e1n ceder gratuitamente el 5% de doce horas de programaci\u00f3n \"para la difusi\u00f3n de mensajes de campa\u00f1a electoral\" tanto para las PASO como para las elecciones generales, la mitad de lo que se hab\u00eda dispuesto en 2015. El decreto 429\/2019, firmado por\u2026","rel":"","context":"En \u00abElecciones\u00bb","block_context":{"text":"Elecciones","link":"https:\/\/www.24baires.com\/?cat=316"},"img":{"alt_text":"","src":"https:\/\/i0.wp.com\/www.24baires.com\/wp-content\/uploads\/2019\/03\/MACRI-CONGRESO.png?resize=350%2C200","width":350,"height":200,"srcset":"https:\/\/i0.wp.com\/www.24baires.com\/wp-content\/uploads\/2019\/03\/MACRI-CONGRESO.png?resize=350%2C200 1x, https:\/\/i0.wp.com\/www.24baires.com\/wp-content\/uploads\/2019\/03\/MACRI-CONGRESO.png?resize=525%2C300 1.5x"},"classes":[]},{"id":108576,"url":"https:\/\/www.24baires.com\/?p=108576","url_meta":{"origin":4522,"position":3},"title":"El PJ dice que el Gobierno cambia las reglas y pedir\u00e1 veedores internacionales","author":"GB","date":"05\/06\/2019","format":false,"excerpt":"El PJ bonaerense emiti\u00f3 hoy un duro comunicado en el que acusa al Gobierno de haber cambiado 11 veces las reglas del juego electoral y de divulgar noticias falsas. Adelant\u00f3 que pedir\u00e1 veedores internacionales para los comicios. Tras las versiones de una supuesta reuni\u00f3n de la gobernadora Mar\u00eda Eugenia Vidal\u2026","rel":"","context":"En \u00abElecciones\u00bb","block_context":{"text":"Elecciones","link":"https:\/\/www.24baires.com\/?cat=316"},"img":{"alt_text":"","src":"https:\/\/i0.wp.com\/www.24baires.com\/wp-content\/uploads\/2018\/12\/pj-bo.jpg?resize=350%2C200","width":350,"height":200,"srcset":"https:\/\/i0.wp.com\/www.24baires.com\/wp-content\/uploads\/2018\/12\/pj-bo.jpg?resize=350%2C200 1x, https:\/\/i0.wp.com\/www.24baires.com\/wp-content\/uploads\/2018\/12\/pj-bo.jpg?resize=525%2C300 1.5x"},"classes":[]},{"id":116065,"url":"https:\/\/www.24baires.com\/?p=116065","url_meta":{"origin":4522,"position":4},"title":"Amplio repudio a las declaraciones golpistas de Duhalde","author":"AF","date":"25\/08\/2020","format":false,"excerpt":"\"Es rid\u00edculo que piensen que el a\u00f1o que viene va a haber elecciones. \u00bfPor qu\u00e9 va a haber elecciones?\", dijo el expresidente. Referentes de todo el arco pol\u00edtico, funcionarios, legisladores y organizaciones de varios sectores rechazaron las declaraciones del expresidente Eduardo Duhalde, quien sostuvo el lunes por la noche y\u2026","rel":"","context":"En \u00abPol\u00edtica\u00bb","block_context":{"text":"Pol\u00edtica","link":"https:\/\/www.24baires.com\/?cat=51"},"img":{"alt_text":"","src":"https:\/\/i0.wp.com\/www.24baires.com\/wp-content\/uploads\/2014\/04\/duhalde.jpg?resize=350%2C200","width":350,"height":200,"srcset":"https:\/\/i0.wp.com\/www.24baires.com\/wp-content\/uploads\/2014\/04\/duhalde.jpg?resize=350%2C200 1x, https:\/\/i0.wp.com\/www.24baires.com\/wp-content\/uploads\/2014\/04\/duhalde.jpg?resize=525%2C300 1.5x"},"classes":[]},{"id":1480,"url":"https:\/\/www.24baires.com\/?p=1480","url_meta":{"origin":4522,"position":5},"title":"Legislativas 2013: habr\u00e1 veedores","author":"AF","date":"09\/10\/2012","format":false,"excerpt":"La Junta Electoral habilit\u00f3, por primera vez, el trabajo de observadores electorales para las elecciones legislativas del a\u00f1o pr\u00f3ximo: se trata de terceros ajenos al proceso comicial, que podr\u00e1n elaborar informes y recomendaciones sobre distintos aspectos de la votaci\u00f3n. La resoluci\u00f3n de la Junta, fechada en septiembre pasado, crea un\u2026","rel":"","context":"En \u00abSociedad\u00bb","block_context":{"text":"Sociedad","link":"https:\/\/www.24baires.com\/?cat=1"},"img":{"alt_text":"","src":"https:\/\/i0.wp.com\/www.24baires.com\/wp-content\/uploads\/2012\/10\/urna-300x225.jpg?resize=350%2C200","width":350,"height":200},"classes":[]}],"jetpack_sharing_enabled":true,"jetpack_likes_enabled":true,"_links":{"self":[{"href":"https:\/\/www.24baires.com\/index.php?rest_route=\/wp\/v2\/posts\/4522","targetHints":{"allow":["GET"]}}],"collection":[{"href":"https:\/\/www.24baires.com\/index.php?rest_route=\/wp\/v2\/posts"}],"about":[{"href":"https:\/\/www.24baires.com\/index.php?rest_route=\/wp\/v2\/types\/post"}],"author":[{"embeddable":true,"href":"https:\/\/www.24baires.com\/index.php?rest_route=\/wp\/v2\/users\/11"}],"replies":[{"embeddable":true,"href":"https:\/\/www.24baires.com\/index.php?rest_route=%2Fwp%2Fv2%2Fcomments&post=4522"}],"version-history":[{"count":4,"href":"https:\/\/www.24baires.com\/index.php?rest_route=\/wp\/v2\/posts\/4522\/revisions"}],"predecessor-version":[{"id":4532,"href":"https:\/\/www.24baires.com\/index.php?rest_route=\/wp\/v2\/posts\/4522\/revisions\/4532"}],"wp:attachment":[{"href":"https:\/\/www.24baires.com\/index.php?rest_route=%2Fwp%2Fv2%2Fmedia&parent=4522"}],"wp:term":[{"taxonomy":"category","embeddable":true,"href":"https:\/\/www.24baires.com\/index.php?rest_route=%2Fwp%2Fv2%2Fcategories&post=4522"},{"taxonomy":"post_tag","embeddable":true,"href":"https:\/\/www.24baires.com\/index.php?rest_route=%2Fwp%2Fv2%2Ftags&post=4522"}],"curies":[{"name":"wp","href":"https:\/\/api.w.org\/{rel}","templated":true}]}}