{"id":4517,"date":"2012-11-05T19:11:18","date_gmt":"2012-11-05T22:11:18","guid":{"rendered":"http:\/\/www.24baires.com\/?p=4517"},"modified":"2012-11-05T19:11:18","modified_gmt":"2012-11-05T22:11:18","slug":"atacaron-un-local-de-boudou-en-mar-del-plata","status":"publish","type":"post","link":"https:\/\/www.24baires.com\/?p=4517","title":{"rendered":"Atacaron un local de Boudou en Mar del Plata"},"content":{"rendered":"<p><img data-recalc-dims=\"1\" loading=\"lazy\" decoding=\"async\" class=\"aligncenter size-full wp-image-4518\" title=\"2020\" src=\"https:\/\/i0.wp.com\/www.24baires.com\/wp-content\/uploads\/2012\/11\/2020.jpg?resize=560%2C373\" alt=\"\" width=\"560\" height=\"373\" srcset=\"https:\/\/i0.wp.com\/www.24baires.com\/wp-content\/uploads\/2012\/11\/2020.jpg?w=560&amp;ssl=1 560w, https:\/\/i0.wp.com\/www.24baires.com\/wp-content\/uploads\/2012\/11\/2020.jpg?resize=300%2C199&amp;ssl=1 300w\" sizes=\"auto, (max-width: 560px) 100vw, 560px\" \/><\/p>\n<p>En la madrugada de este lunes, se atent\u00f3 contra la sede de la ONG Mar del Plata Veinte20 en Colon esquina Catamarca, ligada al Vicepresidente de la Naci\u00f3n Amado Boudou. Los agresores rompieron un vidrio que hab\u00eda sobre Catamarca donde estaba la imagen de la presidenta, Cristina Fern\u00e1ndez de Kirchner y \u00a0Boudou.<!--more--><\/p>\n<p>En ese sentido, Marcelo Artime, titular de 20 20 record\u00f3 que \u201cen otras ocasiones se han sufrido pintadas sobre ese vidrio pero nunca hab\u00edan llegado a romperlo\u201d.<\/p>\n<p>\u201cLamentamos que haya semejante grado de intolerancia por parte de algunos grupos que no pueden soportar ver la imagen de una presidenta votada en octubre de 2011 por el 54%\u201d, dijo.<\/p>\n<p>Por \u00faltimo, Artime manifest\u00f3 que \u201cse trata de grupos min\u00fasculos que no son representativos de los vecinos de Mar del Plata que son pac\u00edficos y tolerantes de todas las expresiones pol\u00edticas\u201d.<\/p>\n","protected":false},"excerpt":{"rendered":"<p>En la madrugada de este lunes, se atent\u00f3 contra la sede de la ONG Mar del Plata Veinte20 en Colon esquina Catamarca, ligada al Vicepresidente de la Naci\u00f3n Amado Boudou. Los agresores rompieron un vidrio que hab\u00eda sobre Catamarca donde estaba la imagen de la presidenta, Cristina Fern\u00e1ndez de Kirchner y \u00a0Boudou.<\/p>\n","protected":false},"author":11,"featured_media":0,"comment_status":"open","ping_status":"open","sticky":false,"template":"","format":"standard","meta":{"_jetpack_newsletter_access":"","_jetpack_dont_email_post_to_subs":false,"_jetpack_newsletter_tier_id":0,"_jetpack_memberships_contains_paywalled_content":false,"_jetpack_memberships_contains_paid_content":false,"footnotes":""},"categories":[38],"tags":[],"class_list":["post-4517","post","type-post","status-publish","format-standard","hentry","category-locales"],"jetpack_featured_media_url":"","jetpack_shortlink":"https:\/\/wp.me\/p2JWE0-1aR","jetpack-related-posts":[{"id":45099,"url":"https:\/\/www.24baires.com\/?p=45099","url_meta":{"origin":4517,"position":0},"title":"Mar del Plata: Marcelo Artime se suma a la interna del FpV para las PASO 2015","author":"GB","date":"30\/04\/2014","format":false,"excerpt":"Se trata del ex presidente del Concejo Deliberante Marcelo Artime, quien asegur\u00f3 que \"yo siempre dije en forma honesta que me gustar\u00eda ser intendente alg\u00fan d\u00eda\" La intendencia de Mar del Plata empieza a perfilar su contienda electoral. Poco a poco, los competidores van sumando sus nombres. En el Frente\u2026","rel":"","context":"En \u00abLocales\u00bb","block_context":{"text":"Locales","link":"https:\/\/www.24baires.com\/?cat=38"},"img":{"alt_text":"artime y boudou","src":"https:\/\/i0.wp.com\/www.24baires.com\/wp-content\/uploads\/2014\/04\/artime-y-boudou-300x188.jpg?resize=350%2C200","width":350,"height":200},"classes":[]},{"id":114631,"url":"https:\/\/www.24baires.com\/?p=114631","url_meta":{"origin":4517,"position":1},"title":"La Justicia le otorg\u00f3 la prisi\u00f3n domiciliaria a Boudou","author":"AF","date":"06\/04\/2020","format":false,"excerpt":"El Tribunal Oral Federal 4 le otorg\u00f3 hoy el beneficio de la prisi\u00f3n domiciliaria al ex vicepresidente Amado Boudou, condenado a cinco a\u00f1os y diez meses de prisi\u00f3n por la compra venta de la imprenta Ciccone. As\u00ed lo confirmaron fuentes judiciales, por lo que se espera que en las pr\u00f3ximas\u2026","rel":"","context":"En \u00abPol\u00edtica\u00bb","block_context":{"text":"Pol\u00edtica","link":"https:\/\/www.24baires.com\/?cat=51"},"img":{"alt_text":"","src":"https:\/\/i0.wp.com\/www.24baires.com\/wp-content\/uploads\/2020\/04\/boudou.jpg?resize=350%2C200","width":350,"height":200,"srcset":"https:\/\/i0.wp.com\/www.24baires.com\/wp-content\/uploads\/2020\/04\/boudou.jpg?resize=350%2C200 1x, https:\/\/i0.wp.com\/www.24baires.com\/wp-content\/uploads\/2020\/04\/boudou.jpg?resize=525%2C300 1.5x"},"classes":[]},{"id":103727,"url":"https:\/\/www.24baires.com\/?p=103727","url_meta":{"origin":4517,"position":2},"title":"Condenan a Boudou a cinco a\u00f1os y diez meses de prisi\u00f3n por la causa Ciccone","author":"AF","date":"07\/08\/2018","format":false,"excerpt":"El Tribunal Oral en lo Criminal Federal N\u00b0 4 conden\u00f3 a cinco a\u00f1os y diez meses de prisi\u00f3n al exvicepresidente Amado Boudou, en el marco la causa Ciccone, por los delitos de negociaciones incompatibles con la funci\u00f3n p\u00fablica y cohecho, y qued\u00f3 detenido hoy. Adem\u00e1s, el tribunal integrado por los\u2026","rel":"","context":"En \u00abJUDICIALES\u00bb","block_context":{"text":"JUDICIALES","link":"https:\/\/www.24baires.com\/?cat=68"},"img":{"alt_text":"","src":"https:\/\/i0.wp.com\/www.24baires.com\/wp-content\/uploads\/2013\/11\/boudou-fv.jpg?resize=350%2C200","width":350,"height":200,"srcset":"https:\/\/i0.wp.com\/www.24baires.com\/wp-content\/uploads\/2013\/11\/boudou-fv.jpg?resize=350%2C200 1x, https:\/\/i0.wp.com\/www.24baires.com\/wp-content\/uploads\/2013\/11\/boudou-fv.jpg?resize=525%2C300 1.5x"},"classes":[]},{"id":105868,"url":"https:\/\/www.24baires.com\/?p=105868","url_meta":{"origin":4517,"position":3},"title":"La Justicia orden\u00f3 la excarcelaci\u00f3n de Amado Boudou","author":"AF","date":"11\/12\/2018","format":false,"excerpt":"El Tribunal Oral 4 firm\u00f3 la resoluci\u00f3n por la cual el ex Vicepresidente recuperar\u00e1 la libertad. Deber\u00e1 pagar una fianza de $1 mill\u00f3n. La Justicia concedi\u00f3 este martes la excarcelaci\u00f3n al ex vicepresidente Amado Boudou, quien estaba detenido en el penal de Ezeiza tras ser condenado por el caso Ciccone\u2026","rel":"","context":"En \u00abJUDICIALES\u00bb","block_context":{"text":"JUDICIALES","link":"https:\/\/www.24baires.com\/?cat=68"},"img":{"alt_text":"","src":"https:\/\/i0.wp.com\/www.24baires.com\/wp-content\/uploads\/2014\/06\/Boudou.jpg?resize=350%2C200","width":350,"height":200,"srcset":"https:\/\/i0.wp.com\/www.24baires.com\/wp-content\/uploads\/2014\/06\/Boudou.jpg?resize=350%2C200 1x, https:\/\/i0.wp.com\/www.24baires.com\/wp-content\/uploads\/2014\/06\/Boudou.jpg?resize=525%2C300 1.5x"},"classes":[]},{"id":105950,"url":"https:\/\/www.24baires.com\/?p=105950","url_meta":{"origin":4517,"position":4},"title":"Boudou: \u00abNo me perdonan no haberme quebrado\u00bb","author":"AF","date":"15\/12\/2018","format":false,"excerpt":"\u201cSi un ex funcionario puede perturbar una investigaci\u00f3n, imaginemos a un ministro en funciones\u201d, afirm\u00f3 el ex vicepresidente. Ahond\u00f3 en cr\u00edticas al sistema judicial y habl\u00f3 sobre la vida en la c\u00e1rcel. Amado Boudou se refiri\u00f3 a lo que fue su paso por la c\u00e1rcel y lanz\u00f3 duras cr\u00edticas al\u2026","rel":"","context":"En \u00abPol\u00edtica\u00bb","block_context":{"text":"Pol\u00edtica","link":"https:\/\/www.24baires.com\/?cat=51"},"img":{"alt_text":"","src":"https:\/\/i0.wp.com\/www.24baires.com\/wp-content\/uploads\/2014\/06\/Boudou.jpg?resize=350%2C200","width":350,"height":200,"srcset":"https:\/\/i0.wp.com\/www.24baires.com\/wp-content\/uploads\/2014\/06\/Boudou.jpg?resize=350%2C200 1x, https:\/\/i0.wp.com\/www.24baires.com\/wp-content\/uploads\/2014\/06\/Boudou.jpg?resize=525%2C300 1.5x"},"classes":[]},{"id":111234,"url":"https:\/\/www.24baires.com\/?p=111234","url_meta":{"origin":4517,"position":5},"title":"Confirmaron la condena a Boudou: deber\u00e1 cumplir 5 a\u00f1os y 10 meses de prisi\u00f3n","author":"GB","date":"18\/07\/2019","format":false,"excerpt":"El ex funcionario kirchnerista fue condenado como autor de los delitos de cohecho pasivo en concurso ideal con negociaciones incompatibles con la funci\u00f3n p\u00fablica La C\u00e1mara Federal de Casaci\u00f3n Penal confirm\u00f3 la condena a 5 a\u00f1os y 10 meses de prisi\u00f3n para el ex vicepresidente de la naci\u00f3n, Amado Boudou.\u2026","rel":"","context":"En \u00abJUDICIALES\u00bb","block_context":{"text":"JUDICIALES","link":"https:\/\/www.24baires.com\/?cat=68"},"img":{"alt_text":"","src":"https:\/\/i0.wp.com\/www.24baires.com\/wp-content\/uploads\/2017\/11\/detencion-bodou.jpg?resize=350%2C200","width":350,"height":200,"srcset":"https:\/\/i0.wp.com\/www.24baires.com\/wp-content\/uploads\/2017\/11\/detencion-bodou.jpg?resize=350%2C200 1x, https:\/\/i0.wp.com\/www.24baires.com\/wp-content\/uploads\/2017\/11\/detencion-bodou.jpg?resize=525%2C300 1.5x"},"classes":[]}],"jetpack_sharing_enabled":true,"jetpack_likes_enabled":true,"_links":{"self":[{"href":"https:\/\/www.24baires.com\/index.php?rest_route=\/wp\/v2\/posts\/4517","targetHints":{"allow":["GET"]}}],"collection":[{"href":"https:\/\/www.24baires.com\/index.php?rest_route=\/wp\/v2\/posts"}],"about":[{"href":"https:\/\/www.24baires.com\/index.php?rest_route=\/wp\/v2\/types\/post"}],"author":[{"embeddable":true,"href":"https:\/\/www.24baires.com\/index.php?rest_route=\/wp\/v2\/users\/11"}],"replies":[{"embeddable":true,"href":"https:\/\/www.24baires.com\/index.php?rest_route=%2Fwp%2Fv2%2Fcomments&post=4517"}],"version-history":[{"count":3,"href":"https:\/\/www.24baires.com\/index.php?rest_route=\/wp\/v2\/posts\/4517\/revisions"}],"predecessor-version":[{"id":4521,"href":"https:\/\/www.24baires.com\/index.php?rest_route=\/wp\/v2\/posts\/4517\/revisions\/4521"}],"wp:attachment":[{"href":"https:\/\/www.24baires.com\/index.php?rest_route=%2Fwp%2Fv2%2Fmedia&parent=4517"}],"wp:term":[{"taxonomy":"category","embeddable":true,"href":"https:\/\/www.24baires.com\/index.php?rest_route=%2Fwp%2Fv2%2Fcategories&post=4517"},{"taxonomy":"post_tag","embeddable":true,"href":"https:\/\/www.24baires.com\/index.php?rest_route=%2Fwp%2Fv2%2Ftags&post=4517"}],"curies":[{"name":"wp","href":"https:\/\/api.w.org\/{rel}","templated":true}]}}