{"id":4513,"date":"2012-11-05T18:57:24","date_gmt":"2012-11-05T21:57:24","guid":{"rendered":"http:\/\/www.24baires.com\/?p=4513"},"modified":"2012-11-05T18:57:24","modified_gmt":"2012-11-05T21:57:24","slug":"casacion-rechazo-un-recurso-de-clarin-y-la-nacion-por-papel-prensa","status":"publish","type":"post","link":"https:\/\/www.24baires.com\/?p=4513","title":{"rendered":"Casaci\u00f3n rechaz\u00f3 un recurso de Clar\u00edn y La Naci\u00f3n por Papel Prensa"},"content":{"rendered":"<p>La C\u00e1mara Federal de Casaci\u00f3n Penal rechaz\u00f3 un recurso de queja promovido por la defensa de H\u00e9ctor Magnetto y Bartolom\u00e9 Mitre contra el fallo que declar\u00f3 la competencia del juez federal Juli\u00e1n Ercolini.<!--more--><br \/>\nEl fallo declara la competencia del magistrado para intervenir en la causa en la que se investiga si durante el traspaso de las acciones de Papel Prensa a Clar\u00edn y Naci\u00f3n durante la dictadura militar se cometieron delitos de lesa humanidad.<br \/>\nLa resoluci\u00f3n de la Sala III se firm\u00f3 el pasado viernes 2 de noviembre, poco despu\u00e9s de que el Secretario de Derechos Humanos de la Naci\u00f3n, Mart\u00edn Fresneda, presentase un pedido de pronto despacho a los fines de que resuelvan a la brevedad planteos formulados por la defensa de los imputados.<\/p>\n<p>En la causa se investiga la posible transferencia compulsiva de las acciones de Papel Prensa SA, propiedad del Grupo Graiver, en favor de las empresas La Naci\u00f3n SA, Clar\u00edn y La Raz\u00f3n SA, ocurridas durante la \u00faltima dictadura y por los que est\u00e1n imputados, entre otros, Laura Ernestina Herrera de Noble, H\u00e9ctor Magnetto, Bartolom\u00e9 Mitre, Sergio Jos\u00e9 Peralta Ramos, Marcos Peralta Ramos, Hugo Fernando Peralta Ramos y Jorge Rafael Videla.<\/p>\n<p>La investigaci\u00f3n fue promovida por Lidia Papaleo de Gravier, una de las principales accionistas, Osvaldo Papaleo y la Secretar\u00eda de Derechos Humanos, para que se investigue si en esa transferencia se cometieron delitos de lesa humanidad.<\/p>\n<p>En una resoluci\u00f3n de s\u00f3lo una carilla y media, a la que T\u00e9lam tuvo acceso, los magistrados Eduardo Riggi, Liliana Catucci y Mariano Borinsky decidieron \u00abconvalidar el criterio del auto denegatorio del recurso de casaci\u00f3n y, en consecuencia, declarar inadmisible la presentaci\u00f3n directa en estudio\u00bb.<\/p>\n<p>Los magistrados recordaron que \u00abla defensa de H\u00e9ctor Magnetto y de Bartolom\u00e9 Mitre interpuso recurso de queja por casaci\u00f3n denegada, contra la resoluci\u00f3n de la Sala I de la C\u00e1mara Nacional de Apelaciones en lo Criminal y Correccional Federal de la Capital Federal, que declar\u00f3 la competencia de la justicia federal de esta ciudad para entender en la presente\u00bb.<\/p>\n<p>\u00abEl recurrente no ha logrado demostrar que, en el caso, se est\u00e9 en presencia de una resoluci\u00f3n de car\u00e1cter definitivo o asimilable \u2013art\u00edculo 457 del C\u00f3digo Procesal Penal de la Naci\u00f3n-, dado que la recurrida no pone fin al proceso ni impide su continuaci\u00f3n\u00bb explicaron los camaristas al demarcar los casos que establecen las normas para dejar expedita esa v\u00eda.<\/p>\n<p>Los jueces a\u00f1adieron que \u00abcabe recordar al respecto, que la propia Corte Suprema de Justicia de la Naci\u00f3n ha establecido reiteradamente que los autos que resuelven cuestiones de competencia no constituyen, en principio, sentencia definitiva en los t\u00e9rminos del art\u00edculo 14 de la Ley 48\u00bb que alude al recurso extraordinario.<\/p>\n<p>\u00abPor lo dem\u00e1s, tampoco se verifica en autos la denegaci\u00f3n del fuero federal o alguna otra circunstancia que permita hacer excepci\u00f3n a dicha regla y de esa forma equiparar a definitiva la decisi\u00f3n impugnada\u00bb, concluyeron para declarar \u00abinadmisible\u00bb el recurso intentado.<\/p>\n","protected":false},"excerpt":{"rendered":"<p>La C\u00e1mara Federal de Casaci\u00f3n Penal rechaz\u00f3 un recurso de queja promovido por la defensa de H\u00e9ctor Magnetto y Bartolom\u00e9 Mitre contra el fallo que declar\u00f3 la competencia del juez federal Juli\u00e1n Ercolini.<\/p>\n","protected":false},"author":11,"featured_media":0,"comment_status":"open","ping_status":"open","sticky":false,"template":"","format":"standard","meta":{"_jetpack_newsletter_access":"","_jetpack_dont_email_post_to_subs":false,"_jetpack_newsletter_tier_id":0,"_jetpack_memberships_contains_paywalled_content":false,"_jetpack_memberships_contains_paid_content":false,"footnotes":""},"categories":[54],"tags":[],"class_list":["post-4513","post","type-post","status-publish","format-standard","hentry","category-medios"],"jetpack_featured_media_url":"","jetpack_shortlink":"https:\/\/wp.me\/p2JWE0-1aN","jetpack-related-posts":[{"id":111244,"url":"https:\/\/www.24baires.com\/?p=111244","url_meta":{"origin":4513,"position":0},"title":"Stornelli falt\u00f3 al sexto llamado a indagatoria de Ramos Padilla","author":"AF","date":"18\/07\/2019","format":false,"excerpt":"El fiscal federal Carlos Stornelli, involucrado en la red de espionaje ilegal destapada por el caso del falso esp\u00eda Marcelo D\u2019Alesio, falt\u00f3 hoy al sexto llamado a indagatoria del juez federal Alejo Ramos Padilla. El integrante del Ministerio P\u00fablico estaba convocado a las 10 de la ma\u00f1ana al juzgado federal\u2026","rel":"","context":"En \u00abJUDICIALES\u00bb","block_context":{"text":"JUDICIALES","link":"https:\/\/www.24baires.com\/?cat=68"},"img":{"alt_text":"","src":"https:\/\/i0.wp.com\/www.24baires.com\/wp-content\/uploads\/2019\/03\/stornelli-1.jpg?resize=350%2C200","width":350,"height":200,"srcset":"https:\/\/i0.wp.com\/www.24baires.com\/wp-content\/uploads\/2019\/03\/stornelli-1.jpg?resize=350%2C200 1x, https:\/\/i0.wp.com\/www.24baires.com\/wp-content\/uploads\/2019\/03\/stornelli-1.jpg?resize=525%2C300 1.5x"},"classes":[]},{"id":121829,"url":"https:\/\/www.24baires.com\/?p=121829","url_meta":{"origin":4513,"position":1},"title":"Se conoce el fallo contra Cristina por la causa Vialidad","author":"GB","date":"13\/11\/2024","format":false,"excerpt":"La C\u00e1mara Federal de Casaci\u00f3n Penal dar\u00e1 a conocer este mi\u00e9rcoles a las 11.00 su veredicto en el marco del caso por el que la ex Presidenta fue condenada a seis a\u00f1os de prisi\u00f3n e inhabilitaci\u00f3n perpetua para ocupar cargos p\u00fablicos. La ex mandataria hizo su descargo contra jueces, dirigentes\u2026","rel":"","context":"En \u00abPol\u00edtica\u00bb","block_context":{"text":"Pol\u00edtica","link":"https:\/\/www.24baires.com\/?cat=51"},"img":{"alt_text":"","src":"https:\/\/i0.wp.com\/www.24baires.com\/wp-content\/uploads\/2024\/11\/cfk_1.jpg?resize=350%2C200","width":350,"height":200,"srcset":"https:\/\/i0.wp.com\/www.24baires.com\/wp-content\/uploads\/2024\/11\/cfk_1.jpg?resize=350%2C200 1x, https:\/\/i0.wp.com\/www.24baires.com\/wp-content\/uploads\/2024\/11\/cfk_1.jpg?resize=525%2C300 1.5x, https:\/\/i0.wp.com\/www.24baires.com\/wp-content\/uploads\/2024\/11\/cfk_1.jpg?resize=700%2C400 2x"},"classes":[]},{"id":96555,"url":"https:\/\/www.24baires.com\/?p=96555","url_meta":{"origin":4513,"position":2},"title":"Caso Ciccone: Casaci\u00f3n habilit\u00f3 el juicio oral a Boudou","author":"GB","date":"08\/08\/2017","format":false,"excerpt":"La Sala IV de Casaci\u00f3n rechaz\u00f3 los recursos de las defensas del ex vicepresidente y de Alejandro Vandenbroele, otro de los acusados por Ciccone, contra la suspensi\u00f3n de citaci\u00f3n a juicio. La C\u00e1mara Federal de Casaci\u00f3n Penal dio v\u00eda libre a la realizaci\u00f3n del juicio oral por el caso Ciccone\u2026","rel":"","context":"En \u00abJUDICIALES\u00bb","block_context":{"text":"JUDICIALES","link":"https:\/\/www.24baires.com\/?cat=68"},"img":{"alt_text":"","src":"https:\/\/i0.wp.com\/www.24baires.com\/wp-content\/uploads\/2016\/08\/boudou.jpg?resize=350%2C200","width":350,"height":200,"srcset":"https:\/\/i0.wp.com\/www.24baires.com\/wp-content\/uploads\/2016\/08\/boudou.jpg?resize=350%2C200 1x, https:\/\/i0.wp.com\/www.24baires.com\/wp-content\/uploads\/2016\/08\/boudou.jpg?resize=525%2C300 1.5x"},"classes":[]},{"id":111050,"url":"https:\/\/www.24baires.com\/?p=111050","url_meta":{"origin":4513,"position":3},"title":"Ramos Padilla cit\u00f3 por sexta vez a indagatoria al fiscal Stornelli","author":"GB","date":"03\/07\/2019","format":false,"excerpt":"El juez federal de Dolores, Alejo Ramos Padilla, volvi\u00f3 hoy a citar a declaraci\u00f3n indagatoria para el 18 de julio al fiscal federal Carlos Stornelli en la causa que investiga supuestas extorsiones y espionaje ilegal, luego de haberlo declarado en rebeld\u00eda por faltar a convocatorias previas, informaron fuentes judiciales. En\u2026","rel":"","context":"En \u00abPol\u00edtica\u00bb","block_context":{"text":"Pol\u00edtica","link":"https:\/\/www.24baires.com\/?cat=51"},"img":{"alt_text":"","src":"https:\/\/i0.wp.com\/www.24baires.com\/wp-content\/uploads\/2019\/03\/stornelli.jpg?resize=350%2C200","width":350,"height":200,"srcset":"https:\/\/i0.wp.com\/www.24baires.com\/wp-content\/uploads\/2019\/03\/stornelli.jpg?resize=350%2C200 1x, https:\/\/i0.wp.com\/www.24baires.com\/wp-content\/uploads\/2019\/03\/stornelli.jpg?resize=525%2C300 1.5x"},"classes":[]},{"id":107845,"url":"https:\/\/www.24baires.com\/?p=107845","url_meta":{"origin":4513,"position":4},"title":"Maniobra judicial para sacarle la causa de espionaje ilegal a Ramos padilla","author":"AF","date":"26\/04\/2019","format":false,"excerpt":"La C\u00e1mara Federal de Mar del Plata realizar\u00e1 hoy una audiencia para definir la competencia. Distintas versiones indican que la semana pr\u00f3xima ordenar\u00eda dividir los casos y enviarlos a distintos juzgados. Muchos de ellos recaer\u00edan en los tribunales de Comodoro Py. El hashtag #ConfirmenRamosPadilla se convirti\u00f3 en la ma\u00f1ana del\u2026","rel":"","context":"En \u00abJUDICIALES\u00bb","block_context":{"text":"JUDICIALES","link":"https:\/\/www.24baires.com\/?cat=68"},"img":{"alt_text":"","src":"https:\/\/i0.wp.com\/www.24baires.com\/wp-content\/uploads\/2019\/03\/ramos-padillaa.jpg?resize=350%2C200","width":350,"height":200,"srcset":"https:\/\/i0.wp.com\/www.24baires.com\/wp-content\/uploads\/2019\/03\/ramos-padillaa.jpg?resize=350%2C200 1x, https:\/\/i0.wp.com\/www.24baires.com\/wp-content\/uploads\/2019\/03\/ramos-padillaa.jpg?resize=525%2C300 1.5x"},"classes":[]},{"id":107735,"url":"https:\/\/www.24baires.com\/?p=107735","url_meta":{"origin":4513,"position":5},"title":"Pino Solanas present\u00f3 un proyecto para quitarle inmunidad a Stornelli","author":"AF","date":"20\/04\/2019","format":false,"excerpt":"La iniciativa le reclama al jefe de los fiscales, Eduardo Casal, para que proceda al enjuiciamiento de Stornelli por no presentarse a declarar ante el juez Ramos Padilla. El proyecto cuenta con el respaldo de 17 senadores. El senador porte\u00f1o Fernando \u201cPino\u201d Solanas present\u00f3 un proyecto donde le pide al\u2026","rel":"","context":"En \u00abJUDICIALES\u00bb","block_context":{"text":"JUDICIALES","link":"https:\/\/www.24baires.com\/?cat=68"},"img":{"alt_text":"","src":"https:\/\/i0.wp.com\/www.24baires.com\/wp-content\/uploads\/2019\/03\/stornelli-1.jpg?resize=350%2C200","width":350,"height":200,"srcset":"https:\/\/i0.wp.com\/www.24baires.com\/wp-content\/uploads\/2019\/03\/stornelli-1.jpg?resize=350%2C200 1x, https:\/\/i0.wp.com\/www.24baires.com\/wp-content\/uploads\/2019\/03\/stornelli-1.jpg?resize=525%2C300 1.5x"},"classes":[]}],"jetpack_sharing_enabled":true,"jetpack_likes_enabled":true,"_links":{"self":[{"href":"https:\/\/www.24baires.com\/index.php?rest_route=\/wp\/v2\/posts\/4513","targetHints":{"allow":["GET"]}}],"collection":[{"href":"https:\/\/www.24baires.com\/index.php?rest_route=\/wp\/v2\/posts"}],"about":[{"href":"https:\/\/www.24baires.com\/index.php?rest_route=\/wp\/v2\/types\/post"}],"author":[{"embeddable":true,"href":"https:\/\/www.24baires.com\/index.php?rest_route=\/wp\/v2\/users\/11"}],"replies":[{"embeddable":true,"href":"https:\/\/www.24baires.com\/index.php?rest_route=%2Fwp%2Fv2%2Fcomments&post=4513"}],"version-history":[{"count":3,"href":"https:\/\/www.24baires.com\/index.php?rest_route=\/wp\/v2\/posts\/4513\/revisions"}],"predecessor-version":[{"id":4516,"href":"https:\/\/www.24baires.com\/index.php?rest_route=\/wp\/v2\/posts\/4513\/revisions\/4516"}],"wp:attachment":[{"href":"https:\/\/www.24baires.com\/index.php?rest_route=%2Fwp%2Fv2%2Fmedia&parent=4513"}],"wp:term":[{"taxonomy":"category","embeddable":true,"href":"https:\/\/www.24baires.com\/index.php?rest_route=%2Fwp%2Fv2%2Fcategories&post=4513"},{"taxonomy":"post_tag","embeddable":true,"href":"https:\/\/www.24baires.com\/index.php?rest_route=%2Fwp%2Fv2%2Ftags&post=4513"}],"curies":[{"name":"wp","href":"https:\/\/api.w.org\/{rel}","templated":true}]}}