{"id":44945,"date":"2014-04-28T21:45:44","date_gmt":"2014-04-29T00:45:44","guid":{"rendered":"http:\/\/www.24baires.com\/?p=44945"},"modified":"2014-04-28T21:42:54","modified_gmt":"2014-04-29T00:42:54","slug":"el-producto-de-la-violencia-legitimada","status":"publish","type":"post","link":"https:\/\/www.24baires.com\/?p=44945","title":{"rendered":"El producto de la violencia legitimada"},"content":{"rendered":"<p><img data-recalc-dims=\"1\" loading=\"lazy\" decoding=\"async\" class=\"aligncenter size-full wp-image-44946\" src=\"https:\/\/i0.wp.com\/www.24baires.com\/wp-content\/uploads\/2014\/04\/linchamiento1.jpg?resize=560%2C293\" alt=\"linchamiento\" width=\"560\" height=\"293\" srcset=\"https:\/\/i0.wp.com\/www.24baires.com\/wp-content\/uploads\/2014\/04\/linchamiento1.jpg?w=560&amp;ssl=1 560w, https:\/\/i0.wp.com\/www.24baires.com\/wp-content\/uploads\/2014\/04\/linchamiento1.jpg?resize=300%2C156&amp;ssl=1 300w\" sizes=\"auto, (max-width: 560px) 100vw, 560px\" \/><em>(Por Pablo Pejlatowicz *)<\/em> Los \u201clinchamientos\u201d o \u201cintentos de linchamiento\u201d producidos en las \u00faltimas semanas pronto desaparecer\u00e1n de la agenda de los medios de comunicaci\u00f3n, pero quedar\u00e1 un sinsabor en la sociedad por una legitimaci\u00f3n discursiva de la violencia que presupone un rechazo a presupuestos sociales b\u00e1sicos, que luego deber\u00e1n reconstruirse. <!--more--><\/p>\n<p>Estos homicidios alevosos, cometidos con ensa\u00f1amiento, calificados por algunos medios como \u201cgolpizas a delincuentes\u201d, entra\u00f1an un vocabulario e ideolog\u00eda que resultan tan da\u00f1inos como el hecho en s\u00ed. Un robo, una estafa millonaria, un caso de tortura: todos generan repudio social en mayor o menor medida. Pero el linchamiento repudiado no es lo que produce el mayor da\u00f1o al tejido social. Es su defensa. El hecho de realizar una campa\u00f1a para sostener el repudio al homicidio de una persona, cometido con alevos\u00eda y ensa\u00f1amiento, en contra de las garant\u00edas constitucionales m\u00e1s b\u00e1sicas, por un grupo de 50 personas, es lo que muestra el retroceso en el campo discursivo de la cohesi\u00f3n social y las nociones m\u00e1s elementales de justicia.<\/p>\n<p><strong>\u201cLa gente est\u00e1 cansada de la inseguridad, del Estado ausente, y por eso se defiende\u201d<\/strong><\/p>\n<p>El monopolio leg\u00edtimo de la violencia es una de las caracter\u00edsticas, si no la principal, que constituye a un Estado, y \u00e9ste requiere apropiarse de los conflictos que se producen en la sociedad, por lo cual la v\u00edctima no participa en la definici\u00f3n del destino que tenga la persona victimaria. All\u00ed ingresa el derecho penal para limitar el poder punitivo ejercido por el Estado, a partir del principio de dignidad, garant\u00edas constitucionales y est\u00e1ndares de derechos humanos.<\/p>\n<p>A pesar de las cr\u00edticas que se le pueden efectuar al derecho penal, ahora lamentablemente se encuentra en discusi\u00f3n otro tema: una pulsi\u00f3n que legitima la violencia ejercida por ciudadanos y ciudadanas, sin l\u00edmite alguno.<\/p>\n<p>En primer lugar, se le atribuye a grupos de personas la representaci\u00f3n del indeterminado \u201cla gente\u201d, que se encuentra \u201ccansada de la inseguridad\u201d. Esto demuestra una malintencionada lectura de la situaci\u00f3n y una negaci\u00f3n de otros pensamientos que la poblaci\u00f3n puede tener, y plasmar tanto en medios de comunicaci\u00f3n como por su representaci\u00f3n pol\u00edtica. Adem\u00e1s, pareciera que la funci\u00f3n de catarsis, a\u00fan si significara la muerte de una persona, es suficiente para avalar cualquier conducta que avasalle el principio de dignidad del ser humano.<\/p>\n<p>En segundo lugar, el discurso pseudoacad\u00e9mico, period\u00edstico o pol\u00edtico que justifica el homicidio de personas que pueden o no haber robado o hurtado una cosa, indica que aquellas personas que linchan est\u00e1n supliendo una conducta que el Estado debiera hacer y no hace por encontrarse ausente.<\/p>\n<p>Los linchamientos son p\u00fablicos y cat\u00e1rticos. Inmediatos. Y el discurso que los legitima los defiende como razones suficientes para cumplir con un supuesto fin social y cubrir el rol que el Estado debiera tener ante un problema.<\/p>\n<p>Esta tortura y\/o homicidio realizado por particulares, de modo alevoso y con ensa\u00f1amiento en la v\u00eda p\u00fablica, pierde la publicidad cuando los perpetradores act\u00faan en funciones estatales. Incluso si mantienen un sost\u00e9n ideol\u00f3gico que respalde su proceder. Los responsables de los m\u00e1s horribles y repudiables cr\u00edmenes cometidos desde el Estado en la \u00faltima dictadura c\u00edvico-militar en Argentina, intentaron inicialmente disfrazar u ocultar su conducta, a\u00fan en el marco del fuerte discurso legitimante de la violencia. Esto se explica en parte porque resulta aberrante que desde el Estado se golpee a una persona reducida al suelo, hasta su muerte, con intenci\u00f3n de provocarle sufrimiento, sin juicio previo, sin defensa alguna.<\/p>\n<p>Al d\u00eda de hoy, incluso, siguen produci\u00e9ndose casos de tortura cuyos autores son miembros de fuerzas de seguridad estatales en las prisiones, y son informados por la Procuraci\u00f3n Penitenciaria de la Naci\u00f3n pero sus responsables no resultan condenados o se sancionan con una figura penal menor, de apremios ilegales. Es decir, se sigue escondiendo esta conducta deplorable cuando es cometida por algunos sectores estatales. Y los linchamientos realizados por particulares imitan esta conducta, pero no s\u00f3lo la sacan a la luz, sino que pretenden establecerla como regla para el Estado.<\/p>\n<p>Ante el problema de la inseguridad, la golpiza a otras personas hasta su muerte no puede convertirse en su soluci\u00f3n, ni en un parche social a la espera de mayor represi\u00f3n estatal. Mayores penas y un Estado totalitario no resuelven la necesidad de una pol\u00edtica de seguridad en una sociedad democr\u00e1tica.<\/p>\n<p>Entonces, los linchamientos nunca pueden ser la soluci\u00f3n al problema que pretenden resolver. Por eso, cuando se critica a un Estado ausente y se generan esas pr\u00e1cticas de tortura de un ciudadano a otro, el Estado s\u00f3lo debe presentarse para prevenir, investigar, y condenar a las personas responsables.<\/p>\n<p><strong>\u201cEntran por una puerta y salen por la otra\u201d<\/strong><\/p>\n<p>El Poder Judicial en particular tambi\u00e9n se ve criticado por el discurso legitimante de la violencia social, por no depositar a delincuentes en las prisiones-dep\u00f3sito para evitar que se da\u00f1e a las personas miembro de la sociedad.<br \/>\nEste razonamiento es sumamente peligroso, igual que el mencionado anteriormente, porque desconoce el principio b\u00e1sico que la prisi\u00f3n preventiva es, justamente, preventiva, y debiera ser la excepci\u00f3n a la regla de libertad.<br \/>\nLos casos de linchamiento m\u00e1s difundidos en los medios se tratan de delitos cometidos en flagrancia o en tentativa, que no llegan a concluirse. Incluso hubo una situaci\u00f3n en donde dos hombres fueron golpeados porque fueron confundidos con otras personas que habr\u00edan cometido un delito antes.<\/p>\n<p>Esos escenarios no se resuelven ni con una ejecuci\u00f3n sumaria ni con la prisi\u00f3n preventiva de individuos inocentes. Se tratan con investigaciones y procesos judiciales expeditos, serios, y respetuosos de todas las garant\u00edas procesales.<\/p>\n<p>Por ejemplo, una persona que comete tres robos en dos meses, y en todas las ocasiones fue detenida y presentada ante un juez, probablemente no tenga los recursos o la voluntad para fugarse del proceso judicial. Si \u00e9ste se realizara con celeridad y seriedad, la persona puede ser condenada y cumplir las penas que correspondan por cada uno de los delitos.<\/p>\n<p>En el supuesto contrario, en que una persona inocente aguarda en prisi\u00f3n preventiva m\u00e1s de dos a\u00f1os para que se concluya el proceso judicial, y firma un juicio abreviado s\u00f3lo para poder recuperar su libertad, o luego es absuelto en juicio oral. \u00bfC\u00f3mo resuelve la Argentina, como sociedad y como Estado, devolverle a una persona inocente a\u00f1os de su vida literalmente perdidos por un delito que no cometi\u00f3? La Constituci\u00f3n argentina, con los tratados internacionales adoptados, opta por acotar la aplicaci\u00f3n de la prisi\u00f3n preventiva a los casos en que peligre el proceso judicial, y que \u00e9ste se realice de una manera seria y expedita.<\/p>\n<p>Es por ello que el garantismo no significa que las personas entren por una puerta y salgan por la otra, sino que las penas se impongan y se cumplan luego de un juicio justo, con el debido proceso.<\/p>\n<p>El discurso legitimante de los linchamientos impulsa situaciones de hecho que perjudican al Estado de derecho, avasallan la dignidad humana y rechazan todo intento de soluci\u00f3n que integre a la sociedad.<\/p>\n<p>Recuperemos los presupuestos sociales b\u00e1sicos del respeto y la dignidad, sin discriminaci\u00f3n.<\/p>\n<p><em>(*Coordinador del \u00c1rea de Litigio de Inter\u00e9s P\u00fablico de la Asociaci\u00f3n por los Derechos Civiles y del proyecto de prisi\u00f3n preventiva)<\/em><br \/>\n&nbsp;<\/p>\n<p>&nbsp;<\/p>\n<p>&nbsp;<\/p>\n<p>&nbsp;<\/p>\n<p>&nbsp;<\/p>\n<p>&nbsp;<\/p>\n<p>&nbsp;<\/p>\n<p>&nbsp;<\/p>\n<p>&nbsp;<\/p>\n<p>&nbsp;<\/p>\n<p>&nbsp;<\/p>\n<p>&nbsp;<\/p>\n<p>&nbsp;<\/p>\n<p>&nbsp;<\/p>\n<p>&nbsp;<\/p>\n<p>&nbsp;<\/p>\n<p>&nbsp;<\/p>\n<p>&nbsp;<\/p>\n<p>&nbsp;<\/p>\n","protected":false},"excerpt":{"rendered":"<p>(Por Pablo Pejlatowicz *) Los \u201clinchamientos\u201d o \u201cintentos de linchamiento\u201d producidos en las \u00faltimas semanas pronto desaparecer\u00e1n de la agenda de los medios de comunicaci\u00f3n, pero quedar\u00e1 un sinsabor en la sociedad por una legitimaci\u00f3n discursiva de la violencia que presupone un rechazo a presupuestos sociales b\u00e1sicos, que luego deber\u00e1n reconstruirse.<\/p>\n","protected":false},"author":11,"featured_media":0,"comment_status":"open","ping_status":"open","sticky":false,"template":"","format":"standard","meta":{"_jetpack_newsletter_access":"","_jetpack_dont_email_post_to_subs":false,"_jetpack_newsletter_tier_id":0,"_jetpack_memberships_contains_paywalled_content":false,"_jetpack_memberships_contains_paid_content":false,"footnotes":""},"categories":[64],"tags":[],"class_list":["post-44945","post","type-post","status-publish","format-standard","hentry","category-opinion"],"jetpack_featured_media_url":"","jetpack_shortlink":"https:\/\/wp.me\/p2JWE0-bGV","jetpack-related-posts":[{"id":43437,"url":"https:\/\/www.24baires.com\/?p=43437","url_meta":{"origin":44945,"position":0},"title":"La Plata: emitieron un comunicado sobre qu\u00e9 hacer en casos de linchamiento","author":"Grupo Sierra","date":"07\/04\/2014","format":false,"excerpt":"A trav\u00e9s del Observatorio de J\u00f3venes, Comunicaci\u00f3n y Medios, esa la Unidad Acad\u00e9mica present\u00f3 un pronunciamiento, denominado \u201cCristales Rotos\u201d, en torno a los casos que ocurrieron en los \u00faltimos d\u00edas en distintas ciudades del pa\u00eds. Pronunciamiento del Observatorio de J\u00f3venes, Comunicaci\u00f3n y Medios frente a los casos de linchamiento A\u2026","rel":"","context":"En \u00abSociedad\u00bb","block_context":{"text":"Sociedad","link":"https:\/\/www.24baires.com\/?cat=1"},"img":{"alt_text":"linchamiento","src":"https:\/\/i0.wp.com\/www.24baires.com\/wp-content\/uploads\/2014\/04\/linchamiento.jpg?resize=350%2C200","width":350,"height":200},"classes":[]},{"id":43157,"url":"https:\/\/www.24baires.com\/?p=43157","url_meta":{"origin":44945,"position":1},"title":"Aseguran que la cobertura medi\u00e1tica impone con su lenguaje la pena de linchamiento","author":"GB","date":"01\/04\/2014","format":false,"excerpt":"La cobertura de muchos de los medios de comunicaci\u00f3n sobre los recientes hechos de violencia callejera \"impone con el lenguaje la pena de linchamiento\", a la vez que reproduce \"un clima de eliminaci\u00f3n social\" del que al mismo tiempo se \"horroriza\", analizaron especialistas. \"Hay tres momentos diferentes\" en el tratamiento\u2026","rel":"","context":"En \u00abMedios\u00bb","block_context":{"text":"Medios","link":"https:\/\/www.24baires.com\/?cat=54"},"img":{"alt_text":"linchamiento","src":"https:\/\/i0.wp.com\/www.24baires.com\/wp-content\/uploads\/2014\/04\/linchamiento.jpg?resize=350%2C200","width":350,"height":200},"classes":[]},{"id":121543,"url":"https:\/\/www.24baires.com\/?p=121543","url_meta":{"origin":44945,"position":2},"title":"Alberto Fern\u00e1ndez renunci\u00f3 a la presidencia del PJ","author":"GB","date":"15\/08\/2024","format":false,"excerpt":"El ex jefe de Estado, Alberto Fern\u00e1ndez, se apart\u00f3 de la titularidad del Partido Justicialista Nacional (puesto en el que se encontraba de licencia), en el marco de \u201cla denuncia por presunta violencia de g\u00e9nero\u201d expres\u00f3. El ex presidente Alberto Fern\u00e1ndez present\u00f3 este mi\u00e9rcoles su renuncia a la titularidad del\u2026","rel":"","context":"En \u00abPol\u00edtica\u00bb","block_context":{"text":"Pol\u00edtica","link":"https:\/\/www.24baires.com\/?cat=51"},"img":{"alt_text":"","src":"https:\/\/i0.wp.com\/www.24baires.com\/wp-content\/uploads\/2024\/08\/alberto-f.webp?resize=350%2C200","width":350,"height":200,"srcset":"https:\/\/i0.wp.com\/www.24baires.com\/wp-content\/uploads\/2024\/08\/alberto-f.webp?resize=350%2C200 1x, https:\/\/i0.wp.com\/www.24baires.com\/wp-content\/uploads\/2024\/08\/alberto-f.webp?resize=525%2C300 1.5x, https:\/\/i0.wp.com\/www.24baires.com\/wp-content\/uploads\/2024\/08\/alberto-f.webp?resize=700%2C400 2x"},"classes":[]},{"id":43223,"url":"https:\/\/www.24baires.com\/?p=43223","url_meta":{"origin":44945,"position":3},"title":"Mar del Plata: entr\u00f3 a robar, pero el due\u00f1o de la casa lo mat\u00f3","author":"Grupo Sierra","date":"03\/04\/2014","format":false,"excerpt":"Sucedi\u00f3 durante una entradera en el barrio Mundialista. Un delincuente ingres\u00f3 a una vivienda de la calle Vi\u00f1a del Mar al 400 para robar una camioneta. El due\u00f1o de la casa, que qued\u00f3 detenido, sac\u00f3 un rev\u00f3lver y dispar\u00f3 en el pecho del ladr\u00f3n que de todas formas, logr\u00f3 escapar\u2026","rel":"","context":"En \u00abPoliciales\u00bb","block_context":{"text":"Policiales","link":"https:\/\/www.24baires.com\/?cat=49"},"img":{"alt_text":"polic\u00eda2","src":"https:\/\/i0.wp.com\/www.24baires.com\/wp-content\/uploads\/2013\/09\/polic%C3%ADa21-300x199.jpg?resize=350%2C200","width":350,"height":200},"classes":[]},{"id":43135,"url":"https:\/\/www.24baires.com\/?p=43135","url_meta":{"origin":44945,"position":4},"title":"Zaffaroni critic\u00f3 los &#8216;linchamientos&#8217;: \u00abSon homicidios calificados\u00bb","author":"Grupo Sierra","date":"01\/04\/2014","format":false,"excerpt":"El ministro de la Corte Suprema de Justicia, Eugenio Zaffaroni, asegur\u00f3 que el linchamiento \"no es leg\u00edtima defensa, se trata de homicidio calificado, doblemente calificado: por alevos\u00eda y por ensa\u00f1amiento\", y se\u00f1al\u00f3 que \"una cosa es detener al sujeto y otra es matar a alguien a patadas\". En di\u00e1logo con\u2026","rel":"","context":"En \u00abSociedad\u00bb","block_context":{"text":"Sociedad","link":"https:\/\/www.24baires.com\/?cat=1"},"img":{"alt_text":"zaffaroni2","src":"https:\/\/i0.wp.com\/www.24baires.com\/wp-content\/uploads\/2012\/11\/zaffaroni21.jpg?resize=350%2C200","width":350,"height":200,"srcset":"https:\/\/i0.wp.com\/www.24baires.com\/wp-content\/uploads\/2012\/11\/zaffaroni21.jpg?resize=350%2C200 1x, https:\/\/i0.wp.com\/www.24baires.com\/wp-content\/uploads\/2012\/11\/zaffaroni21.jpg?resize=525%2C300 1.5x"},"classes":[]},{"id":43395,"url":"https:\/\/www.24baires.com\/?p=43395","url_meta":{"origin":44945,"position":5},"title":"Alicia Kirchner sobre los linchamientos: \u00abno cuenten con nosotros para avalar la violencia\u00bb","author":"GB","date":"06\/04\/2014","format":false,"excerpt":"La ministra de Desarrollo Social de la Naci\u00f3n, Alicia Kirchner, sent\u00f3 posici\u00f3n sobre los \u00faltimos episodios de violencia social al afirmar que \"no cuenten con nosotros para avalar la violencia que los mismos de siempre quieren generar\" y conden\u00f3 los \"linchamientos p\u00fablicos\" que \"nos llevan a \u00e9pocas oscuras, apartadas del\u2026","rel":"","context":"En \u00abPol\u00edtica\u00bb","block_context":{"text":"Pol\u00edtica","link":"https:\/\/www.24baires.com\/?cat=51"},"img":{"alt_text":"ALicia k","src":"https:\/\/i0.wp.com\/www.24baires.com\/wp-content\/uploads\/2013\/09\/ALicia-k-300x200.jpg?resize=350%2C200","width":350,"height":200},"classes":[]}],"jetpack_sharing_enabled":true,"jetpack_likes_enabled":true,"_links":{"self":[{"href":"https:\/\/www.24baires.com\/index.php?rest_route=\/wp\/v2\/posts\/44945","targetHints":{"allow":["GET"]}}],"collection":[{"href":"https:\/\/www.24baires.com\/index.php?rest_route=\/wp\/v2\/posts"}],"about":[{"href":"https:\/\/www.24baires.com\/index.php?rest_route=\/wp\/v2\/types\/post"}],"author":[{"embeddable":true,"href":"https:\/\/www.24baires.com\/index.php?rest_route=\/wp\/v2\/users\/11"}],"replies":[{"embeddable":true,"href":"https:\/\/www.24baires.com\/index.php?rest_route=%2Fwp%2Fv2%2Fcomments&post=44945"}],"version-history":[{"count":1,"href":"https:\/\/www.24baires.com\/index.php?rest_route=\/wp\/v2\/posts\/44945\/revisions"}],"predecessor-version":[{"id":44947,"href":"https:\/\/www.24baires.com\/index.php?rest_route=\/wp\/v2\/posts\/44945\/revisions\/44947"}],"wp:attachment":[{"href":"https:\/\/www.24baires.com\/index.php?rest_route=%2Fwp%2Fv2%2Fmedia&parent=44945"}],"wp:term":[{"taxonomy":"category","embeddable":true,"href":"https:\/\/www.24baires.com\/index.php?rest_route=%2Fwp%2Fv2%2Fcategories&post=44945"},{"taxonomy":"post_tag","embeddable":true,"href":"https:\/\/www.24baires.com\/index.php?rest_route=%2Fwp%2Fv2%2Ftags&post=44945"}],"curies":[{"name":"wp","href":"https:\/\/api.w.org\/{rel}","templated":true}]}}