{"id":4490,"date":"2012-11-05T15:14:49","date_gmt":"2012-11-05T18:14:49","guid":{"rendered":"http:\/\/www.24baires.com\/?p=4490"},"modified":"2012-11-05T15:20:49","modified_gmt":"2012-11-05T18:20:49","slug":"bloquean-las-cuentas-de-44-profugos-por-delitos-de-lesa-humanidad-durante-la-dictadura","status":"publish","type":"post","link":"https:\/\/www.24baires.com\/?p=4490","title":{"rendered":"Las cuentas bancarias de pr\u00f3fugos por delitos de lesa humanidad fueron bloqueadas"},"content":{"rendered":"<p><img data-recalc-dims=\"1\" loading=\"lazy\" decoding=\"async\" class=\"alignleft size-medium wp-image-4493\" title=\"Sbatella\" src=\"https:\/\/i0.wp.com\/www.24baires.com\/wp-content\/uploads\/2012\/11\/Sbatella.jpg?resize=300%2C180\" alt=\"\" width=\"300\" height=\"180\" srcset=\"https:\/\/i0.wp.com\/www.24baires.com\/wp-content\/uploads\/2012\/11\/Sbatella.jpg?resize=300%2C180&amp;ssl=1 300w, https:\/\/i0.wp.com\/www.24baires.com\/wp-content\/uploads\/2012\/11\/Sbatella.jpg?w=560&amp;ssl=1 560w\" sizes=\"auto, (max-width: 300px) 100vw, 300px\" \/>El titular de la Unidad de Informaci\u00f3n Financiera, Jos\u00e9 Sbatella, dijo que se bloquearon las cuentas con el objetivo de frenar el delito de financiamiento de terrorismo y dar con el paradero de los acusados. Son 44 los represores a los que les cupo la medida.\u00a0<!--more--><br \/>\nJos\u00e9 Sbatella dijo que la medida, habilitada a partir de la sanci\u00f3n de la ley antiterrorista, ya fue aplicada en el caso del ex capit\u00e1n de nav\u00edo y jefe de la ESMA durante un per\u00edodo, Jorge Vildoza, pr\u00f3fugo desde 1983, cuando comenz\u00f3 a ser investigado por la apropiaci\u00f3n de un menor, que luego fue identificado como Javier Gonzalo Penino Vi\u00f1as, hijo de Cecilia Vi\u00f1as y de H\u00e9ctor Penino, secuestrados el 13 de julio de 1977.<\/p>\n<p>La esposa de Vildoza, Ana Mar\u00eda Grimaldos fue detenida en junio de este a\u00f1o, tras 25 a\u00f1os de estar pr\u00f3fuga, y actualmente est\u00e1 acusada por el delito de supresi\u00f3n de identidad de Penino Vi\u00f1as.<\/p>\n<p>\u201cEl caso abarc\u00f3 las actividades econ\u00f3micas de una empresa que era propiedad de la familia de Vildoza. Con la atribuci\u00f3n que tenemos de congelar los bienes, nosotros aplicamos eso. Luego queda luego a refer\u00e9ndum de los jueces\u00bb, explic\u00f3 Sbatella en di\u00e1logo con CN23.<\/p>\n<p>Precis\u00f3 que en el caso de Vildoza \u00abel juez (Norberto) Oyarbide al mes del congelamiento convalid\u00f3 esto y dio todos los fundamentos para encuadrarlo en las leyes de terrorismo y financiaci\u00f3n del terrorismo\u201d.<\/p>\n<p>Sbatella se\u00f1al\u00f3 que la legislaci\u00f3n habilita a congelar los bienes en forma administrativa de aquellas personas que est\u00e9n caracterizadas o encuadradas en el esquema de financiamiento del terrorismo.<\/p>\n<p>\u201cEsa situaci\u00f3n es distinta al delito de terrorismo. En el caso de los pr\u00f3fugos, que habr\u00eda alrededor de 44 identificados con pedido de captura, incluso con recompensa, por los tiempos que est\u00e1n viviendo hay una estructura econ\u00f3mica que los sostiene, de hecho eso se comprob\u00f3 en el caso Vildoza\u201d, indic\u00f3.<\/p>\n<p>El titular de la UIF dijo que de \u201clos otros 44 pr\u00f3fugos, a trav\u00e9s de las relaciones econ\u00f3micas a las que tenemos acceso por los sujetos obligados (como las entidades bancarias), encontramos que ten\u00edan actividades empresariales, tarjetas de cr\u00e9dito y en algunos casos, extensiones y jubilaciones\u201d.<\/p>\n<p>Sbatella asegur\u00f3 que los descubrimientos de cuentas y bienes \u201chabilit\u00f3 a aplicar otro delito que es el de financiaci\u00f3n del terrorismo, para aquellos que tengan una estructura econ\u00f3mica de personas u organismos que los est\u00e9n financiando\u201d.<\/p>\n<p>Adem\u00e1s, el funcionario dijo que el bloqueo de bienes se mantiene mientras se mantengan pr\u00f3fugos.<\/p>\n<p>\u201cLa filosof\u00eda de esto es paralizar los movimientos del terrorista y las organizaciones que est\u00e1n detr\u00e1s. Se inicia un proceso judicial en el que los indicios y pruebas deben ser presentados. En el caso que sean validados por la Justicia el proceso termina con el decomiso de los bienes de aquellos que est\u00e1n financiando a los terroristas\u201d, puntualiz\u00f3.<\/p>\n<p>Sbatella asegur\u00f3 que \u201cdentro de la ESMA existi\u00f3 una unidad espec\u00edfica de los genocidas que se dedicaba a administrar los bienes extra\u00eddos a los secuestrados. Ese dinero y esas empresas forman parte de alrededor de 600 causas, que son los ingresos que estos sectores han generado y que los manipulan a nivel nacional e internacional\u201d.<\/p>\n<p>Por \u00faltimo, el funcionario dijo que el organismo sigue el camino de los bienes que se encuentran tanto en la Argentina, como en el extranjero.<\/p>\n","protected":false},"excerpt":{"rendered":"<p>El titular de la Unidad de Informaci\u00f3n Financiera, Jos\u00e9 Sbatella, dijo que se bloquearon las cuentas con el objetivo de frenar el delito de financiamiento de terrorismo y dar con el paradero de los acusados. Son 44 los represores a los que les cupo la medida.\u00a0<\/p>\n","protected":false},"author":4,"featured_media":0,"comment_status":"open","ping_status":"open","sticky":false,"template":"","format":"standard","meta":{"_jetpack_newsletter_access":"","_jetpack_dont_email_post_to_subs":false,"_jetpack_newsletter_tier_id":0,"_jetpack_memberships_contains_paywalled_content":false,"_jetpack_memberships_contains_paid_content":false,"footnotes":""},"categories":[50],"tags":[],"class_list":["post-4490","post","type-post","status-publish","format-standard","hentry","category-memoria"],"jetpack_featured_media_url":"","jetpack_shortlink":"https:\/\/wp.me\/p2JWE0-1aq","jetpack-related-posts":[{"id":62192,"url":"https:\/\/www.24baires.com\/?p=62192","url_meta":{"origin":4490,"position":0},"title":"Empez\u00f3 el juicio por la apropiaci\u00f3n de Javier Penino Vi\u00f1as","author":"AF","date":"24\/02\/2015","format":false,"excerpt":"Es hijo de Cecilia Vi\u00f1as -que dio a luz en la ESMA- y de Hugo Penino, secuestrados en 1977. Javier recuper\u00f3 su identidad en 1998. La esposa del ex jefe del grupo de tareas de la ESMA, Jorge Vildoza, Ana Mar\u00eda Grimaldos, est\u00e1 sentada hoy en el banquillo de los\u2026","rel":"","context":"En \u00abJUDICIALES\u00bb","block_context":{"text":"JUDICIALES","link":"https:\/\/www.24baires.com\/?cat=68"},"img":{"alt_text":"hugo cecilia","src":"https:\/\/i0.wp.com\/www.24baires.com\/wp-content\/uploads\/2015\/02\/hugo-cecilia.jpg?resize=350%2C200","width":350,"height":200,"srcset":"https:\/\/i0.wp.com\/www.24baires.com\/wp-content\/uploads\/2015\/02\/hugo-cecilia.jpg?resize=350%2C200 1x, https:\/\/i0.wp.com\/www.24baires.com\/wp-content\/uploads\/2015\/02\/hugo-cecilia.jpg?resize=525%2C300 1.5x"},"classes":[]},{"id":45132,"url":"https:\/\/www.24baires.com\/?p=45132","url_meta":{"origin":4490,"position":1},"title":"Dan a conocer lista con los 74 represores pr\u00f3fugos por cr\u00edmenes de Lesa","author":"AF","date":"02\/05\/2014","format":false,"excerpt":"Hay 39 integrantes de la n\u00f3mina que son ex militares: 33 revistaron en el Ej\u00e9rcito, otros 5 lo hicieron en la Armada y 1 en la Fuerza A\u00e9rea. Hay siete militares uruguayos y un ex cura. El resto, ex polic\u00edas, ex agentes penitenciarios y civiles. Mendoza, con 21, es la\u2026","rel":"","context":"En \u00abMemoria\u00bb","block_context":{"text":"Memoria","link":"https:\/\/www.24baires.com\/?cat=50"},"img":{"alt_text":"buscado","src":"https:\/\/i0.wp.com\/www.24baires.com\/wp-content\/uploads\/2014\/05\/buscado-300x199.jpg?resize=350%2C200","width":350,"height":200},"classes":[]},{"id":35405,"url":"https:\/\/www.24baires.com\/?p=35405","url_meta":{"origin":4490,"position":2},"title":"Papel Prensa: la UIF acus\u00f3 a Clar\u00edn y a La Naci\u00f3n por lavado","author":"AF","date":"19\/11\/2013","format":false,"excerpt":"Jos\u00e9 Sbatella realiz\u00f3 una presentaci\u00f3n ante el juez federal Ercolini. Acusa a los principales accionistas de Papel Prensa de lavado de dinero a partir de la apropiaci\u00f3n de la f\u00e1brica de papel durante la dictadura. \"Pedimos se protejan los bienes que est\u00e1n en discusi\u00f3n hasta que se expida la Justicia\",\u2026","rel":"","context":"En \u00abMedios\u00bb","block_context":{"text":"Medios","link":"https:\/\/www.24baires.com\/?cat=54"},"img":{"alt_text":"","src":"","width":0,"height":0},"classes":[]},{"id":121578,"url":"https:\/\/www.24baires.com\/?p=121578","url_meta":{"origin":4490,"position":3},"title":"Interpol emiti\u00f3 alerta roja para capturar al diputado ped\u00f3filo Kizcka","author":"GB","date":"27\/08\/2024","format":false,"excerpt":"Ambos permanecen pr\u00f3fugos y podr\u00edan haber huido a Brasil o Paraguay de manera ilegal. Interpol Argentina emiti\u00f3 oficialmente este lunes una notificaci\u00f3n roja para la b\u00fasqueda nacional e internacional del diputado misionero Germ\u00e1n Kiczka y su hermano Sebasti\u00e1n, ambos pr\u00f3fugos de la justicia. Los hermanos Kiczka son acusados de producir\u2026","rel":"","context":"En \u00abPol\u00edtica\u00bb","block_context":{"text":"Pol\u00edtica","link":"https:\/\/www.24baires.com\/?cat=51"},"img":{"alt_text":"","src":"https:\/\/i0.wp.com\/www.24baires.com\/wp-content\/uploads\/2024\/08\/diputado-pedofilia.webp?resize=350%2C200","width":350,"height":200,"srcset":"https:\/\/i0.wp.com\/www.24baires.com\/wp-content\/uploads\/2024\/08\/diputado-pedofilia.webp?resize=350%2C200 1x, https:\/\/i0.wp.com\/www.24baires.com\/wp-content\/uploads\/2024\/08\/diputado-pedofilia.webp?resize=525%2C300 1.5x, https:\/\/i0.wp.com\/www.24baires.com\/wp-content\/uploads\/2024\/08\/diputado-pedofilia.webp?resize=700%2C400 2x"},"classes":[]},{"id":54963,"url":"https:\/\/www.24baires.com\/?p=54963","url_meta":{"origin":4490,"position":4},"title":"Sbatella se refiri\u00f3 a la absoluci\u00f3n de Cavallo y la calific\u00f3 como \u00abuna verg\u00fcenza judicial\u00bb","author":"GB","date":"07\/10\/2014","format":false,"excerpt":"El titular de la Unidad de Informaci\u00f3n Financiera, calific\u00f3 as\u00ed la medida judicial. \"Lo que cuesta el delito econ\u00f3mico en la Argentina es impresionante y creo que esta resoluci\u00f3n es la consolidaci\u00f3n de la impunidad\". El titular de la Unidad de Informaci\u00f3n Financiera (UIF), Jos\u00e9 Sbatella, calific\u00f3 de \"verg\u00fcenza judicial\"\u2026","rel":"","context":"En \u00abPol\u00edtica\u00bb","block_context":{"text":"Pol\u00edtica","link":"https:\/\/www.24baires.com\/?cat=51"},"img":{"alt_text":"Sbatella","src":"https:\/\/i0.wp.com\/www.24baires.com\/wp-content\/uploads\/2012\/11\/Sbatella-300x180.jpg?resize=350%2C200","width":350,"height":200},"classes":[]},{"id":57999,"url":"https:\/\/www.24baires.com\/?p=57999","url_meta":{"origin":4490,"position":5},"title":"Investigar\u00e1n por lavado de dinero a quienes tengan cuentas en Suiza sin declarar","author":"GB","date":"02\/12\/2014","format":false,"excerpt":"El titular de la Unidad de Informaci\u00f3n Financiera (UIF), Jos\u00e9 Sbatella, adelant\u00f3 que el Gobierno pedir\u00e1 que se investigue por lavado de dinero, un delito que no prescribe, a quienes integran la lista de cuentas bancarias en Suiza sin declarar denunciada por la AFIP. En declaraciones a Radio 10, Sbatella\u2026","rel":"","context":"En \u00abEconom\u00eda\u00bb","block_context":{"text":"Econom\u00eda","link":"https:\/\/www.24baires.com\/?cat=45"},"img":{"alt_text":"hsbc","src":"https:\/\/i0.wp.com\/www.24baires.com\/wp-content\/uploads\/2014\/08\/hsbc.jpg?resize=350%2C200","width":350,"height":200,"srcset":"https:\/\/i0.wp.com\/www.24baires.com\/wp-content\/uploads\/2014\/08\/hsbc.jpg?resize=350%2C200 1x, https:\/\/i0.wp.com\/www.24baires.com\/wp-content\/uploads\/2014\/08\/hsbc.jpg?resize=525%2C300 1.5x"},"classes":[]}],"jetpack_sharing_enabled":true,"jetpack_likes_enabled":true,"_links":{"self":[{"href":"https:\/\/www.24baires.com\/index.php?rest_route=\/wp\/v2\/posts\/4490","targetHints":{"allow":["GET"]}}],"collection":[{"href":"https:\/\/www.24baires.com\/index.php?rest_route=\/wp\/v2\/posts"}],"about":[{"href":"https:\/\/www.24baires.com\/index.php?rest_route=\/wp\/v2\/types\/post"}],"author":[{"embeddable":true,"href":"https:\/\/www.24baires.com\/index.php?rest_route=\/wp\/v2\/users\/4"}],"replies":[{"embeddable":true,"href":"https:\/\/www.24baires.com\/index.php?rest_route=%2Fwp%2Fv2%2Fcomments&post=4490"}],"version-history":[{"count":3,"href":"https:\/\/www.24baires.com\/index.php?rest_route=\/wp\/v2\/posts\/4490\/revisions"}],"predecessor-version":[{"id":4497,"href":"https:\/\/www.24baires.com\/index.php?rest_route=\/wp\/v2\/posts\/4490\/revisions\/4497"}],"wp:attachment":[{"href":"https:\/\/www.24baires.com\/index.php?rest_route=%2Fwp%2Fv2%2Fmedia&parent=4490"}],"wp:term":[{"taxonomy":"category","embeddable":true,"href":"https:\/\/www.24baires.com\/index.php?rest_route=%2Fwp%2Fv2%2Fcategories&post=4490"},{"taxonomy":"post_tag","embeddable":true,"href":"https:\/\/www.24baires.com\/index.php?rest_route=%2Fwp%2Fv2%2Ftags&post=4490"}],"curies":[{"name":"wp","href":"https:\/\/api.w.org\/{rel}","templated":true}]}}