{"id":4475,"date":"2012-11-05T12:10:02","date_gmt":"2012-11-05T15:10:02","guid":{"rendered":"http:\/\/www.24baires.com\/?p=4475"},"modified":"2012-11-05T12:34:37","modified_gmt":"2012-11-05T15:34:37","slug":"la-unidad-movil-de-documentacion-estara-esta-semana-en-melchor-romero","status":"publish","type":"post","link":"https:\/\/www.24baires.com\/?p=4475","title":{"rendered":"La Unidad M\u00f3vil de Documentaci\u00f3n estar\u00e1 esta semana en Melchor Romero"},"content":{"rendered":"<p>La Unidad M\u00f3vil de Documentaci\u00f3n realizar\u00e1 tr\u00e1mites de pasaporte y DNI desde este lunes 5 hasta el 9 de noviembre en Melchor Romero.<!--more--><\/p>\n<p>As\u00ed lo confirm\u00f3 el Coordinador de la Unidad m\u00f3vil de Documentaci\u00f3n, Ezequiel Auspitz, luego de una reuni\u00f3n con el delegado de Melchor Romero, Sergio Pajot.<\/p>\n<p>En este sentido, el coordinador indic\u00f3 que \u201cla semana del 5 al 9 de noviembre estaremos trabajando en la localidad de Romero. En principio, del lunes al mi\u00e9rcoles en la delegaci\u00f3n sita en calle 169 entre 518 y 519. Luego, jueves y viernes, en calle 520 esquina 153\u201d.<\/p>\n<p>\u201cRecordamos que los vecinos pueden tramitar el dni y pasaporte a partir de los cero a\u00f1os, gracias al convenio firmado entre el Ministro Randazzo y el Intendente Bruera\u201d, finaliz\u00f3 Auspitz.<\/p>\n<p>Por su parte, el delegado Pajot, coment\u00f3: \u201cEstamos muy contento que la Unidad venga a Romero a tramitar la nueva documentaci\u00f3n. Tenemos muchas expectativas de que los vecinos se acerquen, ya que lo ven\u00edan pidiendo. Agradecemos a las autoridades por esta posibilidad y queremos que sepan que estamos a su disposici\u00f3n\u201d.<\/p>\n","protected":false},"excerpt":{"rendered":"<p>La Unidad M\u00f3vil de Documentaci\u00f3n realizar\u00e1 tr\u00e1mites de pasaporte y DNI desde este lunes 5 hasta el 9 de noviembre en Melchor Romero.<\/p>\n","protected":false},"author":4,"featured_media":0,"comment_status":"open","ping_status":"open","sticky":false,"template":"","format":"standard","meta":{"_jetpack_newsletter_access":"","_jetpack_dont_email_post_to_subs":false,"_jetpack_newsletter_tier_id":0,"_jetpack_memberships_contains_paywalled_content":false,"_jetpack_memberships_contains_paid_content":false,"footnotes":""},"categories":[38],"tags":[],"class_list":["post-4475","post","type-post","status-publish","format-standard","hentry","category-locales"],"jetpack_featured_media_url":"","jetpack_shortlink":"https:\/\/wp.me\/p2JWE0-1ab","jetpack-related-posts":[{"id":11706,"url":"https:\/\/www.24baires.com\/?p=11706","url_meta":{"origin":4475,"position":0},"title":"El m\u00f3vil para tramitar el DNI contin\u00faa desplaz\u00e1ndose por las diferentes ciudades","author":"AF","date":"10\/01\/2013","format":false,"excerpt":"LA PLATA - Se entregan alrededor de 80 n\u00fameros por d\u00eda y la permanencia en cada localizaci\u00f3n depende de la demanda de sus pobladores. La unidad m\u00f3vil donde se puede tramitar el nuevo DNI y pasaporte se encuentra este jueves en la delegaci\u00f3n municipal de Etcheverry, en 229 y 53.\u2026","rel":"","context":"En \u00abLocales\u00bb","block_context":{"text":"Locales","link":"https:\/\/www.24baires.com\/?cat=38"},"img":{"alt_text":"","src":"","width":0,"height":0},"classes":[]},{"id":39864,"url":"https:\/\/www.24baires.com\/?p=39864","url_meta":{"origin":4475,"position":1},"title":"M\u00e1s de diez mil personas renovaron su DNI en la Costa Atl\u00e1ntica","author":"Grupo Sierra","date":"05\/02\/2014","format":false,"excerpt":"Durante el mes de enero se resolvieron m\u00e1s de 10 mil tr\u00e1mites documentarios, en el marco del \u201cPlan de Documentaci\u00f3n 2014\u201d llevado adelante por la Jefatura de Gabinete a cargo de Alberto P\u00e9rez, en las delegaciones de registro civil de los centros balnearios de la Provincia. El subsecretario de Gabinete,\u2026","rel":"","context":"En \u00abGeneral\u00bb","block_context":{"text":"General","link":"https:\/\/www.24baires.com\/?cat=67"},"img":{"alt_text":"dni","src":"https:\/\/i0.wp.com\/www.24baires.com\/wp-content\/uploads\/2012\/11\/dni.jpg?resize=350%2C200","width":350,"height":200,"srcset":"https:\/\/i0.wp.com\/www.24baires.com\/wp-content\/uploads\/2012\/11\/dni.jpg?resize=350%2C200 1x, https:\/\/i0.wp.com\/www.24baires.com\/wp-content\/uploads\/2012\/11\/dni.jpg?resize=525%2C300 1.5x"},"classes":[]},{"id":56617,"url":"https:\/\/www.24baires.com\/?p=56617","url_meta":{"origin":4475,"position":2},"title":"Nuevo operativo de DNI y pasaportes en Presidente Per\u00f3n","author":"GB","date":"05\/11\/2014","format":false,"excerpt":"El m\u00f3vil estar\u00e1 ubicado frente a la Municipalidad, como parte de la log\u00edstica implementada por la comuna local junto al personal del Ministerio del Interior de la Naci\u00f3n. La atenci\u00f3n ser\u00e1 de 9 a 17. Un cami\u00f3n f\u00e1brica de documentaci\u00f3n del Registro Nacional de las Personas estar\u00e1 desde este viernes\u2026","rel":"","context":"En \u00abMunicipios\u00bb","block_context":{"text":"Municipios","link":"https:\/\/www.24baires.com\/?cat=44"},"img":{"alt_text":"dni","src":"https:\/\/i0.wp.com\/www.24baires.com\/wp-content\/uploads\/2014\/08\/dni.jpg?resize=350%2C200","width":350,"height":200,"srcset":"https:\/\/i0.wp.com\/www.24baires.com\/wp-content\/uploads\/2014\/08\/dni.jpg?resize=350%2C200 1x, https:\/\/i0.wp.com\/www.24baires.com\/wp-content\/uploads\/2014\/08\/dni.jpg?resize=525%2C300 1.5x"},"classes":[]},{"id":38196,"url":"https:\/\/www.24baires.com\/?p=38196","url_meta":{"origin":4475,"position":3},"title":"R\u00e9cord de turistas en los puestos de DNI de la Costa","author":"Grupo Sierra","date":"09\/01\/2014","format":false,"excerpt":"Las unidades m\u00f3viles del Ministerio de Interior y Transporte, que se encuentran desde el mes de diciembre en distintas ciudades de la Costa Atl\u00e1ntica, ya realizaron m\u00e1s de 43.000 tr\u00e1mites entre DNI y pasaportes. El 12 de diciembre se instalaron puestos y un cami\u00f3n que confecciona documentos en Mar del\u2026","rel":"","context":"En \u00abSociedad\u00bb","block_context":{"text":"Sociedad","link":"https:\/\/www.24baires.com\/?cat=1"},"img":{"alt_text":"dni","src":"https:\/\/i0.wp.com\/www.24baires.com\/wp-content\/uploads\/2012\/11\/dni.jpg?resize=350%2C200","width":350,"height":200,"srcset":"https:\/\/i0.wp.com\/www.24baires.com\/wp-content\/uploads\/2012\/11\/dni.jpg?resize=350%2C200 1x, https:\/\/i0.wp.com\/www.24baires.com\/wp-content\/uploads\/2012\/11\/dni.jpg?resize=525%2C300 1.5x"},"classes":[]},{"id":17239,"url":"https:\/\/www.24baires.com\/?p=17239","url_meta":{"origin":4475,"position":4},"title":"Abren incluso los s\u00e1bados los registros bonaerenses para sacar el DNI de 8 a 14 a\u00f1os","author":"Grupo Sierra","date":"02\/03\/2013","format":false,"excerpt":"Los diez Centros de Documentaci\u00f3n R\u00e1pida y los 13 Registros civiles del Conurbano bonaerense permanecer\u00e1n abiertos todos los s\u00e1bados s\u00f3lo para tramitar esas actualizaciones. Con esta medida, estos tr\u00e1mites pueden hacerse de lunes a s\u00e1bados en estas oficinas y de lunes a viernes en todas las delegaciones de la Provincia,\u2026","rel":"","context":"En \u00abSociedad\u00bb","block_context":{"text":"Sociedad","link":"https:\/\/www.24baires.com\/?cat=1"},"img":{"alt_text":"","src":"","width":0,"height":0},"classes":[]},{"id":69926,"url":"https:\/\/www.24baires.com\/?p=69926","url_meta":{"origin":4475,"position":5},"title":"Indagar\u00e1n al presunto asesino de Mar\u00eda Bel\u00e9n Mor\u00e1n","author":"AF","date":"03\/08\/2015","format":false,"excerpt":"El hombre fue detenido ayer. Est\u00e1 acusado de apu\u00f1alar doce veces a su ex pareja. Se encuentra alojado en la c\u00e1rcel de Melchor Romero. El hombre detenido ayer acusado de haber asesinado de 12 pu\u00f1aladas a su ex pareja Mar\u00eda Bel\u00e9n Mor\u00e1n el mi\u00e9rcoles pasado en la localidad bonaerense de\u2026","rel":"","context":"En \u00abJUDICIALES\u00bb","block_context":{"text":"JUDICIALES","link":"https:\/\/www.24baires.com\/?cat=68"},"img":{"alt_text":"moreno2","src":"https:\/\/i0.wp.com\/www.24baires.com\/wp-content\/uploads\/2015\/07\/moreno2.jpg?resize=350%2C200","width":350,"height":200,"srcset":"https:\/\/i0.wp.com\/www.24baires.com\/wp-content\/uploads\/2015\/07\/moreno2.jpg?resize=350%2C200 1x, https:\/\/i0.wp.com\/www.24baires.com\/wp-content\/uploads\/2015\/07\/moreno2.jpg?resize=525%2C300 1.5x"},"classes":[]}],"jetpack_sharing_enabled":true,"jetpack_likes_enabled":true,"_links":{"self":[{"href":"https:\/\/www.24baires.com\/index.php?rest_route=\/wp\/v2\/posts\/4475","targetHints":{"allow":["GET"]}}],"collection":[{"href":"https:\/\/www.24baires.com\/index.php?rest_route=\/wp\/v2\/posts"}],"about":[{"href":"https:\/\/www.24baires.com\/index.php?rest_route=\/wp\/v2\/types\/post"}],"author":[{"embeddable":true,"href":"https:\/\/www.24baires.com\/index.php?rest_route=\/wp\/v2\/users\/4"}],"replies":[{"embeddable":true,"href":"https:\/\/www.24baires.com\/index.php?rest_route=%2Fwp%2Fv2%2Fcomments&post=4475"}],"version-history":[{"count":2,"href":"https:\/\/www.24baires.com\/index.php?rest_route=\/wp\/v2\/posts\/4475\/revisions"}],"predecessor-version":[{"id":4477,"href":"https:\/\/www.24baires.com\/index.php?rest_route=\/wp\/v2\/posts\/4475\/revisions\/4477"}],"wp:attachment":[{"href":"https:\/\/www.24baires.com\/index.php?rest_route=%2Fwp%2Fv2%2Fmedia&parent=4475"}],"wp:term":[{"taxonomy":"category","embeddable":true,"href":"https:\/\/www.24baires.com\/index.php?rest_route=%2Fwp%2Fv2%2Fcategories&post=4475"},{"taxonomy":"post_tag","embeddable":true,"href":"https:\/\/www.24baires.com\/index.php?rest_route=%2Fwp%2Fv2%2Ftags&post=4475"}],"curies":[{"name":"wp","href":"https:\/\/api.w.org\/{rel}","templated":true}]}}