{"id":44718,"date":"2014-04-25T20:45:41","date_gmt":"2014-04-25T23:45:41","guid":{"rendered":"http:\/\/www.24baires.com\/?p=44718"},"modified":"2014-04-25T20:33:01","modified_gmt":"2014-04-25T23:33:01","slug":"2697-paginas-que-no-hay-que-leer","status":"publish","type":"post","link":"https:\/\/www.24baires.com\/?p=44718","title":{"rendered":"2697 p\u00e1ginas que no hay que leer"},"content":{"rendered":"<p><img data-recalc-dims=\"1\" loading=\"lazy\" decoding=\"async\" class=\"aligncenter size-full wp-image-40191\" src=\"https:\/\/i0.wp.com\/www.24baires.com\/wp-content\/uploads\/2014\/02\/justicia.jpg?resize=560%2C377\" alt=\"justicia\" width=\"560\" height=\"377\" srcset=\"https:\/\/i0.wp.com\/www.24baires.com\/wp-content\/uploads\/2014\/02\/justicia.jpg?w=560&amp;ssl=1 560w, https:\/\/i0.wp.com\/www.24baires.com\/wp-content\/uploads\/2014\/02\/justicia.jpg?resize=300%2C201&amp;ssl=1 300w\" sizes=\"auto, (max-width: 560px) 100vw, 560px\" \/><em>(Por Irene Victoria Massimino y Karina Andrade*)<\/em> Hace algunos d\u00edas la Agencia de Noticias del Poder Judicial (CIJ) inform\u00f3 que el Tribunal Oral en lo Criminal Federal N\u00b0 3 dio finalmente a conocer los fundamentos de la sentencia que hab\u00eda dictado el 23 de diciembre pasado, mediante la cual absolvi\u00f3 a todos los acusados en el marco de la famosa causa sobre \u201cCoimas en el Senado;\u201d causa en la que se investig\u00f3 el presunto pago de sobornos en el \u00e1mbito del Senado de la Naci\u00f3n, durante abril de 2000, para lograr la aprobaci\u00f3n de la ley 25.250. Pues bien, si queremos saber por qu\u00e9 todos fueron absueltos debemos leer nada m\u00e1s ni nada menos que 2697 p\u00e1ginas. <!--more--><\/p>\n<p>No hablamos de las largas y tediosas Obras Completas de Borges, cuyas distintas ediciones han llegado a incluir unos pocos tomos; ni de la colecci\u00f3n de obras de Shakespeare, Tolstoi o Schopenhauer, muchos de cuyos libros no tienen m\u00e1s de 200 o 300 p\u00e1ginas que analizan sencillamente las pasiones del hombre, los placeres del cuerpo o las aflicciones del alma. No nos referimos a ninguna obra reconocida como parte de la literatura universal, mucho menos premiada con alg\u00fan galard\u00f3n superfluo como ese cuasi-desconocido Premio Nobel de Literatura. Y claro que entonces pareciera innecesario mencionar que hablamos de prosas y \u00abversos\u00bb (tambi\u00e9n en el sentido criollo de la palabra) escritas en un lenguaje cient\u00edfico que el conocimiento promedio de la sociedad argentina pareciera no comprender.<\/p>\n<p>\u00a1C\u00f3mo vamos a aclarar que se trata semejante obra erudita! No es necesario, ya sabemos que nos referimos a una magn\u00e1nima sentencia.<\/p>\n<p>Sin embargo, m\u00e1s all\u00e1 de este aspecto c\u00f3mico, que lleva inevitablemente a una reminiscencia de Quevedo y sus famosos versos sobre una nariz prominente, esta sentencia prominente en si misma tiene aspectos y connotaciones muchos m\u00e1s serios. Dejemos entonces por un momento la risue\u00f1a iron\u00eda a un lado, aunque no es una tarea f\u00e1cil sino casi \u00e9pica en este caso, pues no estamos frente a un libro, sino a un instrumento p\u00fablico (investidura cuyas connotaciones no son necesarias aclarar), sobre una tem\u00e1tica que incumbe y ata\u00f1e a nuestra sociedad toda.<\/p>\n<p>Cuando hablamos de democracia, \u00e9sta no puede estar reducida \u00fanicamente a la elecci\u00f3n popular, sino que la democracia debe reflejarse en cada uno de los \u00f3rganos de gobierno y sus actos. Es por ello que el Poder Judicial no es ajeno a esto, y mucho menos cuando trata causas que, repetimos, incumben justamente a la estabilidad democr\u00e1tica y la construcci\u00f3n de un gobierno m\u00e1s transparente. Hoy, frente a esta positiva vor\u00e1gine democratizadora, donde el verbo \u00abdemocratizar\u00bb pareciera estar conjugado de modo imperativo y el adjetivo \u00abdemocr\u00e1tico\/a\u00bb aparece ligado a conceptos como seguridad, polic\u00eda, sociedad, es inminente comenzar a utilizar dicho verbo y adjetivo ante la organizaci\u00f3n de justicia.<\/p>\n<p>Imaginamos por ejemplo las dificultades que las partes \u2013 en este caso principalmente la Fiscal\u00eda pues nos encontramos frente a una absoluci\u00f3n \u2013 habr\u00e1n tenido para presentar sus recursos, lo m\u00e1s llamativo y si se quiere como nota de color es que la Fiscal en su apelaci\u00f3n expres\u00f3 que la sentencia es arbitraria e infundada (\u00a1!). Por supuesto que ello es posible pues muchas veces la extensi\u00f3n no hace a la calidad del contenido.<\/p>\n<p>De todas maneras, no se trata de criticar el fallo en s\u00ed \u2013 pues ello deber\u00eda analizarse en una nota futura luego de una ardua tarea de lectura \u2013, aqu\u00ed y frente a esta situaci\u00f3n solo queremos proclamar la necesidad de que los operadores judiciales, y el sistema de justicia en general (en este caso penal) entienda que sus fallos van dirigidos a personas legas, en su mayor\u00eda sin conocimientos t\u00e9cnicos, y que este tipo de resoluciones no se condicen con ello; por ende, dificultando el entendimiento de la sociedad que se hace permeable a especulaciones pol\u00edticas y medi\u00e1ticas.<\/p>\n<p>Esta es sin duda una gran deuda que tenemos quienes formamos parte del sistema de justicia. Si se comparte esta idea, si queremos que la Justicia se acerque a la sociedad para democratizarla, es necesario, o mejor dicho inminente, erradicar pr\u00e1cticas como \u00e9stas, sobre todo en casos donde los hechos investigados, su comisi\u00f3n y su sanci\u00f3n o no, interesan a la sociedad, pues en definitiva es la presunta damnificada.<\/p>\n<p>Entendemos a la administraci\u00f3n de justicia como un verdadero servicio p\u00fablico, por consiguiente eliminar este tipo de pr\u00e1cticas nocivas es una consecuencia de ello. Sabemos sobre la complejidad de los sucesos investigados, pero en esta idea de justicia que tenemos es sin duda tarea de los jueces, quiz\u00e1 la m\u00e1s dificultosa, explicar a la ciudadan\u00eda la resoluci\u00f3n que hagan de los casos, y eso solo se logra haci\u00e9ndolo de una manera sencilla.<\/p>\n<p>Es necesario recordar que los jueces no pasar\u00e1n a la historia por sus obras teatrales ni sus largas sentencias llenas de t\u00e9rminos irreconocibles, sino que quedar\u00e1n en la memoria positiva de los ciudadanos cuando act\u00faen en inter\u00e9s de \u00e9stos, protegiendo nuestro patrimonio m\u00e1s importante: la democracia.<\/p>\n<p><em>(*) Miembros de la Mesa Nacional de la Asociaci\u00f3n Pensamiento Penal<\/em><\/p>\n","protected":false},"excerpt":{"rendered":"<p>(Por Irene Victoria Massimino y Karina Andrade*) Hace algunos d\u00edas la Agencia de Noticias del Poder Judicial (CIJ) inform\u00f3 que el Tribunal Oral en lo Criminal Federal N\u00b0 3 dio finalmente a conocer los fundamentos de la sentencia que hab\u00eda dictado el 23 de diciembre pasado, mediante la cual absolvi\u00f3 a todos los acusados en el marco de la famosa [&#8230;]<\/p>\n","protected":false},"author":11,"featured_media":0,"comment_status":"open","ping_status":"open","sticky":false,"template":"","format":"standard","meta":{"_jetpack_newsletter_access":"","_jetpack_dont_email_post_to_subs":false,"_jetpack_newsletter_tier_id":0,"_jetpack_memberships_contains_paywalled_content":false,"_jetpack_memberships_contains_paid_content":false,"footnotes":""},"categories":[64],"tags":[],"class_list":["post-44718","post","type-post","status-publish","format-standard","hentry","category-opinion"],"jetpack_featured_media_url":"","jetpack_shortlink":"https:\/\/wp.me\/p2JWE0-bDg","jetpack-related-posts":[{"id":116717,"url":"https:\/\/www.24baires.com\/?p=116717","url_meta":{"origin":44718,"position":0},"title":"Diputados aprob\u00f3 el Presupuesto 2021 y lo convirti\u00f3 en ley","author":"AF","date":"17\/11\/2020","format":false,"excerpt":"El plan de gastos y recursos del Estado para el pr\u00f3ximo a\u00f1o fue sancionado por 139 votos, pero hubo 83 abstenciones. La C\u00e1mara de Diputados convirti\u00f3 en ley el proyecto de Presupuesto 2021 durante la sesi\u00f3n de este martes con 139 votos a favor, 20 en contra y 83 abstenciones.\u2026","rel":"","context":"En \u00abSociedad\u00bb","block_context":{"text":"Sociedad","link":"https:\/\/www.24baires.com\/?cat=1"},"img":{"alt_text":"","src":"https:\/\/i0.wp.com\/www.24baires.com\/wp-content\/uploads\/2020\/08\/congreso.jpg?resize=350%2C200","width":350,"height":200,"srcset":"https:\/\/i0.wp.com\/www.24baires.com\/wp-content\/uploads\/2020\/08\/congreso.jpg?resize=350%2C200 1x, https:\/\/i0.wp.com\/www.24baires.com\/wp-content\/uploads\/2020\/08\/congreso.jpg?resize=525%2C300 1.5x"},"classes":[]},{"id":24488,"url":"https:\/\/www.24baires.com\/?p=24488","url_meta":{"origin":44718,"position":1},"title":"La Procuradora Falbo se presenta ante el Senado por el informe sobre las inundaciones","author":"Grupo Sierra","date":"27\/05\/2013","format":false,"excerpt":"LA PLATA.- En el marco del informe que elabora la C\u00e1mara Alta a prop\u00f3sito de la inundaci\u00f3n que azot\u00f3 a La Plata y sus alrededores, la Comisi\u00f3n de Derechos Humanos que preside Santiago Carreras recibir\u00e1 este martes a la procuradora general Mar\u00eda del Carmen Falbo quien aportar\u00e1 su testimonio sobre\u2026","rel":"","context":"En \u00abProvincia\u00bb","block_context":{"text":"Provincia","link":"https:\/\/www.24baires.com\/?cat=40"},"img":{"alt_text":"","src":"","width":0,"height":0},"classes":[]},{"id":114328,"url":"https:\/\/www.24baires.com\/?p=114328","url_meta":{"origin":44718,"position":2},"title":"Denuncian a Michetti por presunta defraudaci\u00f3n contra la administraci\u00f3n p\u00fablica","author":"AF","date":"06\/03\/2020","format":false,"excerpt":"El Senado present\u00f3 una denuncia penal contra quien fue la titular del cuerpo durante la gesti\u00f3n de Cambiemos, Gabriela Michetti. El Senado, a trav\u00e9s de la Direcci\u00f3n General de Asuntos Jur\u00eddicos, present\u00f3 hoy una denuncia penal contra la titular del cuerpo durante la gesti\u00f3n de Cambiemos, Gabriela Michetti, por los\u2026","rel":"","context":"En \u00abJUDICIALES\u00bb","block_context":{"text":"JUDICIALES","link":"https:\/\/www.24baires.com\/?cat=68"},"img":{"alt_text":"","src":"https:\/\/i0.wp.com\/www.24baires.com\/wp-content\/uploads\/2014\/08\/michetti.jpg?resize=350%2C200","width":350,"height":200,"srcset":"https:\/\/i0.wp.com\/www.24baires.com\/wp-content\/uploads\/2014\/08\/michetti.jpg?resize=350%2C200 1x, https:\/\/i0.wp.com\/www.24baires.com\/wp-content\/uploads\/2014\/08\/michetti.jpg?resize=525%2C300 1.5x"},"classes":[]},{"id":82744,"url":"https:\/\/www.24baires.com\/?p=82744","url_meta":{"origin":44718,"position":3},"title":"Menem tiene \u00abplena capacidad\u201d para declarar en la causa AMIA","author":"AF","date":"16\/05\/2016","format":false,"excerpt":"Lo dijo la unidad fiscal que investiga el atentado y que quiere que el ex presidente declare como testigo en la causa por el atentado. El pedido se fundament\u00f3 en la declaraci\u00f3n que el viernes hizo Carlos Menem en relaci\u00f3n a la muerte de su hijo. Los integrantes de la\u2026","rel":"","context":"En \u00abJUDICIALES\u00bb","block_context":{"text":"JUDICIALES","link":"https:\/\/www.24baires.com\/?cat=68"},"img":{"alt_text":"menem","src":"https:\/\/i0.wp.com\/www.24baires.com\/wp-content\/uploads\/2015\/07\/menem.jpg?resize=350%2C200","width":350,"height":200,"srcset":"https:\/\/i0.wp.com\/www.24baires.com\/wp-content\/uploads\/2015\/07\/menem.jpg?resize=350%2C200 1x, https:\/\/i0.wp.com\/www.24baires.com\/wp-content\/uploads\/2015\/07\/menem.jpg?resize=525%2C300 1.5x"},"classes":[]},{"id":116694,"url":"https:\/\/www.24baires.com\/?p=116694","url_meta":{"origin":44718,"position":4},"title":"El Senado de la Naci\u00f3n aprob\u00f3 el proyecto de presupuesto 20121","author":"GB","date":"13\/11\/2020","format":false,"excerpt":"El Senado de la Naci\u00f3n aprob\u00f3 el Presupuesto 2021 ideado por el Poder Ejecutivo y lo reenvi\u00f3 a Diputados. El Senado de la Naci\u00f3n aprob\u00f3 anoche el Presupuesto 2021 en el marco de una sesi\u00f3n especial y de esta manera resolvi\u00f3 reenviar el proyecto a la C\u00e1mara de Diputados para\u2026","rel":"","context":"En \u00abPol\u00edtica\u00bb","block_context":{"text":"Pol\u00edtica","link":"https:\/\/www.24baires.com\/?cat=51"},"img":{"alt_text":"","src":"https:\/\/i0.wp.com\/www.24baires.com\/wp-content\/uploads\/2020\/06\/cafiero-senado.jpg?resize=350%2C200","width":350,"height":200,"srcset":"https:\/\/i0.wp.com\/www.24baires.com\/wp-content\/uploads\/2020\/06\/cafiero-senado.jpg?resize=350%2C200 1x, https:\/\/i0.wp.com\/www.24baires.com\/wp-content\/uploads\/2020\/06\/cafiero-senado.jpg?resize=525%2C300 1.5x"},"classes":[]},{"id":102361,"url":"https:\/\/www.24baires.com\/?p=102361","url_meta":{"origin":44718,"position":5},"title":"Revelan que el ARA San Juan no ten\u00eda suficiente ox\u00edgeno de emergencia","author":"AF","date":"26\/05\/2018","format":false,"excerpt":"La Armada revel\u00f3 que la nave estaba en condiciones mucho peores de lo que se pensaba. Un informe de la Armada que fue incorporado a la causa por la desaparici\u00f3n del submarino ARA San Juan revel\u00f3 que la embarcaci\u00f3n s\u00f3lo ten\u00eda ox\u00edgeno para seis d\u00edas en caso de emergencia aunque\u2026","rel":"","context":"En \u00abSociedad\u00bb","block_context":{"text":"Sociedad","link":"https:\/\/www.24baires.com\/?cat=1"},"img":{"alt_text":"","src":"https:\/\/i0.wp.com\/www.24baires.com\/wp-content\/uploads\/2017\/11\/ara-submarino-san-juan.jpg?resize=350%2C200","width":350,"height":200,"srcset":"https:\/\/i0.wp.com\/www.24baires.com\/wp-content\/uploads\/2017\/11\/ara-submarino-san-juan.jpg?resize=350%2C200 1x, https:\/\/i0.wp.com\/www.24baires.com\/wp-content\/uploads\/2017\/11\/ara-submarino-san-juan.jpg?resize=525%2C300 1.5x"},"classes":[]}],"jetpack_sharing_enabled":true,"jetpack_likes_enabled":true,"_links":{"self":[{"href":"https:\/\/www.24baires.com\/index.php?rest_route=\/wp\/v2\/posts\/44718","targetHints":{"allow":["GET"]}}],"collection":[{"href":"https:\/\/www.24baires.com\/index.php?rest_route=\/wp\/v2\/posts"}],"about":[{"href":"https:\/\/www.24baires.com\/index.php?rest_route=\/wp\/v2\/types\/post"}],"author":[{"embeddable":true,"href":"https:\/\/www.24baires.com\/index.php?rest_route=\/wp\/v2\/users\/11"}],"replies":[{"embeddable":true,"href":"https:\/\/www.24baires.com\/index.php?rest_route=%2Fwp%2Fv2%2Fcomments&post=44718"}],"version-history":[{"count":1,"href":"https:\/\/www.24baires.com\/index.php?rest_route=\/wp\/v2\/posts\/44718\/revisions"}],"predecessor-version":[{"id":44719,"href":"https:\/\/www.24baires.com\/index.php?rest_route=\/wp\/v2\/posts\/44718\/revisions\/44719"}],"wp:attachment":[{"href":"https:\/\/www.24baires.com\/index.php?rest_route=%2Fwp%2Fv2%2Fmedia&parent=44718"}],"wp:term":[{"taxonomy":"category","embeddable":true,"href":"https:\/\/www.24baires.com\/index.php?rest_route=%2Fwp%2Fv2%2Fcategories&post=44718"},{"taxonomy":"post_tag","embeddable":true,"href":"https:\/\/www.24baires.com\/index.php?rest_route=%2Fwp%2Fv2%2Ftags&post=44718"}],"curies":[{"name":"wp","href":"https:\/\/api.w.org\/{rel}","templated":true}]}}