{"id":4468,"date":"2012-11-05T12:47:02","date_gmt":"2012-11-05T15:47:02","guid":{"rendered":"http:\/\/www.24baires.com\/?p=4468"},"modified":"2012-11-05T12:47:42","modified_gmt":"2012-11-05T15:47:42","slug":"el-frente-gremial-docente-se-reunira-este-martes-con-de-lucia","status":"publish","type":"post","link":"https:\/\/www.24baires.com\/?p=4468","title":{"rendered":"El Frente Gremial Docente se reunir\u00e1 este martes con Nora de Luc\u00eda"},"content":{"rendered":"<p>Lo confirm\u00f3 el titular de Suteba, Roberto Baradel, quien adelant\u00f3 que \u201ccreemos que la convocatoria es un paso positivo para comenzar a resolver este conflicto\u201d, que ya lleva varias semanas. El encuentro ser\u00e1 a las 18 en la Direcci\u00f3n de Escuelas y se espera que finalmente De Luc\u00eda atienda los reclamos que vienen manifestando los docentes.<!--more--><\/p>\n<p>La Directora General de Cultura y Educaci\u00f3n, Nora De Luc\u00eda, recibir\u00e1 a los gremios que componen el Frente Gremial Docente el pr\u00f3ximo martes a las 18, seg\u00fan adelant\u00f3 el secretario General de Suteba, Roberto Baradel.<\/p>\n<p>Tal como hab\u00eda adelantado la secretaria Gremial de Suteba, Mar\u00eda Laura Torre, si el gobierno provincial, no los convocaban a \u00faltima hora del viernes \u00faltimo iban a llamar a un plenario de Secretarios Generales para resolver la continuidad de las medidas de fuerza.<\/p>\n<p>\u201cEse mismo viernes lleg\u00f3 la convocatoria\u201d, se\u00f1al\u00f3 Baradel quien remarc\u00f3 que \u201ces un paso muy positivo para comenzar a resolver este conflicto\u201d.<\/p>\n<p>Se espera que en el encuentro de ma\u00f1ana De Luc\u00eda atienda a los pedidos que los docentes vienen reclamando como la convocatoria a las tres comisiones t\u00e9cnicas paritarias, la resoluci\u00f3n a la situaci\u00f3n de los docentes que hace meses no cobran, asignaciones familiares y el pago de comedores escolares y los transportes para alumnos rurales.<\/p>\n<p>Dentro del Frente Gremial docente se nuclean los gremios de SUTEBA, la FEB, UDA, AMET y SADOP.<\/p>\n","protected":false},"excerpt":{"rendered":"<p>Lo confirm\u00f3 el titular de Suteba, Roberto Baradel, quien adelant\u00f3 que \u201ccreemos que la convocatoria es un paso positivo para comenzar a resolver este conflicto\u201d, que ya lleva varias semanas. El encuentro ser\u00e1 a las 18 en la Direcci\u00f3n de Escuelas y se espera que finalmente De Luc\u00eda atienda los reclamos que vienen manifestando los docentes.<\/p>\n","protected":false},"author":4,"featured_media":0,"comment_status":"open","ping_status":"open","sticky":false,"template":"","format":"standard","meta":{"_jetpack_newsletter_access":"","_jetpack_dont_email_post_to_subs":false,"_jetpack_newsletter_tier_id":0,"_jetpack_memberships_contains_paywalled_content":false,"_jetpack_memberships_contains_paid_content":false,"footnotes":""},"categories":[1],"tags":[],"class_list":["post-4468","post","type-post","status-publish","format-standard","hentry","category-sociedad"],"jetpack_featured_media_url":"","jetpack_shortlink":"https:\/\/wp.me\/p2JWE0-1a4","jetpack-related-posts":[{"id":20798,"url":"https:\/\/www.24baires.com\/?p=20798","url_meta":{"origin":4468,"position":0},"title":"\u00abLa situaci\u00f3n no da para m\u00e1s\u00bb, le dijo Baradel a De Luc\u00eda","author":"AF","date":"12\/04\/2013","format":false,"excerpt":"El secretario General de Suteba, adelant\u00f3 que se detectaron nuevas irregularidades en la liquidaci\u00f3n de haberes de los maestros por parte de la Direcci\u00f3n General de Cultura y Educaci\u00f3n, raz\u00f3n por la cual exigieron una reuni\u00f3n de car\u00e1cter urgente con la titular de esa cartera, Nora de Luc\u00eda.\u00a0 En el\u2026","rel":"","context":"En \u00abLocales\u00bb","block_context":{"text":"Locales","link":"https:\/\/www.24baires.com\/?cat=38"},"img":{"alt_text":"","src":"","width":0,"height":0},"classes":[]},{"id":4071,"url":"https:\/\/www.24baires.com\/?p=4071","url_meta":{"origin":4468,"position":1},"title":"\u201cEst\u00e1 en manos de Scioli y de Nora de Luc\u00eda resolver este conflicto\u201d","author":"AF","date":"01\/11\/2012","format":false,"excerpt":"La secretaria Gremial de Suteba, Mar\u00eda Laura Torre, confirm\u00f3 que ante la falta de respuesta a sus demandas por parte del gobierno provincial y la Direcci\u00f3n General de Escuelas, desde el gremio esperar\u00e1n hasta la \u00faltima hora del viernes y en caso de no tener novedades, convocar\u00e1n a un plenario\u2026","rel":"","context":"En \u00abSociedad\u00bb","block_context":{"text":"Sociedad","link":"https:\/\/www.24baires.com\/?cat=1"},"img":{"alt_text":"","src":"https:\/\/i0.wp.com\/www.24baires.com\/wp-content\/uploads\/2012\/11\/scioli-de-luc%C3%ADa-300x252.jpg?resize=350%2C200","width":350,"height":200},"classes":[]},{"id":8530,"url":"https:\/\/www.24baires.com\/?p=8530","url_meta":{"origin":4468,"position":2},"title":"Scioli se re\u00fane con el frente gremial docente","author":"AF","date":"10\/12\/2012","format":false,"excerpt":"El encuentro est\u00e1 previsto para la ma\u00f1ana de este lunes en el marco de un clima de tensi\u00f3n por los descuentos que efectiviz\u00f3 la Direcci\u00f3n de Cultura y Educaci\u00f3n que conduce Nora de Luc\u00eda. Se espera que adem\u00e1s se traten las demandas del Frente en lo que respecta a las\u2026","rel":"","context":"En \u00abSociedad\u00bb","block_context":{"text":"Sociedad","link":"https:\/\/www.24baires.com\/?cat=1"},"img":{"alt_text":"","src":"","width":0,"height":0},"classes":[]},{"id":11860,"url":"https:\/\/www.24baires.com\/?p=11860","url_meta":{"origin":4468,"position":3},"title":"Baradel advirti\u00f3 que las negociaciones con los docentes \u00abvan a ser dif\u00edciles\u00bb","author":"AF","date":"11\/01\/2013","format":false,"excerpt":"Roberto Baradel dijo que el lunes, cuando se junten con las autoridades, definir\u00e1n el porcentaje de incremento que van a reclamar. Y si bien dijo que \"tenemos tiempo\" para negociar, no descart\u00f3 medidas de fuerza para el caso que no haya acuerdo. El secretario general de SUTEBA y de la\u2026","rel":"","context":"En \u00abSociedad\u00bb","block_context":{"text":"Sociedad","link":"https:\/\/www.24baires.com\/?cat=1"},"img":{"alt_text":"","src":"","width":0,"height":0},"classes":[]},{"id":2977,"url":"https:\/\/www.24baires.com\/?p=2977","url_meta":{"origin":4468,"position":4},"title":"De Luc\u00eda, firme ante el paro Docente de hoy y ma\u00f1ana: \u00abNo hay posibilidades de abrir paritarias\u00bb","author":"AF","date":"23\/10\/2012","format":false,"excerpt":"La directora de Cultura y Educaci\u00f3n de la provincia de Buenos Aires, Nora de Luc\u00eda, cuestion\u00f3 con fiereza la decisi\u00f3n de los gremios bonaerenses de llevar adelante un paro por 48 horas: \"No hay posibilidades de abrir paritarias\u201d, enfatiz\u00f3. En tanto, Roberto Baradel de Suteba, adelant\u00f3 que marchar\u00e1n a la\u2026","rel":"","context":"En \u00abPol\u00edtica\u00bb","block_context":{"text":"Pol\u00edtica","link":"https:\/\/www.24baires.com\/?cat=51"},"img":{"alt_text":"","src":"https:\/\/i0.wp.com\/www.24baires.com\/wp-content\/uploads\/2012\/10\/de-luc%C3%ADa-mesa-300x198.jpg?resize=350%2C200","width":350,"height":200},"classes":[]},{"id":56532,"url":"https:\/\/www.24baires.com\/?p=56532","url_meta":{"origin":4468,"position":5},"title":"El Gobierno se re\u00fane con docentes para evitar un nuevo paro","author":"AF","date":"04\/11\/2014","format":false,"excerpt":"El jefe de Gabinete bonaerense, Alberto P\u00e9rez, y la directora general de Cultura y Educaci\u00f3n, Nora de Luc\u00eda, se reunir\u00e1n hoy con los gremios docentes en el marco del tratamiento del proyecto de Ley del Presupuesto provincial y ante el anuncio de paro realizado por los maestros. El objetivo del\u2026","rel":"","context":"En \u00abProvincia\u00bb","block_context":{"text":"Provincia","link":"https:\/\/www.24baires.com\/?cat=40"},"img":{"alt_text":"baradel denuncia inspectores","src":"https:\/\/i0.wp.com\/www.24baires.com\/wp-content\/uploads\/2013\/05\/baradel-denuncia-inspectores.jpg?resize=350%2C200","width":350,"height":200,"srcset":"https:\/\/i0.wp.com\/www.24baires.com\/wp-content\/uploads\/2013\/05\/baradel-denuncia-inspectores.jpg?resize=350%2C200 1x, https:\/\/i0.wp.com\/www.24baires.com\/wp-content\/uploads\/2013\/05\/baradel-denuncia-inspectores.jpg?resize=525%2C300 1.5x"},"classes":[]}],"jetpack_sharing_enabled":true,"jetpack_likes_enabled":true,"_links":{"self":[{"href":"https:\/\/www.24baires.com\/index.php?rest_route=\/wp\/v2\/posts\/4468","targetHints":{"allow":["GET"]}}],"collection":[{"href":"https:\/\/www.24baires.com\/index.php?rest_route=\/wp\/v2\/posts"}],"about":[{"href":"https:\/\/www.24baires.com\/index.php?rest_route=\/wp\/v2\/types\/post"}],"author":[{"embeddable":true,"href":"https:\/\/www.24baires.com\/index.php?rest_route=\/wp\/v2\/users\/4"}],"replies":[{"embeddable":true,"href":"https:\/\/www.24baires.com\/index.php?rest_route=%2Fwp%2Fv2%2Fcomments&post=4468"}],"version-history":[{"count":3,"href":"https:\/\/www.24baires.com\/index.php?rest_route=\/wp\/v2\/posts\/4468\/revisions"}],"predecessor-version":[{"id":4470,"href":"https:\/\/www.24baires.com\/index.php?rest_route=\/wp\/v2\/posts\/4468\/revisions\/4470"}],"wp:attachment":[{"href":"https:\/\/www.24baires.com\/index.php?rest_route=%2Fwp%2Fv2%2Fmedia&parent=4468"}],"wp:term":[{"taxonomy":"category","embeddable":true,"href":"https:\/\/www.24baires.com\/index.php?rest_route=%2Fwp%2Fv2%2Fcategories&post=4468"},{"taxonomy":"post_tag","embeddable":true,"href":"https:\/\/www.24baires.com\/index.php?rest_route=%2Fwp%2Fv2%2Ftags&post=4468"}],"curies":[{"name":"wp","href":"https:\/\/api.w.org\/{rel}","templated":true}]}}