{"id":4463,"date":"2012-11-05T11:53:09","date_gmt":"2012-11-05T14:53:09","guid":{"rendered":"http:\/\/www.24baires.com\/?p=4463"},"modified":"2012-11-05T11:53:09","modified_gmt":"2012-11-05T14:53:09","slug":"comienzan-jornadas-de-inclusion-en-tres-arroyos","status":"publish","type":"post","link":"https:\/\/www.24baires.com\/?p=4463","title":{"rendered":"Comienzan Jornadas de inclusi\u00f3n en Tres Arroyos"},"content":{"rendered":"<p><img data-recalc-dims=\"1\" loading=\"lazy\" decoding=\"async\" class=\"size-medium wp-image-4464 alignleft\" title=\"murci\u00e9lago\" src=\"https:\/\/i0.wp.com\/www.24baires.com\/wp-content\/uploads\/2012\/11\/murci%C3%A9lago.jpg?resize=300%2C173\" alt=\"\" width=\"300\" height=\"173\" srcset=\"https:\/\/i0.wp.com\/www.24baires.com\/wp-content\/uploads\/2012\/11\/murci%C3%A9lago.jpg?resize=300%2C173&amp;ssl=1 300w, https:\/\/i0.wp.com\/www.24baires.com\/wp-content\/uploads\/2012\/11\/murci%C3%A9lago.jpg?w=475&amp;ssl=1 475w\" sizes=\"auto, (max-width: 300px) 100vw, 300px\" \/>Se llevar\u00e1n a cabo hasta el mi\u00e9rcoles pr\u00f3ximo. El lema de esta actividad es \u00abhacia una sociedad m\u00e1s inclusiva para avanzar hacia una educaci\u00f3n m\u00e1s inclusiva\u00bb. Habr\u00e1 encuentros acad\u00e9micos y de capacitaci\u00f3n.<!--more--><br \/>\nEste lunes se pondr\u00e1n en marcha las jornadas de inclusi\u00f3n, iniciativa que cuenta con una diversa e interesante programaci\u00f3n que se desarrollar\u00e1 durante tres d\u00edas. En el horario de 14 a 17, se llevar\u00e1 a cabo en El Fanal el encuentro inclusivo de capacidades diferentes \u00abMejor si lo hacemos entre todos\u00bb, que cuenta con la organizaci\u00f3n de alumnos de los profesorados de Educaci\u00f3n Especial, Inicial y Primaria del Instituto Superior de Formaci\u00f3n Docente N\u00b0167 de Tres Arroyos. La propuesta est\u00e1 destinada a alumnos de escuelas especiales, el Centro Educativo Complementario, salas de cinco a\u00f1os de jardines de infantes, alumnos de primer ciclo de escuelas primarias y comunidad en general.<\/p>\n<p>Las actividades continuar\u00e1n el martes con la presentaci\u00f3n de Los Murci\u00e9lagos, la selecci\u00f3n de f\u00fatbol de no videntes. A las 19.30 y con una entrada muy accesible, jugar\u00e1 en el Gigante con Hurac\u00e1n, as\u00ed como habr\u00e1 otros encuentros con equipos de empresas, concejales, conformados por sorteo, entre otros. Desde la ma\u00f1ana, Los Murci\u00e9lagos estar\u00e1n en contacto con alumnos de escuelas secundarias del distrito. Finalmente, el mi\u00e9rcoles se desarrollar\u00e1 una actividad acad\u00e9mica en El Fanal con la participaci\u00f3n de la profesora Mar\u00eda Jos\u00e9 Borsani. Como se puede apreciar, hay espacios espec\u00edficos de trabajo espec\u00edficos para docentes y profesionales (especialmente hoy y el mi\u00e9rcoles), mientras que en otros casos los chicos y tambi\u00e9n vecinos de diversas edades pueden intervenir.<\/p>\n<p>Un proyecto presentado este a\u00f1o por el grupo de padres Igualdad y Futuro a la Asociaci\u00f3n Mutual Dan fue el origen de las jornadas de inclusi\u00f3n. Fue seleccionado, junto a otros tres, en el marco de una convocatoria de la citada asociaci\u00f3n a las entidades. La educaci\u00f3n inclusiva constituye el eje del citado proyecto. Pero los alcances de la iniciativa se fueron ampliando debido a que se decidi\u00f3 hacer un enfoque desde la sociedad. Camilia Bruel, gerente de Mutual Dan; Agust\u00edn B\u00e1ez, referente del grupo de padres; Gustavo Oosterbaan, director del CRESTA; la ex docente Nora Centeno; y Mart\u00edn Bay\u00fagar, licenciado en Educaci\u00f3n F\u00edsica; son algunos de los integrantes del equipo que lleva adelante la organizaci\u00f3n del encuentro. Brinda su apoyo la Secretar\u00eda de Desarrollo Social del municipio y se obtuvo el valioso respaldo de las inspectoras jefe de la Regi\u00f3n 21 del \u00e1mbito oficial, Marisa V\u00e1zquez, y del sector privado, Norma Hardoy; la Comisi\u00f3n Municipal de Discapacidad; Direcci\u00f3n de Deportes y Direcci\u00f3n de Cultura; as\u00ed como de integrantes de Organizaciones de la Sociedad Civil, entre otros. La n\u00f3mina es extensa e incluye a la Biblioteca Popular Braille y Parlante Ilusiones, escuelas especiales 501 y 502, el Colegio Holand\u00e9s, la Escuela Agropecuaria, el Club Hurac\u00e1n, ALPI Tres Arroyos, el centro de d\u00eda Caminemos Juntos, Taller Protegido Despertar, clubes de servicio, el Instituto de Rehabilitaci\u00f3n Tres Arroyos, la C\u00e1mara Econ\u00f3mica, empresas aseguradoras, a los que se incorporar\u00e1n seguramente m\u00e1s colaboradores.<\/p>\n","protected":false},"excerpt":{"rendered":"<p>Se llevar\u00e1n a cabo hasta el mi\u00e9rcoles pr\u00f3ximo. El lema de esta actividad es \u00abhacia una sociedad m\u00e1s inclusiva para avanzar hacia una educaci\u00f3n m\u00e1s inclusiva\u00bb. Habr\u00e1 encuentros acad\u00e9micos y de capacitaci\u00f3n.<\/p>\n","protected":false},"author":4,"featured_media":0,"comment_status":"open","ping_status":"open","sticky":false,"template":"","format":"standard","meta":{"_jetpack_newsletter_access":"","_jetpack_dont_email_post_to_subs":false,"_jetpack_newsletter_tier_id":0,"_jetpack_memberships_contains_paywalled_content":false,"_jetpack_memberships_contains_paid_content":false,"footnotes":""},"categories":[38],"tags":[],"class_list":["post-4463","post","type-post","status-publish","format-standard","hentry","category-locales"],"jetpack_featured_media_url":"","jetpack_shortlink":"https:\/\/wp.me\/p2JWE0-19Z","jetpack-related-posts":[{"id":4689,"url":"https:\/\/www.24baires.com\/?p=4689","url_meta":{"origin":4463,"position":0},"title":"Los Murci\u00e9lagos emocionaron en las Jornadas de inclusi\u00f3n en Tres Arroyos","author":"AF","date":"07\/11\/2012","format":false,"excerpt":"La presentaci\u00f3n de los murci\u00e9lagos cumpli\u00f3 con creces con las expectativas de constituir una propuesta de sensibilizaci\u00f3n. As\u00ed qued\u00f3 demostrado con la multitudinaria convocatoria. Los Murci\u00e9lagos de oro. Se los podr\u00eda definir en estos u otros t\u00e9rminos. El lector, si tuvo el privilegio de participar de las actividades desarrolladas en\u2026","rel":"","context":"En \u00abLocales\u00bb","block_context":{"text":"Locales","link":"https:\/\/www.24baires.com\/?cat=38"},"img":{"alt_text":"","src":"https:\/\/i0.wp.com\/www.24baires.com\/wp-content\/uploads\/2012\/11\/murci%C3%A9lagos-300x216.jpg?resize=350%2C200","width":350,"height":200},"classes":[]},{"id":54675,"url":"https:\/\/www.24baires.com\/?p=54675","url_meta":{"origin":4463,"position":1},"title":"Tres Arroyos sigue apostando al tratamiento de basura","author":"GB","date":"02\/10\/2014","format":false,"excerpt":"El titular de la cartera ambiental y el jefe comunal local tambi\u00e9n firmaron diferentes convenios con el objetivo de brindar planes de formaci\u00f3n y educaci\u00f3n, destinados a alumnos y docentes, para la Gesti\u00f3n Integral de Residuos, buenas pr\u00e1cticas ambientales y la reducci\u00f3n en la generaci\u00f3n de desechos domiciliarios en esa\u2026","rel":"","context":"En \u00abLocales\u00bb","block_context":{"text":"Locales","link":"https:\/\/www.24baires.com\/?cat=38"},"img":{"alt_text":"tres arroyos","src":"https:\/\/i0.wp.com\/www.24baires.com\/wp-content\/uploads\/2014\/10\/tres-arroyos.jpg?resize=350%2C200","width":350,"height":200,"srcset":"https:\/\/i0.wp.com\/www.24baires.com\/wp-content\/uploads\/2014\/10\/tres-arroyos.jpg?resize=350%2C200 1x, https:\/\/i0.wp.com\/www.24baires.com\/wp-content\/uploads\/2014\/10\/tres-arroyos.jpg?resize=525%2C300 1.5x"},"classes":[]},{"id":7005,"url":"https:\/\/www.24baires.com\/?p=7005","url_meta":{"origin":4463,"position":2},"title":"Cerca de 450 cooperativas tramitan licencias para brindar TV por cable","author":"AF","date":"27\/11\/2012","format":false,"excerpt":"As\u00ed lo destac\u00f3 el presidente del Inaes, Patricio Griffin, durante la jornada del viernes pasado sobre televisi\u00f3n cooperativa El Futuro es hoy, organizada por Celta TV, en la localidad bonaerense de Tres Arroyos, ante 150 dirigentes del sector cooperativo y mutual. \u201cCelta TV es pionera y estamos orgullosos de c\u00f3mo,\u2026","rel":"","context":"En \u00abMedios\u00bb","block_context":{"text":"Medios","link":"https:\/\/www.24baires.com\/?cat=54"},"img":{"alt_text":"","src":"","width":0,"height":0},"classes":[]},{"id":33369,"url":"https:\/\/www.24baires.com\/?p=33369","url_meta":{"origin":4463,"position":3},"title":"Comienza en La Plata el 1\u00ba Encuentro Provincial de Educaci\u00f3n para el Trabajo","author":"AF","date":"11\/10\/2013","format":false,"excerpt":"Participan m\u00e1s de tres mil alumnos de escuelas t\u00e9cnicas bonaerenses que exponen distintos proyectos. La Directora General de Escuelas, Nora De Luc\u00eda, dijo que \"buscamos una educaci\u00f3n real para insertar en el mundo del trabajo\". Con la presencia de m\u00e1s de tres mil alumnos de escuelas t\u00e9cnicas y unos 500\u2026","rel":"","context":"En \u00abSociedad\u00bb","block_context":{"text":"Sociedad","link":"https:\/\/www.24baires.com\/?cat=1"},"img":{"alt_text":"","src":"","width":0,"height":0},"classes":[]},{"id":100585,"url":"https:\/\/www.24baires.com\/?p=100585","url_meta":{"origin":4463,"position":4},"title":"Provincia cierra diez escuelas en el Delta","author":"AF","date":"17\/02\/2018","format":false,"excerpt":"A tres semanas del inicio de las clases, el Gobierno de la Provincia de Buenos Aires confirm\u00f3 el cierre de seis escuelas primarias y cuatro jardines de infantes ubicados en las islas del Delta, en San Fernando. \u201cDesde el gobierno provincial lo dicen sin pelos en la lengua\u201d, denunci\u00f3 Adriana\u2026","rel":"","context":"En \u00abLocales\u00bb","block_context":{"text":"Locales","link":"https:\/\/www.24baires.com\/?cat=38"},"img":{"alt_text":"","src":"https:\/\/i0.wp.com\/www.24baires.com\/wp-content\/uploads\/2018\/02\/asamblea-delta.jpeg?resize=350%2C200","width":350,"height":200,"srcset":"https:\/\/i0.wp.com\/www.24baires.com\/wp-content\/uploads\/2018\/02\/asamblea-delta.jpeg?resize=350%2C200 1x, https:\/\/i0.wp.com\/www.24baires.com\/wp-content\/uploads\/2018\/02\/asamblea-delta.jpeg?resize=525%2C300 1.5x"},"classes":[]},{"id":44873,"url":"https:\/\/www.24baires.com\/?p=44873","url_meta":{"origin":4463,"position":5},"title":"Dar\u00e1n charlas de seguridad vial para m\u00e1s de 1500 alumnos de Olavarr\u00eda","author":"AF","date":"28\/04\/2014","format":false,"excerpt":"Este martes y mi\u00e9rcoles en la Escuela de Educaci\u00f3n T\u00e9cnica N\u00b0 2 y en la Escuela de Educaci\u00f3n Media N\u00b0 10, charlas sobre Concientizaci\u00f3n y Prevenci\u00f3n en Seguridad Vial, a cargo de Sergio Levin de la ONG \"Conduciendo a Conciencia\". Las charlas, que se llevaran a cabo este martes y\u2026","rel":"","context":"En \u00abLocales\u00bb","block_context":{"text":"Locales","link":"https:\/\/www.24baires.com\/?cat=38"},"img":{"alt_text":"sergio levin","src":"https:\/\/i0.wp.com\/www.24baires.com\/wp-content\/uploads\/2014\/04\/sergio-levin.jpg?resize=350%2C200","width":350,"height":200,"srcset":"https:\/\/i0.wp.com\/www.24baires.com\/wp-content\/uploads\/2014\/04\/sergio-levin.jpg?resize=350%2C200 1x, https:\/\/i0.wp.com\/www.24baires.com\/wp-content\/uploads\/2014\/04\/sergio-levin.jpg?resize=525%2C300 1.5x"},"classes":[]}],"jetpack_sharing_enabled":true,"jetpack_likes_enabled":true,"_links":{"self":[{"href":"https:\/\/www.24baires.com\/index.php?rest_route=\/wp\/v2\/posts\/4463","targetHints":{"allow":["GET"]}}],"collection":[{"href":"https:\/\/www.24baires.com\/index.php?rest_route=\/wp\/v2\/posts"}],"about":[{"href":"https:\/\/www.24baires.com\/index.php?rest_route=\/wp\/v2\/types\/post"}],"author":[{"embeddable":true,"href":"https:\/\/www.24baires.com\/index.php?rest_route=\/wp\/v2\/users\/4"}],"replies":[{"embeddable":true,"href":"https:\/\/www.24baires.com\/index.php?rest_route=%2Fwp%2Fv2%2Fcomments&post=4463"}],"version-history":[{"count":3,"href":"https:\/\/www.24baires.com\/index.php?rest_route=\/wp\/v2\/posts\/4463\/revisions"}],"predecessor-version":[{"id":4467,"href":"https:\/\/www.24baires.com\/index.php?rest_route=\/wp\/v2\/posts\/4463\/revisions\/4467"}],"wp:attachment":[{"href":"https:\/\/www.24baires.com\/index.php?rest_route=%2Fwp%2Fv2%2Fmedia&parent=4463"}],"wp:term":[{"taxonomy":"category","embeddable":true,"href":"https:\/\/www.24baires.com\/index.php?rest_route=%2Fwp%2Fv2%2Fcategories&post=4463"},{"taxonomy":"post_tag","embeddable":true,"href":"https:\/\/www.24baires.com\/index.php?rest_route=%2Fwp%2Fv2%2Ftags&post=4463"}],"curies":[{"name":"wp","href":"https:\/\/api.w.org\/{rel}","templated":true}]}}