{"id":4461,"date":"2012-11-05T11:37:15","date_gmt":"2012-11-05T14:37:15","guid":{"rendered":"http:\/\/www.24baires.com\/?p=4461"},"modified":"2012-11-05T11:37:15","modified_gmt":"2012-11-05T14:37:15","slug":"el-municipio-platense-revoco-la-concesion-de-las-lineas-de-micro-norte-y-oeste","status":"publish","type":"post","link":"https:\/\/www.24baires.com\/?p=4461","title":{"rendered":"El Municipio platense revoc\u00f3 la concesi\u00f3n de las l\u00edneas de micro Norte y Oeste"},"content":{"rendered":"<p>La Municipalidad de La Plata revoc\u00f3 la adjudicaci\u00f3n de la concesi\u00f3n del servicio de autotransporte p\u00fablico a la empresa \u201cNueve de Julio\u201d S.R.L. a cargo de las l\u00edneas Oeste y Norte y anunci\u00f3 que convocar\u00e1 a una nueva licitaci\u00f3n para cubrir esa prestaci\u00f3n.\u00a0<!--more--><\/p>\n<p>El secretario de Gesti\u00f3n P\u00fablica, Enrique Sette explic\u00f3 que la empresa Nueve de Julio no cumpli\u00f3 con algunos compromisos, como la renovaci\u00f3n de su parque m\u00f3vil.<\/p>\n<p>En di\u00e1logo con Radio Provincia, el secretario de Gesti\u00f3n P\u00fablica, Enrique \u00c1ngel Sette, explic\u00f3 que \u201crechazamos la oferta al proceso de licitaci\u00f3n porque no lo completaron\u201d, al no comprar los 16 veh\u00edculos necesarios para \u201cdotar de una antig\u00fcedad relativa a su parque m\u00f3vil\u201d.<\/p>\n<p>El funcionario aclar\u00f3 que \u201cla municipalidad ha sido extremadamente ben\u00e9vola en contemplar la situaci\u00f3n de la empresa\u201d pero admiti\u00f3 que hay falencias como el hecho de que no se cumpla con las frecuencias debidas. \u201cTratamos de recomponer la situaci\u00f3n, pero finalmente emitimos una resoluci\u00f3n de rechazar la oferta\u201d.<\/p>\n<p>En tanto, inform\u00f3 que \u201ca \u00faltima hora del jueves\u201d, la empresa \u201cha hecho una propuesta\u201d que ahora es analizada por las autoridades y \u201ctendr\u00e1 que hacer el recorrido administrativo y legal correspondiente\u201d; al tiempo que aclar\u00f3 que \u201cel municipio tiene todo el inter\u00e9s de favorecer el desarrollo del empresariado local\u201d.<\/p>\n","protected":false},"excerpt":{"rendered":"<p>La Municipalidad de La Plata revoc\u00f3 la adjudicaci\u00f3n de la concesi\u00f3n del servicio de autotransporte p\u00fablico a la empresa \u201cNueve de Julio\u201d S.R.L. a cargo de las l\u00edneas Oeste y Norte y anunci\u00f3 que convocar\u00e1 a una nueva licitaci\u00f3n para cubrir esa prestaci\u00f3n.\u00a0<\/p>\n","protected":false},"author":4,"featured_media":0,"comment_status":"open","ping_status":"open","sticky":false,"template":"","format":"standard","meta":{"_jetpack_newsletter_access":"","_jetpack_dont_email_post_to_subs":false,"_jetpack_newsletter_tier_id":0,"_jetpack_memberships_contains_paywalled_content":false,"_jetpack_memberships_contains_paid_content":false,"footnotes":""},"categories":[38],"tags":[],"class_list":["post-4461","post","type-post","status-publish","format-standard","hentry","category-locales"],"jetpack_featured_media_url":"","jetpack_shortlink":"https:\/\/wp.me\/p2JWE0-19X","jetpack-related-posts":[{"id":48884,"url":"https:\/\/www.24baires.com\/?p=48884","url_meta":{"origin":4461,"position":0},"title":"Crece la expectativa por la posible instalaci\u00f3n del Metrob\u00fas en La Plata","author":"Grupo Sierra","date":"28\/06\/2014","format":false,"excerpt":"El secretario de Gesti\u00f3n P\u00fablica de la municipalidad de La Plata, Enrique Sette, confirm\u00f3 que \"se est\u00e1n realizando estudios\" para la instalaci\u00f3n del Metrob\u00fas en el distrito. Ven\u00edamos trabajando en un estudio de factibilidad con expertos en transporte y se firm\u00f3 un convenio con el titular de la Facultad de\u2026","rel":"","context":"En \u00abLocales\u00bb","block_context":{"text":"Locales","link":"https:\/\/www.24baires.com\/?cat=38"},"img":{"alt_text":"enrique sette","src":"https:\/\/i0.wp.com\/www.24baires.com\/wp-content\/uploads\/2014\/06\/enrique-sette.jpg?resize=350%2C200","width":350,"height":200,"srcset":"https:\/\/i0.wp.com\/www.24baires.com\/wp-content\/uploads\/2014\/06\/enrique-sette.jpg?resize=350%2C200 1x, https:\/\/i0.wp.com\/www.24baires.com\/wp-content\/uploads\/2014\/06\/enrique-sette.jpg?resize=525%2C300 1.5x"},"classes":[]},{"id":49452,"url":"https:\/\/www.24baires.com\/?p=49452","url_meta":{"origin":4461,"position":1},"title":"Allanaron la Municipalidad de La Plata por venta irregular de terrenos","author":"Grupo Sierra","date":"07\/07\/2014","format":false,"excerpt":"La causa ser\u00eda una denuncia contra Mariano Bruera y Enrique Sette por presuntamente querer cobrar a quien buscaba rezonificar un terreno. Hace apenas unos minutos se conoci\u00f3 la noticia que fue allanada la Municipalidad de La Plata por una denuncia de un particular contra el hermano del intendente Pablo Bruera,\u2026","rel":"","context":"En \u00abJUDICIALES\u00bb","block_context":{"text":"JUDICIALES","link":"https:\/\/www.24baires.com\/?cat=68"},"img":{"alt_text":"Municipalidad_de_La_Plata","src":"https:\/\/i0.wp.com\/www.24baires.com\/wp-content\/uploads\/2014\/07\/Municipalidad_de_La_Plata.jpg?resize=350%2C200","width":350,"height":200,"srcset":"https:\/\/i0.wp.com\/www.24baires.com\/wp-content\/uploads\/2014\/07\/Municipalidad_de_La_Plata.jpg?resize=350%2C200 1x, https:\/\/i0.wp.com\/www.24baires.com\/wp-content\/uploads\/2014\/07\/Municipalidad_de_La_Plata.jpg?resize=525%2C300 1.5x"},"classes":[]},{"id":39952,"url":"https:\/\/www.24baires.com\/?p=39952","url_meta":{"origin":4461,"position":2},"title":"Inscriben lotes de tierras rurales para el ProCreAr","author":"Grupo Sierra","date":"06\/02\/2014","format":false,"excerpt":"LA PLATA- Es para subdividirlas, lotearlas y venderlas a los beneficiarios del Plan ProCreAr. Ya se recibieron numerosas consultas. En la Municipalidad de La Plata sigue abierta la inscripci\u00f3n para propietarios que quieran subdividir tierras a los efectos de conformar lotes para beneficiarios del Plan ProCreAr. El secretario de Gesti\u00f3n\u2026","rel":"","context":"En \u00abGeneral\u00bb","block_context":{"text":"General","link":"https:\/\/www.24baires.com\/?cat=67"},"img":{"alt_text":"","src":"","width":0,"height":0},"classes":[]},{"id":107608,"url":"https:\/\/www.24baires.com\/?p=107608","url_meta":{"origin":4461,"position":3},"title":"Mar del Plata: Arroyo le quit\u00f3 la concesi\u00f3n del Paseo Hermitage a Florencio Aldrey Iglesias","author":"AF","date":"10\/04\/2019","format":false,"excerpt":"\u201cYo no les tengo miedo. Yo me debo a los vecinos de Mar del Plata. Yo no especulo con cu\u00e1ntos votos voy a tener; yo estoy aqu\u00ed para dirigir los destinos de Mar del Plata durante el tiempo que los votantes me confiaron para gobernar\u201d enfatiz\u00f3 Carlos Arroyo al dar\u2026","rel":"","context":"En \u00abLocales\u00bb","block_context":{"text":"Locales","link":"https:\/\/www.24baires.com\/?cat=38"},"img":{"alt_text":"","src":"https:\/\/i0.wp.com\/www.24baires.com\/wp-content\/uploads\/2017\/09\/arroyo.jpg?resize=350%2C200","width":350,"height":200,"srcset":"https:\/\/i0.wp.com\/www.24baires.com\/wp-content\/uploads\/2017\/09\/arroyo.jpg?resize=350%2C200 1x, https:\/\/i0.wp.com\/www.24baires.com\/wp-content\/uploads\/2017\/09\/arroyo.jpg?resize=525%2C300 1.5x"},"classes":[]},{"id":112047,"url":"https:\/\/www.24baires.com\/?p=112047","url_meta":{"origin":4461,"position":4},"title":"Iguacel y Dietrich, imputados por el negociado de los peajes","author":"AF","date":"11\/09\/2019","format":false,"excerpt":"El ministro de Transporte y el ex titular de Vialidad Nacional son investigados por haber habilitado a varias empresas --entre ellas a Iecsa, del primo del Presidente-- a seguir cobrando peajes y obras por 30 mil millones de pesos cuando sus contratos ya hab\u00edan vencido. El fiscal Eduardo Taiano imput\u00f3\u2026","rel":"","context":"En \u00abJUDICIALES\u00bb","block_context":{"text":"JUDICIALES","link":"https:\/\/www.24baires.com\/?cat=68"},"img":{"alt_text":"","src":"https:\/\/i0.wp.com\/www.24baires.com\/wp-content\/uploads\/2019\/09\/dietrich-iguacel.jpg?resize=350%2C200","width":350,"height":200,"srcset":"https:\/\/i0.wp.com\/www.24baires.com\/wp-content\/uploads\/2019\/09\/dietrich-iguacel.jpg?resize=350%2C200 1x, https:\/\/i0.wp.com\/www.24baires.com\/wp-content\/uploads\/2019\/09\/dietrich-iguacel.jpg?resize=525%2C300 1.5x"},"classes":[]},{"id":111492,"url":"https:\/\/www.24baires.com\/?p=111492","url_meta":{"origin":4461,"position":5},"title":"Denuncian a Arroyo y Mourelle por presuntas \u201cmaniobras il\u00edcitas\u201d","author":"GB","date":"07\/08\/2019","format":false,"excerpt":"MAR DEL PLATA-La presentaci\u00f3n judicial la realiz\u00f3 el apoderado de una empresa contratada por el municipio. Les adjudica \"demoras injustificadas de pagos\". Tambi\u00e9n menciona \"amenazas\" del secretario de Hacienda. El apoderado de una empresa constructora contratada por el municipio present\u00f3 en la Justicia una denuncia penal contra el intendente Carlos\u2026","rel":"","context":"En \u00abMunicipios\u00bb","block_context":{"text":"Municipios","link":"https:\/\/www.24baires.com\/?cat=44"},"img":{"alt_text":"","src":"https:\/\/i0.wp.com\/www.24baires.com\/wp-content\/uploads\/2017\/09\/arroyo.jpg?resize=350%2C200","width":350,"height":200,"srcset":"https:\/\/i0.wp.com\/www.24baires.com\/wp-content\/uploads\/2017\/09\/arroyo.jpg?resize=350%2C200 1x, https:\/\/i0.wp.com\/www.24baires.com\/wp-content\/uploads\/2017\/09\/arroyo.jpg?resize=525%2C300 1.5x"},"classes":[]}],"jetpack_sharing_enabled":true,"jetpack_likes_enabled":true,"_links":{"self":[{"href":"https:\/\/www.24baires.com\/index.php?rest_route=\/wp\/v2\/posts\/4461","targetHints":{"allow":["GET"]}}],"collection":[{"href":"https:\/\/www.24baires.com\/index.php?rest_route=\/wp\/v2\/posts"}],"about":[{"href":"https:\/\/www.24baires.com\/index.php?rest_route=\/wp\/v2\/types\/post"}],"author":[{"embeddable":true,"href":"https:\/\/www.24baires.com\/index.php?rest_route=\/wp\/v2\/users\/4"}],"replies":[{"embeddable":true,"href":"https:\/\/www.24baires.com\/index.php?rest_route=%2Fwp%2Fv2%2Fcomments&post=4461"}],"version-history":[{"count":1,"href":"https:\/\/www.24baires.com\/index.php?rest_route=\/wp\/v2\/posts\/4461\/revisions"}],"predecessor-version":[{"id":4462,"href":"https:\/\/www.24baires.com\/index.php?rest_route=\/wp\/v2\/posts\/4461\/revisions\/4462"}],"wp:attachment":[{"href":"https:\/\/www.24baires.com\/index.php?rest_route=%2Fwp%2Fv2%2Fmedia&parent=4461"}],"wp:term":[{"taxonomy":"category","embeddable":true,"href":"https:\/\/www.24baires.com\/index.php?rest_route=%2Fwp%2Fv2%2Fcategories&post=4461"},{"taxonomy":"post_tag","embeddable":true,"href":"https:\/\/www.24baires.com\/index.php?rest_route=%2Fwp%2Fv2%2Ftags&post=4461"}],"curies":[{"name":"wp","href":"https:\/\/api.w.org\/{rel}","templated":true}]}}