{"id":4451,"date":"2012-11-05T11:03:37","date_gmt":"2012-11-05T14:03:37","guid":{"rendered":"http:\/\/www.24baires.com\/?p=4451"},"modified":"2012-11-05T11:03:37","modified_gmt":"2012-11-05T14:03:37","slug":"despues-de-una-semana-inundado-ya-esta-liberado-el-acceso-a-la-basilica-de-lujan","status":"publish","type":"post","link":"https:\/\/www.24baires.com\/?p=4451","title":{"rendered":"Despu\u00e9s de una semana inundado, ya est\u00e1 liberado el acceso a la Bas\u00edlica de Luj\u00e1n"},"content":{"rendered":"<p><img data-recalc-dims=\"1\" loading=\"lazy\" decoding=\"async\" class=\"aligncenter size-full wp-image-4454\" title=\"bas\u00edlica inundada\" src=\"https:\/\/i0.wp.com\/www.24baires.com\/wp-content\/uploads\/2012\/11\/bas%C3%ADlica-inundada1.jpg?resize=560%2C335\" alt=\"\" width=\"560\" height=\"335\" srcset=\"https:\/\/i0.wp.com\/www.24baires.com\/wp-content\/uploads\/2012\/11\/bas%C3%ADlica-inundada1.jpg?w=560&amp;ssl=1 560w, https:\/\/i0.wp.com\/www.24baires.com\/wp-content\/uploads\/2012\/11\/bas%C3%ADlica-inundada1.jpg?resize=300%2C179&amp;ssl=1 300w\" sizes=\"auto, (max-width: 560px) 100vw, 560px\" \/><\/p>\n<p>El acceso a la Bas\u00edlica de Luj\u00e1n, que se encontraba anegado tras el desborde del r\u00edo del mismo nombre, qued\u00f3 totalmente liberado al tr\u00e1nsito, informaron hoy autoridades viales.<!--more--><\/p>\n<div>\n<p>La Direcci\u00f3n Nacional de Vialidad (DNV), a trav\u00e9s de un comunicado report\u00f3 que \u00abse encuentra\u00a0totalmente habilitado el acceso a la Bas\u00edlica de Luj\u00e1n, bajada kil\u00f3metro 68 del Acceso Oeste\u00bb.<\/p>\n<p>&nbsp;<\/p>\n<p>\u00abLa obstrucci\u00f3n se debi\u00f3 a la presencia de agua sobre la calzada, por el desborde del r\u00edo Luj\u00e1n\u00bb, agrega.<\/p>\n<\/div>\n","protected":false},"excerpt":{"rendered":"<p>El acceso a la Bas\u00edlica de Luj\u00e1n, que se encontraba anegado tras el desborde del r\u00edo del mismo nombre, qued\u00f3 totalmente liberado al tr\u00e1nsito, informaron hoy autoridades viales.<\/p>\n","protected":false},"author":4,"featured_media":0,"comment_status":"open","ping_status":"open","sticky":false,"template":"","format":"standard","meta":{"_jetpack_newsletter_access":"","_jetpack_dont_email_post_to_subs":false,"_jetpack_newsletter_tier_id":0,"_jetpack_memberships_contains_paywalled_content":false,"_jetpack_memberships_contains_paid_content":false,"footnotes":""},"categories":[38],"tags":[],"class_list":["post-4451","post","type-post","status-publish","format-standard","hentry","category-locales"],"jetpack_featured_media_url":"","jetpack_shortlink":"https:\/\/wp.me\/p2JWE0-19N","jetpack-related-posts":[{"id":4032,"url":"https:\/\/www.24baires.com\/?p=4032","url_meta":{"origin":4451,"position":0},"title":"El r\u00edo Luj\u00e1n super\u00f3 los cuatro metros e inund\u00f3 la zona de la Bas\u00edlica","author":"AF","date":"31\/10\/2012","format":false,"excerpt":"El r\u00edo alcanz\u00f3 un nivel de 4,70 metros a la altura del partido e inund\u00f3 el casco c\u00e9ntrico, la zona hist\u00f3rica de la Bas\u00edlica y sectores de Olivera y J\u00e1uregui. El pico de crecida se espera para las 19.30. El municipio decret\u00f3 el alerta naranja y evacu\u00f3 a unas 300\u2026","rel":"","context":"En \u00abLocales\u00bb","block_context":{"text":"Locales","link":"https:\/\/www.24baires.com\/?cat=38"},"img":{"alt_text":"","src":"https:\/\/i0.wp.com\/www.24baires.com\/wp-content\/uploads\/2012\/10\/luj%C3%A1n.jpg?resize=350%2C200","width":350,"height":200,"srcset":"https:\/\/i0.wp.com\/www.24baires.com\/wp-content\/uploads\/2012\/10\/luj%C3%A1n.jpg?resize=350%2C200 1x, https:\/\/i0.wp.com\/www.24baires.com\/wp-content\/uploads\/2012\/10\/luj%C3%A1n.jpg?resize=525%2C300 1.5x"},"classes":[]},{"id":43479,"url":"https:\/\/www.24baires.com\/?p=43479","url_meta":{"origin":4451,"position":1},"title":"Tras la tormenta volvi\u00f3 a crecer el R\u00edo Luj\u00e1n, con decenas de evacuados","author":"Grupo Sierra","date":"08\/04\/2014","format":false,"excerpt":"Al menos 30 familias se encontraban evacuadas o autoevacuadas hoy en la ciudad bonaerense de Luj\u00e1n como consecuencia de las intensas precipitaciones que provocaron la crecida y desborde del r\u00edo hom\u00f3nimo y el anegamiento de sus barrios aleda\u00f1os. \"La crecida del r\u00edo Luj\u00e1n, que a las 7.00 registraba una altura\u2026","rel":"","context":"En \u00abLocales\u00bb","block_context":{"text":"Locales","link":"https:\/\/www.24baires.com\/?cat=38"},"img":{"alt_text":"inundacion lujan","src":"https:\/\/i0.wp.com\/www.24baires.com\/wp-content\/uploads\/2014\/02\/inundacion-lujan.jpg?resize=350%2C200","width":350,"height":200,"srcset":"https:\/\/i0.wp.com\/www.24baires.com\/wp-content\/uploads\/2014\/02\/inundacion-lujan.jpg?resize=350%2C200 1x, https:\/\/i0.wp.com\/www.24baires.com\/wp-content\/uploads\/2014\/02\/inundacion-lujan.jpg?resize=525%2C300 1.5x"},"classes":[]},{"id":24266,"url":"https:\/\/www.24baires.com\/?p=24266","url_meta":{"origin":4451,"position":2},"title":"Nuevamente Cristina asistir\u00e1 al Tedeum en la Bas\u00edlica de Luj\u00e1n","author":"Grupo Sierra","date":"24\/05\/2013","format":false,"excerpt":"Con motivo de un nuevo aniversario de la Revoluci\u00f3n de Mayo, la Presidenta asistir\u00e1 ma\u00f1ana al mediod\u00eda a la celebraci\u00f3n del Tedeum en la bas\u00edlica de Nuestra Se\u00f1ora de Luj\u00e1n. De esta manera, la mandataria vuelve a participar de la celebraci\u00f3n tal como lo hizo en 2010. La presidenta Cristina\u2026","rel":"","context":"En \u00abPol\u00edtica\u00bb","block_context":{"text":"Pol\u00edtica","link":"https:\/\/www.24baires.com\/?cat=51"},"img":{"alt_text":"","src":"","width":0,"height":0},"classes":[]},{"id":40081,"url":"https:\/\/www.24baires.com\/?p=40081","url_meta":{"origin":4451,"position":3},"title":"Todav\u00eda quedan 150 evacuados tras el temporal y las aguas bajan lentamente","author":"GB","date":"08\/02\/2014","format":false,"excerpt":"LUJ\u00c1N-Los evacuados permanec\u00edan alojadas en distintos centros de la ciudad, donde las aguas anegaron barrios enteros y llegaron hasta las proximidades de la Bas\u00edlica, en tanto el r\u00edo se encuentra en bajante, aseguraron fuentes del municipio. \"Mantenemos un total aproximado de 150 evacuados en Luj\u00e1n y en la localidad de\u2026","rel":"","context":"En \u00abSociedad\u00bb","block_context":{"text":"Sociedad","link":"https:\/\/www.24baires.com\/?cat=1"},"img":{"alt_text":"evacuados en lujan","src":"https:\/\/i0.wp.com\/www.24baires.com\/wp-content\/uploads\/2014\/02\/evacuados-en-lujan-300x199.jpg?resize=350%2C200","width":350,"height":200},"classes":[]},{"id":63361,"url":"https:\/\/www.24baires.com\/?p=63361","url_meta":{"origin":4451,"position":4},"title":"Lleg\u00f3 a la Bas\u00edlica de Luj\u00e1n la \u00ababuela peregrina\u00bb","author":"AF","date":"19\/03\/2015","format":false,"excerpt":"Emma Morosini, de 91 a\u00f1os y conocida como la \u201cabuela peregrina\u201d, lleg\u00f3 hoy a la Bas\u00edlica de Luj\u00e1n en el final de su recorrido de m\u00e1s de 1.200 kil\u00f3metros por la paz que arranc\u00f3 a finales de diciembre en Tucum\u00e1n. \u201cEstoy muy feliz\u201d, se\u00f1al\u00f3 la mujer que a las 9.17\u2026","rel":"","context":"En \u00abSociedad\u00bb","block_context":{"text":"Sociedad","link":"https:\/\/www.24baires.com\/?cat=1"},"img":{"alt_text":"emma morosini","src":"https:\/\/i0.wp.com\/www.24baires.com\/wp-content\/uploads\/2015\/03\/emma-morosini.jpg?resize=350%2C200","width":350,"height":200,"srcset":"https:\/\/i0.wp.com\/www.24baires.com\/wp-content\/uploads\/2015\/03\/emma-morosini.jpg?resize=350%2C200 1x, https:\/\/i0.wp.com\/www.24baires.com\/wp-content\/uploads\/2015\/03\/emma-morosini.jpg?resize=525%2C300 1.5x"},"classes":[]},{"id":40021,"url":"https:\/\/www.24baires.com\/?p=40021","url_meta":{"origin":4451,"position":5},"title":"Un muerto y m\u00e1s de 2 mil evacuados por el temporal en la Provincia","author":"GB","date":"07\/02\/2014","format":false,"excerpt":"Una mujer muri\u00f3 al ser arrastrada por la corriente del arroyo Las Piedras, que desbord\u00f3 en Rafael Calzada, mientras que 60 personas fueron evacuadas en Luj\u00e1n y otras 100 en Berisso por las fuertes lluvias. \"La mujer fue advertida de que era peligroso que cruzara por ese puente por los\u2026","rel":"","context":"En \u00abSociedad\u00bb","block_context":{"text":"Sociedad","link":"https:\/\/www.24baires.com\/?cat=1"},"img":{"alt_text":"","src":"","width":0,"height":0},"classes":[]}],"jetpack_sharing_enabled":true,"jetpack_likes_enabled":true,"_links":{"self":[{"href":"https:\/\/www.24baires.com\/index.php?rest_route=\/wp\/v2\/posts\/4451","targetHints":{"allow":["GET"]}}],"collection":[{"href":"https:\/\/www.24baires.com\/index.php?rest_route=\/wp\/v2\/posts"}],"about":[{"href":"https:\/\/www.24baires.com\/index.php?rest_route=\/wp\/v2\/types\/post"}],"author":[{"embeddable":true,"href":"https:\/\/www.24baires.com\/index.php?rest_route=\/wp\/v2\/users\/4"}],"replies":[{"embeddable":true,"href":"https:\/\/www.24baires.com\/index.php?rest_route=%2Fwp%2Fv2%2Fcomments&post=4451"}],"version-history":[{"count":4,"href":"https:\/\/www.24baires.com\/index.php?rest_route=\/wp\/v2\/posts\/4451\/revisions"}],"predecessor-version":[{"id":4458,"href":"https:\/\/www.24baires.com\/index.php?rest_route=\/wp\/v2\/posts\/4451\/revisions\/4458"}],"wp:attachment":[{"href":"https:\/\/www.24baires.com\/index.php?rest_route=%2Fwp%2Fv2%2Fmedia&parent=4451"}],"wp:term":[{"taxonomy":"category","embeddable":true,"href":"https:\/\/www.24baires.com\/index.php?rest_route=%2Fwp%2Fv2%2Fcategories&post=4451"},{"taxonomy":"post_tag","embeddable":true,"href":"https:\/\/www.24baires.com\/index.php?rest_route=%2Fwp%2Fv2%2Ftags&post=4451"}],"curies":[{"name":"wp","href":"https:\/\/api.w.org\/{rel}","templated":true}]}}