{"id":4445,"date":"2012-11-05T10:47:33","date_gmt":"2012-11-05T13:47:33","guid":{"rendered":"http:\/\/www.24baires.com\/?p=4445"},"modified":"2012-11-05T10:47:33","modified_gmt":"2012-11-05T13:47:33","slug":"con-promesas-politicas-don-bosco-cumplio-83-anos","status":"publish","type":"post","link":"https:\/\/www.24baires.com\/?p=4445","title":{"rendered":"Con promesas pol\u00edticas, Don Bosco cumpli\u00f3 83 a\u00f1os"},"content":{"rendered":"<p><img data-recalc-dims=\"1\" loading=\"lazy\" decoding=\"async\" class=\"alignleft size-medium wp-image-4446\" title=\"don bosco 83\" src=\"https:\/\/i0.wp.com\/www.24baires.com\/wp-content\/uploads\/2012\/11\/don-bosco-83.jpg?resize=300%2C225\" alt=\"\" width=\"300\" height=\"225\" srcset=\"https:\/\/i0.wp.com\/www.24baires.com\/wp-content\/uploads\/2012\/11\/don-bosco-83.jpg?resize=300%2C225&amp;ssl=1 300w, https:\/\/i0.wp.com\/www.24baires.com\/wp-content\/uploads\/2012\/11\/don-bosco-83.jpg?w=560&amp;ssl=1 560w\" sizes=\"auto, (max-width: 300px) 100vw, 300px\" \/>El domingo se realiz\u00f3 el festejo de los 83 a\u00f1os de la fundaci\u00f3n de la ciudad de Don Bosco, con la presencia del intendente municipal, Francisco Guti\u00e9rrez. El padre Benjam\u00edn presidi\u00f3 la misa en la plaza Manuel Belgrano, tras lo cual hablaron el presidente de la Sociedad de Fomento Don Bosco, Carlos L\u00f3pez Carbonari y del Jefe Comunal. El cierre fue el desfile de escuelas, instituciones vecinales y entidades tradicionalistas, quienes marcharon por Uriburu entre Jos\u00e9 Ingenieros y Agust\u00edn \u00c1lvarez.<!--more--><br \/>\nEn su discurso Guti\u00e9rrez puso especial \u00e9nfasis en subrayar a los pioneros de Don Bosco \u00aben un acontecimiento producido por un presidente de la Naci\u00f3n democr\u00e1tico, muy reconocido en la historia argentina como don Hip\u00f3lito Yrigoyen\u00bb.<br \/>\nAsimismo el Jefe Comunal hizo promesas de obras como un bajo v\u00edas para la localidad. \u00abUno de los temas que ha vuelto a presentarse y que lleva veinte a\u00f1os, es el bajo v\u00edas. Nuevamente hemos insistido ante las autoridades y esperamos que junto al de Bernal, el de Don Bosco sea una de las prioridades del a\u00f1o pr\u00f3ximo, dentro de las inversiones de obras que tiene la Provincia y el Ministerio de Planificaci\u00f3n de la Naci\u00f3n\u00bb.<br \/>\nTambi\u00e9n habl\u00f3 del mejoramiento del centro de Don Bosco, y nuevos puestos policiales. En este ultimo punto marc\u00f3 que \u00abya lo hemos charlado y falta que la Provincia, a trav\u00e9s del Ministerio de Seguridad, pueda concretarlo y dictaminar la resoluci\u00f3n de apertura de un nuevo destacamento policial. Nos encargaremos de hacerlo a la brevedad para garantizar mayor seguridad\u00bb y destac\u00f3 que \u00abcolaboramos permanentemente con la seguridad, y las c\u00e1maras y la patrulla urbana funcionan a pleno y esperamos ampliarlas el a\u00f1o pr\u00f3ximo\u00bb.<br \/>\nGuti\u00e9rrez tambi\u00e9n habl\u00f3 sobre la delegaci\u00f3n municipal para Don Bosco y dijo que \u00abser\u00eda importante que se concrete una comisi\u00f3n asesora de entidades y vecinos, dentro de la delegaci\u00f3n, para que las decisiones que tomemos no sean exclusivas del gobierno sino el resultado de un grupo de asesores, vecinos y entidades representativas, a fin de programar las prioridades que se ir\u00e1n resolviendo en forma paulatina\u00bb.<br \/>\nAsimismo, en el discurso se ocup\u00f3 de los dos barrios precarios que existen en la ciudad -Itat\u00ed y Azul- y prometi\u00f3 trabajar \u00abpara resolver la urbanizaci\u00f3n. Hay dos proyectos de vivienda aprobados, listos para iniciar su ejecuci\u00f3n, transform\u00e1ndoles en barrios que se integren al resto de la comunidad. Esperamos contar con la colaboraci\u00f3n de vecinos y entidades representativas de ambos para que esos dos barrios se concreten. Tenemos la financiaci\u00f3n y s\u00f3lo necesitamos el consenso de los vecinos para iniciar las obras, lo que dar\u00e1 a Don Bosco mucho mayor impulso. Con esos dos barrios urbanizados, con las proyecciones de la costa Bernal-Don Bosco, seguramente se va a transformar en una de las ciudades con mayor crecimiento en Quilmes\u00bb, explic\u00f3 el intendente sobre uno de los proyectos m\u00e1s ambiciosos para la zona y que cambiar\u00e1 la fisonom\u00eda de la zona en su totalidad.<br \/>\nL\u00f3pez Carbonari, presidente de la SF Don Bosco, destac\u00f3 el acontecimiento y el homenaje a los vecinos pioneros de \u00abla primera ciudad que llev\u00f3 el nombre del santo turin\u00e9s\u00bb. Resalt\u00f3 la presencia de las instituciones como la Biblioteca Popular Don Bosco, Club Don Bosco, Asociaci\u00f3n Deportiva y Cultural Libertad, Junta Vecinal Barrio Parque Don Bosco (para todos \u00abel quincho\u00bb), Club de Leones de Don Bosco, Mujeres En Comunidad (MEC), Grupo Scout Jos\u00e9 Hern\u00e1ndez y establecimientos educacionales, as\u00ed como entidades tradicionalistas, los coleccionistas de autom\u00f3viles antiguos, los bomberos de Bernal, la banda de Bomberos Voluntarios de Solano, las fuerzas de seguridad.<\/p>\n","protected":false},"excerpt":{"rendered":"<p>El domingo se realiz\u00f3 el festejo de los 83 a\u00f1os de la fundaci\u00f3n de la ciudad de Don Bosco, con la presencia del intendente municipal, Francisco Guti\u00e9rrez. El padre Benjam\u00edn presidi\u00f3 la misa en la plaza Manuel Belgrano, tras lo cual hablaron el presidente de la Sociedad de Fomento Don Bosco, Carlos L\u00f3pez Carbonari y del Jefe Comunal. El cierre [&#8230;]<\/p>\n","protected":false},"author":4,"featured_media":0,"comment_status":"open","ping_status":"open","sticky":false,"template":"","format":"standard","meta":{"_jetpack_newsletter_access":"","_jetpack_dont_email_post_to_subs":false,"_jetpack_newsletter_tier_id":0,"_jetpack_memberships_contains_paywalled_content":false,"_jetpack_memberships_contains_paid_content":false,"footnotes":""},"categories":[38],"tags":[],"class_list":["post-4445","post","type-post","status-publish","format-standard","hentry","category-locales"],"jetpack_featured_media_url":"","jetpack_shortlink":"https:\/\/wp.me\/p2JWE0-19H","jetpack-related-posts":[{"id":84916,"url":"https:\/\/www.24baires.com\/?p=84916","url_meta":{"origin":4445,"position":0},"title":"Mar del Plata: imputan a dos hermanos por las pintadas contra Arroyo","author":"AF","date":"13\/07\/2016","format":false,"excerpt":"Dos hermanos de 24 y 27 a\u00f1os fueron procesados por la Justicia por existir pruebas de ser los autores de la pintada amenazante frente a la casa del intendente municipal de Mar del Plata Carlos Arroyo. Ayer por la tarde personal policial encabezado por el propio jefe departamental Carlos Testini\u2026","rel":"","context":"En \u00abLocales\u00bb","block_context":{"text":"Locales","link":"https:\/\/www.24baires.com\/?cat=38"},"img":{"alt_text":"balas arroyo","src":"https:\/\/i0.wp.com\/www.24baires.com\/wp-content\/uploads\/2016\/07\/balas-arroyo.jpg?resize=350%2C200","width":350,"height":200,"srcset":"https:\/\/i0.wp.com\/www.24baires.com\/wp-content\/uploads\/2016\/07\/balas-arroyo.jpg?resize=350%2C200 1x, https:\/\/i0.wp.com\/www.24baires.com\/wp-content\/uploads\/2016\/07\/balas-arroyo.jpg?resize=525%2C300 1.5x"},"classes":[]},{"id":112680,"url":"https:\/\/www.24baires.com\/?p=112680","url_meta":{"origin":4445,"position":1},"title":"Vot\u00f3 Vidal y todav\u00eda mantiene la esperanza","author":"GB","date":"27\/10\/2019","format":false,"excerpt":"Luego de desayunar con su familia, la mandataria bonaerense vot\u00f3 en el Colegio Parroquial Don Bosco del partido de Mor\u00f3n, donde asegur\u00f3 que \"est\u00e1 garantizada la transparencia de los comicios\". La Gobernadora de la provincia de Buenos Aires, Mar\u00eda Eugenia Vidal, emiti\u00f3 su voto en el Colegio Parroquial Don Bosco\u2026","rel":"","context":"En \u00abELECCIONES 2019\u00bb","block_context":{"text":"ELECCIONES 2019","link":"https:\/\/www.24baires.com\/?cat=329"},"img":{"alt_text":"","src":"https:\/\/i0.wp.com\/www.24baires.com\/wp-content\/uploads\/2019\/10\/voto-vidal.jpg?resize=350%2C200","width":350,"height":200,"srcset":"https:\/\/i0.wp.com\/www.24baires.com\/wp-content\/uploads\/2019\/10\/voto-vidal.jpg?resize=350%2C200 1x, https:\/\/i0.wp.com\/www.24baires.com\/wp-content\/uploads\/2019\/10\/voto-vidal.jpg?resize=525%2C300 1.5x"},"classes":[]},{"id":100191,"url":"https:\/\/www.24baires.com\/?p=100191","url_meta":{"origin":4445,"position":2},"title":"Mar del Plata: detienen a un jubilado acusado de matar a un hombre en un bar","author":"AF","date":"26\/01\/2018","format":false,"excerpt":"Un hombre, conocido como \"el viejo Rojas\", fue detenido en las \u00faltimas horas por la Polic\u00eda de la provincia de Buenos Aires en el marco del Operativo Sol 2018, acusado de ser el autor material del crimen de Miguel Alberto Ftacla, de 53 a\u00f1os, baleado el pasado 23 de septiembre\u2026","rel":"","context":"En \u00abPoliciales\u00bb","block_context":{"text":"Policiales","link":"https:\/\/www.24baires.com\/?cat=49"},"img":{"alt_text":"","src":"https:\/\/i0.wp.com\/www.24baires.com\/wp-content\/uploads\/2017\/02\/polic%C3%ADa.jpg?resize=350%2C200","width":350,"height":200,"srcset":"https:\/\/i0.wp.com\/www.24baires.com\/wp-content\/uploads\/2017\/02\/polic%C3%ADa.jpg?resize=350%2C200 1x, https:\/\/i0.wp.com\/www.24baires.com\/wp-content\/uploads\/2017\/02\/polic%C3%ADa.jpg?resize=525%2C300 1.5x"},"classes":[]},{"id":43494,"url":"https:\/\/www.24baires.com\/?p=43494","url_meta":{"origin":4445,"position":3},"title":"Sorpresa y protesta por el \u00abcr\u00e1ter\u00bb de Ramos Mej\u00eda","author":"Grupo Sierra","date":"08\/04\/2014","format":false,"excerpt":"El asfalto de la Avenida Palacios cedi\u00f3 por la fuerte inundaci\u00f3n y volvi\u00f3 a dejar al aire libre al arroyo Maldonado. El asfalto de la Avenida Palacios, entre las calles Pepir\u00ed y Aconcagua, cedi\u00f3 por las fuertes lluvias y se form\u00f3 un gran cr\u00e1ter en el medio de la calle,\u2026","rel":"","context":"En \u00abLocales\u00bb","block_context":{"text":"Locales","link":"https:\/\/www.24baires.com\/?cat=38"},"img":{"alt_text":"ramos","src":"https:\/\/i0.wp.com\/www.24baires.com\/wp-content\/uploads\/2014\/04\/ramos-300x166.jpg?resize=350%2C200","width":350,"height":200},"classes":[]},{"id":27224,"url":"https:\/\/www.24baires.com\/?p=27224","url_meta":{"origin":4445,"position":4},"title":"La Provincia promocionar\u00e1 en Roma un circuito tur\u00edstico basado en el Papa Francisco","author":"Grupo Sierra","date":"30\/06\/2013","format":false,"excerpt":"La Secretar\u00eda de Turismo de la provincia de Buenos Aires presentar\u00e1 esta semana en Roma \"Los Senderos del Papa Francisco\", un circuito tur\u00edstico que recorre algunos de los lugares donde vivi\u00f3 y estudi\u00f3 el m\u00e1ximo referente de la Iglesia Cat\u00f3lica. En el marco de una misi\u00f3n que realizar\u00e1 el Inprotur\u2026","rel":"","context":"En \u00abTurismo\u00bb","block_context":{"text":"Turismo","link":"https:\/\/www.24baires.com\/?cat=69"},"img":{"alt_text":"papa pentecostes","src":"https:\/\/i0.wp.com\/www.24baires.com\/wp-content\/uploads\/2013\/05\/papa-pentecostes-300x199.jpg?resize=350%2C200","width":350,"height":200},"classes":[]},{"id":4052,"url":"https:\/\/www.24baires.com\/?p=4052","url_meta":{"origin":4445,"position":5},"title":"Alertan que el rellenado de la ribera del R\u00edo de la Plata causa mayores inundaciones","author":"AF","date":"01\/11\/2012","format":false,"excerpt":"Los vecinos integrantes de la asamblea \u201cNo a la entrega de la costa de Avellaneda y Quilmes\u201d alertaron por el efecto que el rellenado de la zona donde se busca establecer el proyecto Nueva Costa del Plata, con residuos domiciliarios, escombros y ramas, tiene sobre la inundaci\u00f3n de distintas partes\u2026","rel":"","context":"En \u00abLocales\u00bb","block_context":{"text":"Locales","link":"https:\/\/www.24baires.com\/?cat=38"},"img":{"alt_text":"","src":"https:\/\/i0.wp.com\/www.24baires.com\/wp-content\/uploads\/2012\/11\/rellenado-300x225.jpg?resize=350%2C200","width":350,"height":200},"classes":[]}],"jetpack_sharing_enabled":true,"jetpack_likes_enabled":true,"_links":{"self":[{"href":"https:\/\/www.24baires.com\/index.php?rest_route=\/wp\/v2\/posts\/4445","targetHints":{"allow":["GET"]}}],"collection":[{"href":"https:\/\/www.24baires.com\/index.php?rest_route=\/wp\/v2\/posts"}],"about":[{"href":"https:\/\/www.24baires.com\/index.php?rest_route=\/wp\/v2\/types\/post"}],"author":[{"embeddable":true,"href":"https:\/\/www.24baires.com\/index.php?rest_route=\/wp\/v2\/users\/4"}],"replies":[{"embeddable":true,"href":"https:\/\/www.24baires.com\/index.php?rest_route=%2Fwp%2Fv2%2Fcomments&post=4445"}],"version-history":[{"count":1,"href":"https:\/\/www.24baires.com\/index.php?rest_route=\/wp\/v2\/posts\/4445\/revisions"}],"predecessor-version":[{"id":4447,"href":"https:\/\/www.24baires.com\/index.php?rest_route=\/wp\/v2\/posts\/4445\/revisions\/4447"}],"wp:attachment":[{"href":"https:\/\/www.24baires.com\/index.php?rest_route=%2Fwp%2Fv2%2Fmedia&parent=4445"}],"wp:term":[{"taxonomy":"category","embeddable":true,"href":"https:\/\/www.24baires.com\/index.php?rest_route=%2Fwp%2Fv2%2Fcategories&post=4445"},{"taxonomy":"post_tag","embeddable":true,"href":"https:\/\/www.24baires.com\/index.php?rest_route=%2Fwp%2Fv2%2Ftags&post=4445"}],"curies":[{"name":"wp","href":"https:\/\/api.w.org\/{rel}","templated":true}]}}