{"id":4442,"date":"2012-11-05T10:26:48","date_gmt":"2012-11-05T13:26:48","guid":{"rendered":"http:\/\/www.24baires.com\/?p=4442"},"modified":"2012-11-05T10:26:48","modified_gmt":"2012-11-05T13:26:48","slug":"continua-el-paro-que-demora-la-entrega-de-registros-de-conducir","status":"publish","type":"post","link":"https:\/\/www.24baires.com\/?p=4442","title":{"rendered":"Contin\u00faa el paro que demora la entrega de registros de conducir"},"content":{"rendered":"<p>La medida de fuerza que llevan a cabo los trabajadores de la Direcci\u00f3n de Impresiones del Estado y Bolet\u00edn Oficial (DIEBO), en la ciudad de La Plata, es la causa por la cual en los \u00faltimos d\u00edas se ha demorado la entrega de licencias de conducir.<!--more--><\/p>\n<p>La protesta de los trabajadores gr\u00e1ficos que imprimen el Bolet\u00edn Oficial es en rechazo al recorte de horas extras y ha afectado a todas las dependencias municipales en las cuales se entregan las licencias de conducir.<\/p>\n<p>Las mismas son impresas en los talleres ubicados en la localidad de Tolosa, aunque el tr\u00e1mite, que consta de la revisi\u00f3n m\u00e9dica y oftalmol\u00f3gica, toma de fotograf\u00eda y firma digital, se sigue cumplimentando en cada oficina municipal.<\/p>\n<p>El paro de trabajadores nucleados en el Sindicato Gr\u00e1fico se inici\u00f3 el pasado jueves 18 y desde entonces se dejaron de confeccionar los carnet, estim\u00e1ndose que, de subsanarse el problema en la semana entrante, la normalizaci\u00f3n de la entrega de las licencias demandar\u00eda no menos de 15 d\u00edas.<\/p>\n<p>&nbsp;<\/p>\n","protected":false},"excerpt":{"rendered":"<p>La medida de fuerza que llevan a cabo los trabajadores de la Direcci\u00f3n de Impresiones del Estado y Bolet\u00edn Oficial (DIEBO), en la ciudad de La Plata, es la causa por la cual en los \u00faltimos d\u00edas se ha demorado la entrega de licencias de conducir.<\/p>\n","protected":false},"author":4,"featured_media":0,"comment_status":"open","ping_status":"open","sticky":false,"template":"","format":"standard","meta":{"_jetpack_newsletter_access":"","_jetpack_dont_email_post_to_subs":false,"_jetpack_newsletter_tier_id":0,"_jetpack_memberships_contains_paywalled_content":false,"_jetpack_memberships_contains_paid_content":false,"footnotes":""},"categories":[1],"tags":[],"class_list":["post-4442","post","type-post","status-publish","format-standard","hentry","category-sociedad"],"jetpack_featured_media_url":"","jetpack_shortlink":"https:\/\/wp.me\/p2JWE0-19E","jetpack-related-posts":[{"id":3852,"url":"https:\/\/www.24baires.com\/?p=3852","url_meta":{"origin":4442,"position":0},"title":"Por un protesta gremial est\u00e1 demorada la entrega de licencias de conducir","author":"AF","date":"30\/10\/2012","format":false,"excerpt":"Es por el paro en los talleres de impresi\u00f3n del Bolet\u00edn Oficial, que lleva m\u00e1s de diez d\u00edas. All\u00ed tambi\u00e9n se imprimen los registros de toda la Provincia. El paro de trabajadores de los talleres de impresi\u00f3n del Bolet\u00edn Oficial impacta de manera directa en la entrega de licencias de\u2026","rel":"","context":"En \u00abSociedad\u00bb","block_context":{"text":"Sociedad","link":"https:\/\/www.24baires.com\/?cat=1"},"img":{"alt_text":"","src":"","width":0,"height":0},"classes":[]},{"id":4746,"url":"https:\/\/www.24baires.com\/?p=4746","url_meta":{"origin":4442,"position":1},"title":"Tras el levantamiento del paro comienza a regularizarse la entrega de licencias de conducir","author":"AF","date":"08\/11\/2012","format":false,"excerpt":"Tras haberse reanudado la actividad en la DIEBO (Direcci\u00f3n Provincial de Impresiones del Estado y Bolet\u00edn Oficial) la Jefatura de Gabinete de Ministros inform\u00f3 que se implementar\u00e1 un cronograma reforzado duplicando la capacidad operativa de los talleres para agilizar las impresiones pendientes, entre ellas, la de las licencias de conducir.\u2026","rel":"","context":"En \u00abSociedad\u00bb","block_context":{"text":"Sociedad","link":"https:\/\/www.24baires.com\/?cat=1"},"img":{"alt_text":"","src":"https:\/\/i0.wp.com\/www.24baires.com\/wp-content\/uploads\/2012\/11\/carnet-de-conduci-300x222.jpg?resize=350%2C200","width":350,"height":200},"classes":[]},{"id":4692,"url":"https:\/\/www.24baires.com\/?p=4692","url_meta":{"origin":4442,"position":2},"title":"Se levant\u00f3 el paro de trabajadores de la Imprenta estatal","author":"AF","date":"07\/11\/2012","format":false,"excerpt":"El sector lleg\u00f3 a un acuerdo con el Gobierno y se reanudan los trabajos de impresi\u00f3n del Bolet\u00edn Oficial y registros de conducir. Trabajadores de la Direcci\u00f3n de Impresiones del Estado levantaron este mi\u00e9rcoles la medida de fuerza que manten\u00eda paralizados los talleres donde se imprime el Bolet\u00edn Oficial bonaerense\u2026","rel":"","context":"En \u00abSociedad\u00bb","block_context":{"text":"Sociedad","link":"https:\/\/www.24baires.com\/?cat=1"},"img":{"alt_text":"","src":"","width":0,"height":0},"classes":[]},{"id":5718,"url":"https:\/\/www.24baires.com\/?p=5718","url_meta":{"origin":4442,"position":3},"title":"Aprueban una pr\u00f3rroga para las licencias de conducir por los retrasos en la imprenta","author":"Grupo Sierra","date":"16\/11\/2012","format":false,"excerpt":"El Senado bonaerense aprob\u00f3 ayer un proyecto que propone prorrogar por 180 d\u00edas la validez de las licencias de conducir cuyos vencimientos operan desde el 1 de agosto del a\u00f1o 2012 hasta el 1 de agosto del a\u00f1o 2013 debido al retraso en su otorgamiento por un paro en la\u2026","rel":"","context":"En \u00abProvincia\u00bb","block_context":{"text":"Provincia","link":"https:\/\/www.24baires.com\/?cat=40"},"img":{"alt_text":"","src":"https:\/\/i0.wp.com\/www.24baires.com\/wp-content\/uploads\/2012\/11\/registros-conducir-300x200.jpg?resize=350%2C200","width":350,"height":200},"classes":[]},{"id":4561,"url":"https:\/\/www.24baires.com\/?p=4561","url_meta":{"origin":4442,"position":4},"title":"Paro en Imprenta de la Provincia: sugieren otorgar certificados provisorios para conductores profesionales","author":"AF","date":"06\/11\/2012","format":false,"excerpt":"El concejal platense Jos\u00e9 Arteaga pidi\u00f3 que se extienda un certificado de Renovaci\u00f3n de la licencia de conducir en tr\u00e1mite que les permita circular a los conductores profesionales que no han podido retirar su carnet debido a la medida de fuerza que est\u00e1 llevando a cabo la Direcci\u00f3n de Impresiones\u2026","rel":"","context":"En \u00abSociedad\u00bb","block_context":{"text":"Sociedad","link":"https:\/\/www.24baires.com\/?cat=1"},"img":{"alt_text":"","src":"","width":0,"height":0},"classes":[]},{"id":91296,"url":"https:\/\/www.24baires.com\/?p=91296","url_meta":{"origin":4442,"position":5},"title":"Dividieron a la Provincia para reducir los plazos de entrega de registros de conducir","author":"AF","date":"03\/01\/2017","format":false,"excerpt":"El objetivo de la medida que crea 19 regiones seg\u00fan se explica en la disposici\u00f3n es \"lograr la optimizaci\u00f3n del proceso de emisi\u00f3n e impresi\u00f3n de las licencias\". El gobierno de la provincia de Buenos Aires dividi\u00f3 en 19 las regiones en las que se emitir\u00e1n e imprimir\u00e1n las licencias\u2026","rel":"","context":"En \u00abProvincia\u00bb","block_context":{"text":"Provincia","link":"https:\/\/www.24baires.com\/?cat=40"},"img":{"alt_text":"","src":"https:\/\/i0.wp.com\/www.24baires.com\/wp-content\/uploads\/2012\/11\/carnet-de-conduci.jpg?resize=350%2C200","width":350,"height":200,"srcset":"https:\/\/i0.wp.com\/www.24baires.com\/wp-content\/uploads\/2012\/11\/carnet-de-conduci.jpg?resize=350%2C200 1x, https:\/\/i0.wp.com\/www.24baires.com\/wp-content\/uploads\/2012\/11\/carnet-de-conduci.jpg?resize=525%2C300 1.5x"},"classes":[]}],"jetpack_sharing_enabled":true,"jetpack_likes_enabled":true,"_links":{"self":[{"href":"https:\/\/www.24baires.com\/index.php?rest_route=\/wp\/v2\/posts\/4442","targetHints":{"allow":["GET"]}}],"collection":[{"href":"https:\/\/www.24baires.com\/index.php?rest_route=\/wp\/v2\/posts"}],"about":[{"href":"https:\/\/www.24baires.com\/index.php?rest_route=\/wp\/v2\/types\/post"}],"author":[{"embeddable":true,"href":"https:\/\/www.24baires.com\/index.php?rest_route=\/wp\/v2\/users\/4"}],"replies":[{"embeddable":true,"href":"https:\/\/www.24baires.com\/index.php?rest_route=%2Fwp%2Fv2%2Fcomments&post=4442"}],"version-history":[{"count":2,"href":"https:\/\/www.24baires.com\/index.php?rest_route=\/wp\/v2\/posts\/4442\/revisions"}],"predecessor-version":[{"id":4444,"href":"https:\/\/www.24baires.com\/index.php?rest_route=\/wp\/v2\/posts\/4442\/revisions\/4444"}],"wp:attachment":[{"href":"https:\/\/www.24baires.com\/index.php?rest_route=%2Fwp%2Fv2%2Fmedia&parent=4442"}],"wp:term":[{"taxonomy":"category","embeddable":true,"href":"https:\/\/www.24baires.com\/index.php?rest_route=%2Fwp%2Fv2%2Fcategories&post=4442"},{"taxonomy":"post_tag","embeddable":true,"href":"https:\/\/www.24baires.com\/index.php?rest_route=%2Fwp%2Fv2%2Ftags&post=4442"}],"curies":[{"name":"wp","href":"https:\/\/api.w.org\/{rel}","templated":true}]}}