{"id":4433,"date":"2012-11-04T22:15:53","date_gmt":"2012-11-05T01:15:53","guid":{"rendered":"http:\/\/www.24baires.com\/?p=4433"},"modified":"2012-11-04T22:15:53","modified_gmt":"2012-11-05T01:15:53","slug":"frente-a-la-suba-de-tarifas-reclaman-declarar-servicio-publico-a-la-telefonia-movil","status":"publish","type":"post","link":"https:\/\/www.24baires.com\/?p=4433","title":{"rendered":"Frente a la suba de tarifas, reclaman declarar servicio p\u00fablico a la telefon\u00eda m\u00f3vil"},"content":{"rendered":"<p>Ante un nuevo aumento en las tarifas de empresas de telefon\u00eda celular, la Asociaci\u00f3n Consumidores Responsables reclam\u00f3 la declaraci\u00f3n de la telefon\u00eda celular como Servicio P\u00fablico, normativa que implicar\u00eda un r\u00e9gimen de protecci\u00f3n para el usuario.<!--more--><\/p>\n<p>El titular de Consumidores Responsables, Henry Stegmayer, explic\u00f3 que esto obligar\u00eda a las empresas a \u201csometerse a un marco regulatorio que asegure los caracteres de todo servicio p\u00fablico: generalidad, uniformidad, regularidad, obligatoriedad y continuidad\u201d.<\/p>\n<p>Stegmayer sostuvo adem\u00e1s que la Secretar\u00eda de Comunicaciones de la Naci\u00f3n debe \u201csancionar una resoluci\u00f3n para que las compa\u00f1\u00edas est\u00e9n obligadas a fraccionar las llamadas por segundo y no por minuto, como ocurre actualmente al momento de facturar\u201d.<\/p>\n<p>Para Stegmayer, esto es \u201cuna lisa y vulgar estafa porque nos cobran por un servicio que no nos prestan. Esta resoluci\u00f3n deber\u00e1 contener adem\u00e1s la devoluci\u00f3n de los montos mal cobrados en los \u00faltimos diez a\u00f1os\u201d.<\/p>\n<p>D\u00edas atr\u00e1s, la empresa Movistar anunci\u00f3 mediante una solicitada en medios gr\u00e1ficos que sus tarifas se incrementar\u00e1n un 12 por ciento a partir del 4 de diciembre pr\u00f3ximo. Este aumento se suma al de Personal, que comenzar\u00e1 a regir en los pr\u00f3ximos d\u00edas, y si bien Claro no comunic\u00f3 a\u00fan ning\u00fan cambio, sus promociones vencieron el 31 octubre as\u00ed que, considerando los dos meses de preaviso, podr\u00eda actualizar sus tarifas desde principios de febrero, especul\u00f3 la organizaci\u00f3n de consumidores en un comunicado.<\/p>\n<p>\u201cMientras seguimos esperando que realicen las inversiones para brindar un servicio acorde a lo que cobran, por el fraccionamiento del minuto y la declaraci\u00f3n de servicio p\u00fablico, las empresas siguen aumentando las tarifas\u201d, expres\u00f3 el ex diputado provincial.<\/p>\n<p>Stegmayer asegur\u00f3 que \u201cla telefon\u00eda celular constituye la principal fuente de recursos de las empresas telef\u00f3nicas porque los precios no est\u00e1n regulados\u201d, y agreg\u00f3 que \u201cno existe tal regulaci\u00f3n toda vez que la legislaci\u00f3n no la considera un servicio p\u00fablico\u201d.<br \/>\nPor \u00faltimo, recomend\u00f3 a los usuarios \u201crealizar un permanente control de las facturas porque las empresas cambian los planes de manera unilateral e inconsulta generando mayores gastos o cobrando servicios que no prestan\u201d.<\/p>\n","protected":false},"excerpt":{"rendered":"<p>Ante un nuevo aumento en las tarifas de empresas de telefon\u00eda celular, la Asociaci\u00f3n Consumidores Responsables reclam\u00f3 la declaraci\u00f3n de la telefon\u00eda celular como Servicio P\u00fablico, normativa que implicar\u00eda un r\u00e9gimen de protecci\u00f3n para el usuario.<\/p>\n","protected":false},"author":11,"featured_media":0,"comment_status":"open","ping_status":"open","sticky":false,"template":"","format":"standard","meta":{"_jetpack_newsletter_access":"","_jetpack_dont_email_post_to_subs":false,"_jetpack_newsletter_tier_id":0,"_jetpack_memberships_contains_paywalled_content":false,"_jetpack_memberships_contains_paid_content":false,"footnotes":""},"categories":[45],"tags":[],"class_list":["post-4433","post","type-post","status-publish","format-standard","hentry","category-economia"],"jetpack_featured_media_url":"","jetpack_shortlink":"https:\/\/wp.me\/p2JWE0-19v","jetpack-related-posts":[{"id":13500,"url":"https:\/\/www.24baires.com\/?p=13500","url_meta":{"origin":4433,"position":0},"title":"Luego de un nuevo aumento, piden que la telefon\u00eda m\u00f3vil sea declarada como servicio p\u00fablico","author":"AF","date":"25\/01\/2013","format":false,"excerpt":"Ante un nuevo aumento en las tarifas de las empresas de telefon\u00eda celular, desde la asociaci\u00f3n Consumidores Responsables reiteraron el reclamo que las empresas fraccionen las llamadas por segundo y para que el Gobierno declare a la Telefon\u00eda Celular como servicio p\u00fablico. Seg\u00fan explicaron, esto implicar\u00e1 establecer un r\u00e9gimen de\u2026","rel":"","context":"En \u00abEconom\u00eda\u00bb","block_context":{"text":"Econom\u00eda","link":"https:\/\/www.24baires.com\/?cat=45"},"img":{"alt_text":"celulares cooperativos","src":"https:\/\/i0.wp.com\/www.24baires.com\/wp-content\/uploads\/2012\/09\/celulares-cooperativos-300x179.jpg?resize=350%2C200","width":350,"height":200},"classes":[]},{"id":40713,"url":"https:\/\/www.24baires.com\/?p=40713","url_meta":{"origin":4433,"position":1},"title":"Piden que las empresas telef\u00f3nicas devuelvan un a\u00f1o de tarifas","author":"Grupo Sierra","date":"19\/02\/2014","format":false,"excerpt":"El titular de la Asociaci\u00f3n de Consumidores Responsables de La Plata, Henry Stegmayer, se refiri\u00f3 al nuevo cuadro tarifario implementado por las compa\u00f1\u00edas de telefon\u00eda celular y se\u00f1al\u00f3 que hasta ahora \u201clas empresas de alguna manera estaban estafando\u201d a los usuarios. \"Nos tendr\u00edan que devolver un a\u00f1o de abono\", dijo.\u2026","rel":"","context":"En \u00abEconom\u00eda\u00bb","block_context":{"text":"Econom\u00eda","link":"https:\/\/www.24baires.com\/?cat=45"},"img":{"alt_text":"celulares cooperativos","src":"https:\/\/i0.wp.com\/www.24baires.com\/wp-content\/uploads\/2012\/09\/celulares-cooperativos.jpg?resize=350%2C200","width":350,"height":200,"srcset":"https:\/\/i0.wp.com\/www.24baires.com\/wp-content\/uploads\/2012\/09\/celulares-cooperativos.jpg?resize=350%2C200 1x, https:\/\/i0.wp.com\/www.24baires.com\/wp-content\/uploads\/2012\/09\/celulares-cooperativos.jpg?resize=525%2C300 1.5x"},"classes":[]},{"id":18192,"url":"https:\/\/www.24baires.com\/?p=18192","url_meta":{"origin":4433,"position":2},"title":"Aseguran que \u201ces un gran desastre el servicio de telefon\u00eda celular\u201d en La Plata y la regi\u00f3n","author":"AF","date":"12\/03\/2013","format":false,"excerpt":"El titular de la Asociaci\u00f3n de Consumidores Responsables, Henry Stegmayer, expuso que \u201ces un gran desastre el servicio de telefon\u00eda celular, en la pr\u00e1ctica diaria no podemos hacer lo m\u00e1s elemental que es llamar y comunicarnos\u201d. A su vez, plante\u00f3 que la ampliaci\u00f3n del estacionamiento medido en la ciudad \u201cs\u00f3lo\u2026","rel":"","context":"En \u00abSociedad\u00bb","block_context":{"text":"Sociedad","link":"https:\/\/www.24baires.com\/?cat=1"},"img":{"alt_text":"","src":"","width":0,"height":0},"classes":[]},{"id":5170,"url":"https:\/\/www.24baires.com\/?p=5170","url_meta":{"origin":4433,"position":3},"title":"Convocan a un apag\u00f3n de celulares para el 14 de noviembre","author":"Grupo Sierra","date":"12\/11\/2012","format":false,"excerpt":"Diversas organizaciones y usuarios convocan a un apag\u00f3n generalizado de celulares para el pr\u00f3ximo 14 de noviembre de 16 a 17 horas. En las redes sociales ya existe el hashtag #14N para utilizar en Twitter y un grupo en Facebook denominado \"apagoncelular\". Desde Consumidores Responsales adhieren y convocan al apag\u00f3n\u2026","rel":"","context":"En \u00abEconom\u00eda\u00bb","block_context":{"text":"Econom\u00eda","link":"https:\/\/www.24baires.com\/?cat=45"},"img":{"alt_text":"","src":"https:\/\/i0.wp.com\/www.24baires.com\/wp-content\/uploads\/2012\/11\/celular.jpg?resize=350%2C200","width":350,"height":200},"classes":[]},{"id":31644,"url":"https:\/\/www.24baires.com\/?p=31644","url_meta":{"origin":4433,"position":4},"title":"Hasta el 23 de Octube se consultar\u00e1 a usuarios por nuevo reglamento de telefon\u00eda celular","author":"AF","date":"11\/09\/2013","format":false,"excerpt":"El titular de Consumidores Responsables, Henry Stegmayer, elogi\u00f3 el debate participativo pero consider\u00f3 que deber\u00eda ser declarado como \u201cservicio p\u00fablico\u201d. Desde hoy y hasta el 23 de octubre se realizar\u00e1 el proceso de elaboraci\u00f3n participativa de un nuevo reglamento de usuarios de telefon\u00eda m\u00f3vil, a trav\u00e9s del cual se redefinir\u00e1n\u2026","rel":"","context":"En \u00abSociedad\u00bb","block_context":{"text":"Sociedad","link":"https:\/\/www.24baires.com\/?cat=1"},"img":{"alt_text":"","src":"","width":0,"height":0},"classes":[]},{"id":58780,"url":"https:\/\/www.24baires.com\/?p=58780","url_meta":{"origin":4433,"position":5},"title":"Las compa\u00f1\u00edas de celulares lideran el ranking de peores empresas del a\u00f1o","author":"GB","date":"17\/12\/2014","format":false,"excerpt":"De acuerdo a una encuesta realizada durante la primera quincena de diciembre por la ONG bonaerense Consumidores Responsables. En un comunicado, se precis\u00f3 que sobre 1.899 votantes en un sondeo online que se realiz\u00f3 desde la organizaci\u00f3n \"m\u00e1s del 56% consider\u00f3 que las empresas de telefon\u00eda celular fueron las que\u2026","rel":"","context":"En \u00abEconom\u00eda\u00bb","block_context":{"text":"Econom\u00eda","link":"https:\/\/www.24baires.com\/?cat=45"},"img":{"alt_text":"Celulares","src":"https:\/\/i0.wp.com\/www.24baires.com\/wp-content\/uploads\/2013\/09\/Celulares.jpg?resize=350%2C200","width":350,"height":200},"classes":[]}],"jetpack_sharing_enabled":true,"jetpack_likes_enabled":true,"_links":{"self":[{"href":"https:\/\/www.24baires.com\/index.php?rest_route=\/wp\/v2\/posts\/4433","targetHints":{"allow":["GET"]}}],"collection":[{"href":"https:\/\/www.24baires.com\/index.php?rest_route=\/wp\/v2\/posts"}],"about":[{"href":"https:\/\/www.24baires.com\/index.php?rest_route=\/wp\/v2\/types\/post"}],"author":[{"embeddable":true,"href":"https:\/\/www.24baires.com\/index.php?rest_route=\/wp\/v2\/users\/11"}],"replies":[{"embeddable":true,"href":"https:\/\/www.24baires.com\/index.php?rest_route=%2Fwp%2Fv2%2Fcomments&post=4433"}],"version-history":[{"count":4,"href":"https:\/\/www.24baires.com\/index.php?rest_route=\/wp\/v2\/posts\/4433\/revisions"}],"predecessor-version":[{"id":4439,"href":"https:\/\/www.24baires.com\/index.php?rest_route=\/wp\/v2\/posts\/4433\/revisions\/4439"}],"wp:attachment":[{"href":"https:\/\/www.24baires.com\/index.php?rest_route=%2Fwp%2Fv2%2Fmedia&parent=4433"}],"wp:term":[{"taxonomy":"category","embeddable":true,"href":"https:\/\/www.24baires.com\/index.php?rest_route=%2Fwp%2Fv2%2Fcategories&post=4433"},{"taxonomy":"post_tag","embeddable":true,"href":"https:\/\/www.24baires.com\/index.php?rest_route=%2Fwp%2Fv2%2Ftags&post=4433"}],"curies":[{"name":"wp","href":"https:\/\/api.w.org\/{rel}","templated":true}]}}