{"id":44306,"date":"2014-04-20T14:00:27","date_gmt":"2014-04-20T17:00:27","guid":{"rendered":"http:\/\/www.24baires.com\/?p=44306"},"modified":"2014-04-20T18:17:17","modified_gmt":"2014-04-20T21:17:17","slug":"los-traumas-de-fontevecchia","status":"publish","type":"post","link":"https:\/\/www.24baires.com\/?p=44306","title":{"rendered":"Los traumas de Fontevecchia"},"content":{"rendered":"<p><img data-recalc-dims=\"1\" loading=\"lazy\" decoding=\"async\" class=\"aligncenter wp-image-44307\" src=\"https:\/\/i0.wp.com\/www.24baires.com\/wp-content\/uploads\/2014\/04\/fontevecchia.jpg?resize=560%2C310\" alt=\"fontevecchia\" width=\"560\" height=\"310\" srcset=\"https:\/\/i0.wp.com\/www.24baires.com\/wp-content\/uploads\/2014\/04\/fontevecchia.jpg?w=302&amp;ssl=1 302w, https:\/\/i0.wp.com\/www.24baires.com\/wp-content\/uploads\/2014\/04\/fontevecchia.jpg?resize=300%2C165&amp;ssl=1 300w\" sizes=\"auto, (max-width: 560px) 100vw, 560px\" \/>La nota deber\u00eda comenzar con alguien pidiendo, a voz en cuello, \u201c\u00bfUn psic\u00f3logo en la sala?\u201d, porque las tapas que Jorge Fontevecchia le dedica a la Presidenta en la revista Noticias, dan para mucho m\u00e1s que para un simple an\u00e1lisis pol\u00edtico. Pero no poseo las herramientas necesarias para abordar esas im\u00e1genes y sus t\u00edtulos desde una arista psicoanal\u00edtica, apenas puedo pensarlas desde la \u00f3ptica en que siempre intento proponer, con mayor o menor \u00e9xito, algunos debates por aqu\u00ed.<!--more--><\/p>\n<p>\u00bfQu\u00e9 le ocurre a Fontevecchia con Cristina? Me esfuerzo en situar las im\u00e1genes distorsionadas de la mandataria (que \u00e9l intenta hacer pasar por informaci\u00f3n) en un contexto period\u00edstico, pero no creo que se pueda. Lo que se ha hecho en la Revista Noticias, desde hace tiempo, es un ataque violento y directo a la Jefa de Estado. No hay grises, son provocaciones de una connotaci\u00f3n tan agresiva que no tienen nada que ver con la pol\u00edtica ni con el periodismo, solamente pueden relacionarse con una mente perversa, mis\u00f3gina y siniestra.<\/p>\n<p>Pongamos algunos ejemplos para ilustrar esto: \u201cLa reina est\u00e1 desnuda\u201d, un montaje de un cuerpo de una mujer sin ropas y la cabeza Cristina; \u201cEl goce de Cristina\u201d, tapa con caricatura de la mandataria que pretend\u00eda simular un orgasmo; \u201cIntimidades del shock\u201d, que ilustraba el cuello de CFK como si pudi\u00e9ramos verlo con rayos l\u00e1ser, y Noticias nos ofrec\u00eda, cart\u00edlagos, tiroides, tumor y tr\u00e1quea. \u00bfSuficiente? Pero esperen, hay mucho m\u00e1s: \u201cEl negocio de pegarle a Cristina\u201d, tapa que expon\u00eda una foto de la presidenta photoshopeada simulando ojos en compota, moretones y lastimaduras en todo su rostro; \u201cEl extra\u00f1o luto de Cristina\u201d, tapa muy elaborada, eso s\u00ed, que compon\u00eda su rostro con decenas y decenas de fotos con su vestimenta en negro. \u00a1Y\u2026 hay m\u00e1s! Esta es incre\u00edble: \u201cLa verdad detr\u00e1s del perro\u201d, en esta tapa el retocado era el peque\u00f1o can blanco que le regalara Maduro, donde hicieron que su dulce hocico se convirtiera en una feroz mueca asesina, mientras descansa en los brazos de la presidenta.<\/p>\n<p>Puede agobiar y hasta parecer improbable semejante cantidad de idiotez, pero no, s\u00f3lo son algunas de las tapas m\u00e1s pat\u00e9ticas y horrendas de Noticias. Y a esa proliferaci\u00f3n de basura debemos sumar la \u00faltima: \u201cV\u00eda Crisis\u201d, donde exponen a una Cristina crucificada en los maderos.<\/p>\n<p>Dejando que los cat\u00f3licos y jud\u00edos se expresen tranquilos con lo referente al motivo religioso y la obvia ofensa a la figura de Cristo, -desde la Iglesia repudiaron esta tapa, as\u00ed como los m\u00e1ximos referentes del juda\u00edsmo en nuestro pa\u00eds-, este nuevo montaje no sorprende, puesto que ya han hecho otras aberraciones de la imagen mostrando el cad\u00e1ver de Eva Per\u00f3n con los rasgos de Cristina, (\u201c\u00bfMuere ella y su relato?\u201d, preguntaban con sa\u00f1a en la nota).<br \/>\nPero, \u00bfqu\u00e9 le ocurre a Fontevecchia? \u00bfQu\u00e9 trauma oscuro lo aqueja con Cristina? Algo terrible le ocurre al palad\u00edn clarinista. Elegir hacer montajes mostrando a una mujer golpeada, desnuda, en poses sexuales, enferma y hasta muerta, no es una casualidad ni un gaje del oficio de periodista opositor, es algo m\u00e1s. Hay una perversi\u00f3n que, imagino, debe hasta quitarle el sue\u00f1o a Fontevecchia. Y por ah\u00ed exorciza algo en las tapas de Noticias. Y pierde, porque da tanto asco lo que hace, que oficialistas repudian y no oficialistas, tambi\u00e9n.<\/p>\n<p>Hacete analizar, Jorge. Golpear, desnudar, enfermar y hasta matar en papel, parecer\u00eda significar mucho m\u00e1s que ideas para tapas de una revista mediocre y pat\u00e9tica.<\/p>\n<p>&nbsp;<\/p>\n<p>&nbsp;<\/p>\n<p>&nbsp;<\/p>\n<p>&nbsp;<\/p>\n<p>&nbsp;<\/p>\n<p>&nbsp;<\/p>\n<p>&nbsp;<\/p>\n<p>&nbsp;<\/p>\n<p>&nbsp;<\/p>\n<p>&nbsp;<\/p>\n<p>&nbsp;<\/p>\n<p>&nbsp;<\/p>\n","protected":false},"excerpt":{"rendered":"<p>La nota deber\u00eda comenzar con alguien pidiendo, a voz en cuello, \u201c\u00bfUn psic\u00f3logo en la sala?\u201d, porque las tapas que Jorge Fontevecchia le dedica a la Presidenta en la revista Noticias, dan para mucho m\u00e1s que para un simple an\u00e1lisis pol\u00edtico. Pero no poseo las herramientas necesarias para abordar esas im\u00e1genes y sus t\u00edtulos desde una arista psicoanal\u00edtica, apenas puedo [&#8230;]<\/p>\n","protected":false},"author":8,"featured_media":0,"comment_status":"open","ping_status":"open","sticky":false,"template":"","format":"standard","meta":{"_jetpack_newsletter_access":"","_jetpack_dont_email_post_to_subs":false,"_jetpack_newsletter_tier_id":0,"_jetpack_memberships_contains_paywalled_content":false,"_jetpack_memberships_contains_paid_content":false,"footnotes":""},"categories":[64],"tags":[],"class_list":["post-44306","post","type-post","status-publish","format-standard","hentry","category-opinion"],"jetpack_featured_media_url":"","jetpack_shortlink":"https:\/\/wp.me\/p2JWE0-bwC","jetpack-related-posts":[{"id":33118,"url":"https:\/\/www.24baires.com\/?p=33118","url_meta":{"origin":44306,"position":0},"title":"Reporteros Gr\u00e1ficos denunciaron durante el supercl\u00e1sico despidos en Perfil","author":"Grupo Sierra","date":"06\/10\/2013","format":false,"excerpt":"La Asociaci\u00f3n de Reporteros Gr\u00e1ficos de la Rep\u00fablica Argentina (ARGRA) despleg\u00f3 una bandera en la cancha de River hoy antes del supercl\u00e1sico para denunciar que la Editorial Perfil, de Jorge Fontevecchia, quiere reducir al 50 por ciento la planta de fotograf\u00eda. \"No a los despidos de reporteros gr\u00e1ficos en Perfil\",\u2026","rel":"","context":"En \u00abMedios\u00bb","block_context":{"text":"Medios","link":"https:\/\/www.24baires.com\/?cat=54"},"img":{"alt_text":"argra","src":"https:\/\/i0.wp.com\/www.24baires.com\/wp-content\/uploads\/2013\/10\/argra.jpg?resize=350%2C200","width":350,"height":200,"srcset":"https:\/\/i0.wp.com\/www.24baires.com\/wp-content\/uploads\/2013\/10\/argra.jpg?resize=350%2C200 1x, https:\/\/i0.wp.com\/www.24baires.com\/wp-content\/uploads\/2013\/10\/argra.jpg?resize=525%2C300 1.5x"},"classes":[]},{"id":34533,"url":"https:\/\/www.24baires.com\/?p=34533","url_meta":{"origin":44306,"position":1},"title":"\u00abNi Magdalena ni Morales Sol\u00e1 nos representan\u00bb","author":"Grupo Sierra","date":"02\/11\/2013","format":false,"excerpt":"El periodista y abogado Pablo Llonto critic\u00f3 a Magdalena Ruiz Gui\u00f1az\u00fa y a Joaqu\u00edn Morales Sol\u00e1, por presentarse ante la Comisi\u00f3n Interamericana de los Derechos Humanos (CIDH) denunciando limitaciones a la libertad de expresi\u00f3n en Argentina. \"Ni Magdalena, ni Morales Sol\u00e1 nos representan, si los tuviera enfrente les preguntar\u00eda \u00bfY\u2026","rel":"","context":"En \u00abMedios\u00bb","block_context":{"text":"Medios","link":"https:\/\/www.24baires.com\/?cat=54"},"img":{"alt_text":"llonto","src":"https:\/\/i0.wp.com\/www.24baires.com\/wp-content\/uploads\/2013\/11\/llonto.jpg?resize=350%2C200","width":350,"height":200,"srcset":"https:\/\/i0.wp.com\/www.24baires.com\/wp-content\/uploads\/2013\/11\/llonto.jpg?resize=350%2C200 1x, https:\/\/i0.wp.com\/www.24baires.com\/wp-content\/uploads\/2013\/11\/llonto.jpg?resize=525%2C300 1.5x"},"classes":[]},{"id":6810,"url":"https:\/\/www.24baires.com\/?p=6810","url_meta":{"origin":44306,"position":2},"title":"El CELS se har\u00e1 cargo de la defensa de los periodistas denunciados por Clar\u00edn","author":"AF","date":"26\/11\/2012","format":false,"excerpt":"El Centro de Estudios Legales y Sociales (CELS) anunciar\u00e1 este lunes que asumir\u00e1 la defensa de Roberto Caballero, Sandra Russo, Nora Veiras, Javier Vicente, Edgardo Mocca y Orlando Barone, quienes fueron denunciados penalmente por el grupo. La decisi\u00f3n fue difundida por medio de un comunicado de prensa firmado por su\u2026","rel":"","context":"En \u00abMedios\u00bb","block_context":{"text":"Medios","link":"https:\/\/www.24baires.com\/?cat=54"},"img":{"alt_text":"","src":"https:\/\/i0.wp.com\/www.24baires.com\/wp-content\/uploads\/2012\/11\/Verbitsky.jpg?resize=350%2C200","width":350,"height":200,"srcset":"https:\/\/i0.wp.com\/www.24baires.com\/wp-content\/uploads\/2012\/11\/Verbitsky.jpg?resize=350%2C200 1x, https:\/\/i0.wp.com\/www.24baires.com\/wp-content\/uploads\/2012\/11\/Verbitsky.jpg?resize=525%2C300 1.5x"},"classes":[]},{"id":3211,"url":"https:\/\/www.24baires.com\/?p=3211","url_meta":{"origin":44306,"position":3},"title":"Reclaman a Fontevecchia que reincorpore a los trabajadores despedidos","author":"Grupo Sierra","date":"25\/10\/2012","format":false,"excerpt":"Trabajadores de la Editorial Perfil reclamaron este jueves por la reincorporaci\u00f3n de 21 empleados despedidos y por la adopci\u00f3n del convenio colectivo de trabajo firmado este a\u00f1o. \"Pedimos que la empresa revea su postura y reincorpore definitivamente a los 21 compa\u00f1eros que recibieron el telegrama de despido el martes pasado.\u2026","rel":"","context":"En \u00abMedios\u00bb","block_context":{"text":"Medios","link":"https:\/\/www.24baires.com\/?cat=54"},"img":{"alt_text":"","src":"","width":0,"height":0},"classes":[]},{"id":6893,"url":"https:\/\/www.24baires.com\/?p=6893","url_meta":{"origin":44306,"position":4},"title":"\u00abLos periodistas est\u00e1n denunciados, no fueron citados como testigos\u00bb dijeron desde el CELS","author":"Grupo Sierra","date":"26\/11\/2012","format":false,"excerpt":"El titular del CELS, Horacio Verbistsky, asegur\u00f3 que \"existe una contradicci\u00f3n flagrante entre la denuncia\" formulada por Clar\u00edn contra periodistas y \"la aclaraci\u00f3n del abogado\" del multimedio, a quien acus\u00f3 de mentir porque \"fueron denunciados e igualados con funcionarios\". As\u00ed lo expres\u00f3 esta tarde, al presentarse formalmente en la sede\u2026","rel":"","context":"En \u00abSociedad\u00bb","block_context":{"text":"Sociedad","link":"https:\/\/www.24baires.com\/?cat=1"},"img":{"alt_text":"","src":"https:\/\/i0.wp.com\/www.24baires.com\/wp-content\/uploads\/2012\/11\/conferencia-cels.jpg?resize=350%2C200","width":350,"height":200,"srcset":"https:\/\/i0.wp.com\/www.24baires.com\/wp-content\/uploads\/2012\/11\/conferencia-cels.jpg?resize=350%2C200 1x, https:\/\/i0.wp.com\/www.24baires.com\/wp-content\/uploads\/2012\/11\/conferencia-cels.jpg?resize=525%2C300 1.5x"},"classes":[]},{"id":85757,"url":"https:\/\/www.24baires.com\/?p=85757","url_meta":{"origin":44306,"position":5},"title":"The New York Post publica fotos de la mujer de Trump desnuda en escenas l\u00e9sbicas","author":"Grupo Sierra","date":"01\/08\/2016","format":false,"excerpt":"El diario de Estados Unidos difunde bajo el titular de 'Menage a Trump' una serie de im\u00e1genes en las que la mujer del aspirante a ocupar la Casa Blanca posa desnuda. Las fotograf\u00edas se publicaron originalmente en la revista francesa 'Max Magazine' en 1996. Nuevo esc\u00e1ndalo en la campa\u00f1a electoral\u2026","rel":"","context":"En \u00abInternacionales\u00bb","block_context":{"text":"Internacionales","link":"https:\/\/www.24baires.com\/?cat=73"},"img":{"alt_text":"trump mujer","src":"https:\/\/i0.wp.com\/www.24baires.com\/wp-content\/uploads\/2016\/08\/trump-mujer.jpg?resize=350%2C200","width":350,"height":200,"srcset":"https:\/\/i0.wp.com\/www.24baires.com\/wp-content\/uploads\/2016\/08\/trump-mujer.jpg?resize=350%2C200 1x, https:\/\/i0.wp.com\/www.24baires.com\/wp-content\/uploads\/2016\/08\/trump-mujer.jpg?resize=525%2C300 1.5x"},"classes":[]}],"jetpack_sharing_enabled":true,"jetpack_likes_enabled":true,"_links":{"self":[{"href":"https:\/\/www.24baires.com\/index.php?rest_route=\/wp\/v2\/posts\/44306","targetHints":{"allow":["GET"]}}],"collection":[{"href":"https:\/\/www.24baires.com\/index.php?rest_route=\/wp\/v2\/posts"}],"about":[{"href":"https:\/\/www.24baires.com\/index.php?rest_route=\/wp\/v2\/types\/post"}],"author":[{"embeddable":true,"href":"https:\/\/www.24baires.com\/index.php?rest_route=\/wp\/v2\/users\/8"}],"replies":[{"embeddable":true,"href":"https:\/\/www.24baires.com\/index.php?rest_route=%2Fwp%2Fv2%2Fcomments&post=44306"}],"version-history":[{"count":2,"href":"https:\/\/www.24baires.com\/index.php?rest_route=\/wp\/v2\/posts\/44306\/revisions"}],"predecessor-version":[{"id":44338,"href":"https:\/\/www.24baires.com\/index.php?rest_route=\/wp\/v2\/posts\/44306\/revisions\/44338"}],"wp:attachment":[{"href":"https:\/\/www.24baires.com\/index.php?rest_route=%2Fwp%2Fv2%2Fmedia&parent=44306"}],"wp:term":[{"taxonomy":"category","embeddable":true,"href":"https:\/\/www.24baires.com\/index.php?rest_route=%2Fwp%2Fv2%2Fcategories&post=44306"},{"taxonomy":"post_tag","embeddable":true,"href":"https:\/\/www.24baires.com\/index.php?rest_route=%2Fwp%2Fv2%2Ftags&post=44306"}],"curies":[{"name":"wp","href":"https:\/\/api.w.org\/{rel}","templated":true}]}}