{"id":4424,"date":"2012-11-04T20:20:35","date_gmt":"2012-11-04T23:20:35","guid":{"rendered":"http:\/\/www.24baires.com\/?p=4424"},"modified":"2012-11-04T20:30:55","modified_gmt":"2012-11-04T23:30:55","slug":"olavarria-por-falta-de-docentes-en-2013-abririan-profesorado-de-geografia-y-de-historia","status":"publish","type":"post","link":"https:\/\/www.24baires.com\/?p=4424","title":{"rendered":"Olavarr\u00eda: por falta de docentes, en 2013 abrir\u00edan profesorado de Geograf\u00eda y de Historia"},"content":{"rendered":"<p>El Consejo Regional de Directores pidi\u00f3 que el Profesorado en Ciencias Sociales se dicte en el Instituto de Formaci\u00f3n Docente 22. Necesidad, disponibilidad e inter\u00e9s son las variables que juegan a favor para que se apruebe la solicitud.<!--more--><br \/>\nDe dos a\u00f1os a esta parte faltan en Olavarr\u00eda profesores de las \u00e1reas de ciencias sociales, especialmente de la c\u00e1tedra de geograf\u00eda. Desde tres organismos educativos dieron cuenta de la dificultad de la cobertura cuando los titulares de las materias toman licencias y especulan con que el panorama se complicar\u00eda en un futuro no tan lejano por la pr\u00f3xima jubilaci\u00f3n de varios profesores que trabajan en distintos establecimientos con muchas horas a su cargo.<\/p>\n<p>En este sentido, el Instituto Superior de Formaci\u00f3n Docente 22 \u00abAdolfo Alsina\u00bb, solicit\u00f3 a trav\u00e9s del Consejo Regional de Directores, a la Direcci\u00f3n de Educaci\u00f3n Superior de la Provincia de Buenos Aires que autorice el dictado de la carrera de Profesorado de Educaci\u00f3n Secundaria en Ciencias Sociales con orientaci\u00f3n en Geograf\u00eda e Historia a partir de 2013.<\/p>\n<p>Claudia Gusmeroli, directora del Instituto 22 y miembro del Consejo Regional de Directores, habl\u00f3 con EL POPULAR sobre el tema que, adem\u00e1s, abri\u00f3 un conflicto con el Instituto Superior de Formaci\u00f3n Docente 156 \u00abPalmiro Bogliano\u00bb de Azul. Este \u00faltimo establecimiento logr\u00f3 que el Concejo Deliberante de la vecina ciudad emita una resoluci\u00f3n para impedir la apertura de la carrera en nuestra ciudad. (Ver recuadro)<\/p>\n<p>La profesora hizo hincapi\u00e9 en que la necesidad de docentes para las materias de ciencias sociales surge de solicitudes emitidas por organismos educativos del distrito de Olavarr\u00eda, \u00aben nuestro caso es la Secretar\u00eda de Asuntos Docentes y Jefatura de Inspecci\u00f3n Distrital. Adem\u00e1s de esos dos informes, donde se dice que en Olavarr\u00eda escasean los recursos humanos en ciencias sociales, geograf\u00eda e historia que son las carreras que vamos a pedir, nosotros tenemos uno de la Dipregep -Direcci\u00f3n Provincial de Educaci\u00f3n de Gesti\u00f3n Privada-, con lo que las escuelas privadas a trav\u00e9s de su Inspecci\u00f3n nos hacen el mismo pedido\u00bb, enfatiz\u00f3 Gusmeroli.<\/p>\n<p>Requisitos<\/p>\n<p>Para solicitar la apertura de la carrera de formaci\u00f3n docente, el Instituto interesado debe exponer la necesidad, acreditar el presupuesto de horas y el espacio para que funcione, as\u00ed como asegurar que se cuentan los recursos humanos para el dictado curricular. \u00abNosotros tenemos todo eso\u00bb, asegur\u00f3 Claudia Gusmeroli al tiempo que agreg\u00f3 que los profesorados de geograf\u00eda e historia nunca se dictaron en Olavarr\u00eda.<\/p>\n<p>El pedido formal para la apertura de la carrera se efectu\u00f3 a fines de septiembre y se espera la respuesta de la Direcci\u00f3n de Educaci\u00f3n Superior para los pr\u00f3ximos d\u00edas.<\/p>\n<p>Al fracaso del trabajo en red con el ISFD 156 (Ver recuadro), la directora del ISFD 22 sum\u00f3 un nuevo elemento que, a su entender, favorece la resoluci\u00f3n positiva de la Provincia: la preinscripci\u00f3n condicional lanzada hace unos diez d\u00edas suma 33 interesados en anotarse para el Profesorado de Educaci\u00f3n Secundaria en Ciencias Sociales con orientaci\u00f3n en Geograf\u00eda \/ Historia. \u00abEs una matr\u00edcula potencial muy buena\u00bb, consider\u00f3 la docente.<\/p>\n<p>Esta preinscripci\u00f3n est\u00e1 habilitada en el sitio web http:\/\/isfd22.bue.infd.edu.ar. Para los interesados, dej\u00f3 en claro que en caso de que se apruebe el dictado de la carrera, la inscripci\u00f3n formal se concretar\u00e1 del 3 al 20 de diciembre en la sede del Instituto, Ayacucho 2418 primer piso.<\/p>\n","protected":false},"excerpt":{"rendered":"<p>El Consejo Regional de Directores pidi\u00f3 que el Profesorado en Ciencias Sociales se dicte en el Instituto de Formaci\u00f3n Docente 22. Necesidad, disponibilidad e inter\u00e9s son las variables que juegan a favor para que se apruebe la solicitud.<\/p>\n","protected":false},"author":4,"featured_media":0,"comment_status":"open","ping_status":"open","sticky":false,"template":"","format":"standard","meta":{"_jetpack_newsletter_access":"","_jetpack_dont_email_post_to_subs":false,"_jetpack_newsletter_tier_id":0,"_jetpack_memberships_contains_paywalled_content":false,"_jetpack_memberships_contains_paid_content":false,"footnotes":""},"categories":[38],"tags":[],"class_list":["post-4424","post","type-post","status-publish","format-standard","hentry","category-locales"],"jetpack_featured_media_url":"","jetpack_shortlink":"https:\/\/wp.me\/p2JWE0-19m","jetpack-related-posts":[{"id":9666,"url":"https:\/\/www.24baires.com\/?p=9666","url_meta":{"origin":4424,"position":0},"title":"Anunciaron el cierre de carreras terciarias que afectar\u00e1n a Azul y la regi\u00f3n","author":"Grupo Sierra","date":"18\/12\/2012","format":false,"excerpt":"Se trata de las Carreras de Tecnicatura Superior en Transporte, Almacenamiento y Embarque de Cereales y Productos Alimenticios, Profesorado de Psicolog\u00eda y Profesorado de Ciencias Pol\u00edticas cuyo cierre fue anunciado por la Direcci\u00f3n Provincial de Educaci\u00f3n Superior. La Direcci\u00f3n Provincial de Educaci\u00f3n Superior, mediante la Profesora Andrea Gatti, Subdirectora de\u2026","rel":"","context":"En \u00abProvincia\u00bb","block_context":{"text":"Provincia","link":"https:\/\/www.24baires.com\/?cat=40"},"img":{"alt_text":"","src":"","width":0,"height":0},"classes":[]},{"id":49851,"url":"https:\/\/www.24baires.com\/?p=49851","url_meta":{"origin":4424,"position":1},"title":"Ponen en marcha un nuevo centro del Conicet en Tandil","author":"GB","date":"14\/07\/2014","format":false,"excerpt":"El acto formal se realizar\u00e1 el pr\u00f3ximo viernes 18 y contar\u00e1 con la inauguraci\u00f3n de las obras hechas en el Centro Cient\u00edfico Tecnol\u00f3gico (CCT). La entidad funcionar\u00e1 a modo de enlace entre la Unicen y el Conicet, con el objetivo de \u201cfortalecer la vinculaci\u00f3n tecnol\u00f3gica con el corredor productivo Tandil\u2026","rel":"","context":"En \u00abMunicipios\u00bb","block_context":{"text":"Municipios","link":"https:\/\/www.24baires.com\/?cat=44"},"img":{"alt_text":"conice","src":"https:\/\/i0.wp.com\/www.24baires.com\/wp-content\/uploads\/2014\/07\/conice.jpg?resize=350%2C200","width":350,"height":200,"srcset":"https:\/\/i0.wp.com\/www.24baires.com\/wp-content\/uploads\/2014\/07\/conice.jpg?resize=350%2C200 1x, https:\/\/i0.wp.com\/www.24baires.com\/wp-content\/uploads\/2014\/07\/conice.jpg?resize=525%2C300 1.5x"},"classes":[]},{"id":97742,"url":"https:\/\/www.24baires.com\/?p=97742","url_meta":{"origin":4424,"position":2},"title":"Evaluar\u00e1n cu\u00e1nto saben los docentes que empiezan a ense\u00f1ar","author":"GB","date":"28\/09\/2017","format":false,"excerpt":"Los futuros docentes, a examen. El Gobierno evaluar\u00e1 los conocimientos de los estudiantes del \u00faltimo a\u00f1o de los profesorados de todo el pa\u00eds El Gobierno nacional avanza en la evaluaci\u00f3n integral del sistema educativo. El pr\u00f3ximo 31 de octubre implementar\u00e1 en todo el pa\u00eds el \u201cOperativo Ense\u00f1ar\u201d,que medir\u00e1 los conocimientos\u2026","rel":"","context":"En \u00abSociedad\u00bb","block_context":{"text":"Sociedad","link":"https:\/\/www.24baires.com\/?cat=1"},"img":{"alt_text":"","src":"https:\/\/i0.wp.com\/www.24baires.com\/wp-content\/uploads\/2017\/04\/docentes-congreso.jpg?resize=350%2C200","width":350,"height":200,"srcset":"https:\/\/i0.wp.com\/www.24baires.com\/wp-content\/uploads\/2017\/04\/docentes-congreso.jpg?resize=350%2C200 1x, https:\/\/i0.wp.com\/www.24baires.com\/wp-content\/uploads\/2017\/04\/docentes-congreso.jpg?resize=525%2C300 1.5x"},"classes":[]},{"id":1447,"url":"https:\/\/www.24baires.com\/?p=1447","url_meta":{"origin":4424,"position":3},"title":"Inauguraron la 6\u00aa Olimp\u00edada Internacional de Ciencias de la Tierra en Olavarr\u00eda","author":"AF","date":"08\/10\/2012","format":false,"excerpt":"Con un acto en el Teatro municipal se realiz\u00f3 este lunes la apertura del in\u00e9dito evento para Latinoam\u00e9rica con sede en Olavarr\u00eda. Participan delegaciones de estudiantes secundarios de veinte pa\u00edses. La olimp\u00edada se desarrollar\u00e1 entre el 8 y el 12 de octubre y desde el martes comenzar\u00e1n ex\u00e1menes en el\u2026","rel":"","context":"En \u00abSociedad\u00bb","block_context":{"text":"Sociedad","link":"https:\/\/www.24baires.com\/?cat=1"},"img":{"alt_text":"","src":"https:\/\/i0.wp.com\/www.24baires.com\/wp-content\/uploads\/2012\/10\/olimpiada-300x225.jpg?resize=350%2C200","width":350,"height":200},"classes":[]},{"id":105855,"url":"https:\/\/www.24baires.com\/?p=105855","url_meta":{"origin":4424,"position":4},"title":"Cierran cursos en Institutos de Formaci\u00f3n Docente y advierten que \u00abpuede continuar\u00bb","author":"GB","date":"11\/12\/2018","format":false,"excerpt":"En La Plata, varios institutos de Formaci\u00f3n Docente se encuentran con cierto recorte en cursos que afecta el acceso a la educaci\u00f3n y tambi\u00e9n el trabajo de un conjunto de profesionales. \u201cNecesitamos formar profesionales. No se entiende que el futuro del nivel inicial est\u00e1 ligado a la formaci\u00f3n docente\u201d, manifestaron.\u2026","rel":"","context":"En \u00abProvincia\u00bb","block_context":{"text":"Provincia","link":"https:\/\/www.24baires.com\/?cat=40"},"img":{"alt_text":"","src":"https:\/\/i0.wp.com\/www.24baires.com\/wp-content\/uploads\/2018\/12\/inst-formacion-docente.jpg?resize=350%2C200","width":350,"height":200,"srcset":"https:\/\/i0.wp.com\/www.24baires.com\/wp-content\/uploads\/2018\/12\/inst-formacion-docente.jpg?resize=350%2C200 1x, https:\/\/i0.wp.com\/www.24baires.com\/wp-content\/uploads\/2018\/12\/inst-formacion-docente.jpg?resize=525%2C300 1.5x"},"classes":[]},{"id":98669,"url":"https:\/\/www.24baires.com\/?p=98669","url_meta":{"origin":4424,"position":5},"title":"El radicalismo recorta una materia de la carrera de Ciencia Pol\u00edtica por conveniencia electoral","author":"GB","date":"10\/11\/2017","format":false,"excerpt":"En una controversial decisi\u00f3n la Junta de la Carrera de Ciencia Pol\u00edtica de la Facultad de Ciencias Sociales de la UBA quit\u00f3 una materia de su programa de optativas para 2018. Pese al discurso de la decana Carolina Mera, la decisi\u00f3n llega por la oposici\u00f3n que tuvieron los profesores de\u2026","rel":"","context":"En \u00abSociedad\u00bb","block_context":{"text":"Sociedad","link":"https:\/\/www.24baires.com\/?cat=1"},"img":{"alt_text":"","src":"","width":0,"height":0},"classes":[]}],"jetpack_sharing_enabled":true,"jetpack_likes_enabled":true,"_links":{"self":[{"href":"https:\/\/www.24baires.com\/index.php?rest_route=\/wp\/v2\/posts\/4424","targetHints":{"allow":["GET"]}}],"collection":[{"href":"https:\/\/www.24baires.com\/index.php?rest_route=\/wp\/v2\/posts"}],"about":[{"href":"https:\/\/www.24baires.com\/index.php?rest_route=\/wp\/v2\/types\/post"}],"author":[{"embeddable":true,"href":"https:\/\/www.24baires.com\/index.php?rest_route=\/wp\/v2\/users\/4"}],"replies":[{"embeddable":true,"href":"https:\/\/www.24baires.com\/index.php?rest_route=%2Fwp%2Fv2%2Fcomments&post=4424"}],"version-history":[{"count":1,"href":"https:\/\/www.24baires.com\/index.php?rest_route=\/wp\/v2\/posts\/4424\/revisions"}],"predecessor-version":[{"id":4425,"href":"https:\/\/www.24baires.com\/index.php?rest_route=\/wp\/v2\/posts\/4424\/revisions\/4425"}],"wp:attachment":[{"href":"https:\/\/www.24baires.com\/index.php?rest_route=%2Fwp%2Fv2%2Fmedia&parent=4424"}],"wp:term":[{"taxonomy":"category","embeddable":true,"href":"https:\/\/www.24baires.com\/index.php?rest_route=%2Fwp%2Fv2%2Fcategories&post=4424"},{"taxonomy":"post_tag","embeddable":true,"href":"https:\/\/www.24baires.com\/index.php?rest_route=%2Fwp%2Fv2%2Ftags&post=4424"}],"curies":[{"name":"wp","href":"https:\/\/api.w.org\/{rel}","templated":true}]}}