{"id":4417,"date":"2012-11-04T20:09:44","date_gmt":"2012-11-04T23:09:44","guid":{"rendered":"http:\/\/www.24baires.com\/?p=4417"},"modified":"2012-11-04T20:09:44","modified_gmt":"2012-11-04T23:09:44","slug":"la-confederacion-de-asociaciones-rurales-brindara-una-conferencia-de-prensa","status":"publish","type":"post","link":"https:\/\/www.24baires.com\/?p=4417","title":{"rendered":"La Confederaci\u00f3n de Asociaciones Rurales brindar\u00e1 una conferencia de prensa"},"content":{"rendered":"<p><img data-recalc-dims=\"1\" loading=\"lazy\" decoding=\"async\" class=\"alignleft size-medium wp-image-4418\" title=\"campo\" src=\"https:\/\/i0.wp.com\/www.24baires.com\/wp-content\/uploads\/2012\/11\/campo.png?resize=300%2C219\" alt=\"\" width=\"300\" height=\"219\" srcset=\"https:\/\/i0.wp.com\/www.24baires.com\/wp-content\/uploads\/2012\/11\/campo.png?resize=300%2C219&amp;ssl=1 300w, https:\/\/i0.wp.com\/www.24baires.com\/wp-content\/uploads\/2012\/11\/campo.png?w=551&amp;ssl=1 551w\" sizes=\"auto, (max-width: 300px) 100vw, 300px\" \/>La Confederaci\u00f3n de Asociaciones Rurales de Buenos Aries y La Pampa (CARBAP) realizar\u00e1 el pr\u00f3ximo lunes 5 de noviembre a las 15 una conferencia de prensa con el fin de esclarecer las consecuencias y el impacto que tendr\u00e1 en las econom\u00edas de las comunidades y la provincia en su conjunto las inundaciones ocurridas en el centro oeste de la provincia de Buenos Aires y que recientemente ha alcanzado a zonas del periurbano como Luj\u00e1n y Navarro, entre otras.<!--more--><\/p>\n<p>Un equipo de camar\u00f3grafos captur\u00f3 im\u00e1genes a\u00e9reas y terrestres de las zonas anegadas y ser\u00e1n proyectadas, junto a los testimonios de los productores afectados. Adem\u00e1s, se informar\u00e1 sobre los c\u00e1lculos de la entidad de las hect\u00e1reas involucradas y las p\u00e9rdidas econ\u00f3micas, como as\u00ed tambi\u00e9n el impacto que las inundaciones tendr\u00e1n en el pr\u00f3ximo a\u00f1o y en las comunidades.<\/p>\n<p>La cita es el pr\u00f3ximo lunes a las 15 en el Auditorio CARBAP de Rivadavia 1342, 3\u00ba piso, de la Capital Federal.<\/p>\n<p>Adem\u00e1s se puntualizar\u00e1n las objeciones al presupuesto recientemente aprobado en la Legislatura Bonaerense y las implicancias que el mismo tendr\u00e1 en la econom\u00eda de los productores a futuro.<\/p>\n","protected":false},"excerpt":{"rendered":"<p>La Confederaci\u00f3n de Asociaciones Rurales de Buenos Aries y La Pampa (CARBAP) realizar\u00e1 el pr\u00f3ximo lunes 5 de noviembre a las 15 una conferencia de prensa con el fin de esclarecer las consecuencias y el impacto que tendr\u00e1 en las econom\u00edas de las comunidades y la provincia en su conjunto las inundaciones ocurridas en el centro oeste de la provincia [&#8230;]<\/p>\n","protected":false},"author":4,"featured_media":0,"comment_status":"open","ping_status":"open","sticky":false,"template":"","format":"standard","meta":{"_jetpack_newsletter_access":"","_jetpack_dont_email_post_to_subs":false,"_jetpack_newsletter_tier_id":0,"_jetpack_memberships_contains_paywalled_content":false,"_jetpack_memberships_contains_paid_content":false,"footnotes":""},"categories":[40],"tags":[],"class_list":["post-4417","post","type-post","status-publish","format-standard","hentry","category-provincia"],"jetpack_featured_media_url":"","jetpack_shortlink":"https:\/\/wp.me\/p2JWE0-19f","jetpack-related-posts":[{"id":97024,"url":"https:\/\/www.24baires.com\/?p=97024","url_meta":{"origin":4417,"position":0},"title":"Inundaciones afectan a un tercio de la producci\u00f3n agropecuaria del pa\u00eds","author":"GB","date":"29\/08\/2017","format":false,"excerpt":"Buenos Aires, La Pampa, el sur de C\u00f3rdoba y de Santa Fe son las zona m\u00e1s afectadas. Advierten por los problemas en los caminos rurales Las inundaciones que sufre buena parte de la pampa h\u00fameda afectan casi un tercio de la producci\u00f3n agropecuaria: concretamente, el 25% de la agricultura y\u2026","rel":"","context":"En \u00abEconom\u00eda\u00bb","block_context":{"text":"Econom\u00eda","link":"https:\/\/www.24baires.com\/?cat=45"},"img":{"alt_text":"","src":"https:\/\/i0.wp.com\/www.24baires.com\/wp-content\/uploads\/2017\/01\/inundaciones.jpg?resize=350%2C200","width":350,"height":200,"srcset":"https:\/\/i0.wp.com\/www.24baires.com\/wp-content\/uploads\/2017\/01\/inundaciones.jpg?resize=350%2C200 1x, https:\/\/i0.wp.com\/www.24baires.com\/wp-content\/uploads\/2017\/01\/inundaciones.jpg?resize=525%2C300 1.5x"},"classes":[]},{"id":5731,"url":"https:\/\/www.24baires.com\/?p=5731","url_meta":{"origin":4417,"position":1},"title":"Piden que se efectivicen los beneficios de la emergencia agropecuaria por las inundaciones","author":"Grupo Sierra","date":"16\/11\/2012","format":false,"excerpt":"Tras la designaci\u00f3n de otros 16 distritos bonaerenses en situaci\u00f3n de emergencia o desastre agropecuario, la Confederaci\u00f3n de Asociaciones Rurales de Buenos Aires y La Pampa (Carbap) solicit\u00f3 que se efectivicen los beneficios para los productores afectados. En di\u00e1logo con InfoGEI, Ignacio Azcueta, delegado de Carbap ante la Comisi\u00f3n de\u2026","rel":"","context":"En \u00abProvincia\u00bb","block_context":{"text":"Provincia","link":"https:\/\/www.24baires.com\/?cat=40"},"img":{"alt_text":"","src":"","width":0,"height":0},"classes":[]},{"id":100482,"url":"https:\/\/www.24baires.com\/?p=100482","url_meta":{"origin":4417,"position":2},"title":"Productores ya hablan de sequ\u00eda \u00abhist\u00f3rica\u00bb y piden no demorar emergencias","author":"GB","date":"12\/02\/2018","format":false,"excerpt":"El d\u00e9ficit h\u00eddrico se agrav\u00f3 en la provincia de Buenos Aires y las \u00faltimas lluvias, de muy baja intensidad en la mayor\u00eda de los partidos, no alcanzaron para aliviar el cr\u00edtico panorama. Los productores ya hablan de sequ\u00eda \"hist\u00f3rica\" y de p\u00e9rdidas totales en algunos lotes de soja y ma\u00edz,\u2026","rel":"","context":"En \u00abProvincia\u00bb","block_context":{"text":"Provincia","link":"https:\/\/www.24baires.com\/?cat=40"},"img":{"alt_text":"","src":"https:\/\/i0.wp.com\/www.24baires.com\/wp-content\/uploads\/2018\/02\/campo-seco-300x200.jpeg?resize=350%2C200","width":350,"height":200},"classes":[]},{"id":97237,"url":"https:\/\/www.24baires.com\/?p=97237","url_meta":{"origin":4417,"position":3},"title":"Debido a las inundaciones, se redujo un 11,2% la producci\u00f3n de soja","author":"AF","date":"06\/09\/2017","format":false,"excerpt":"La crisis h\u00eddrica de la provincia de Buenos Aires tuvo un fuerte impacto en los cultivos de soja y, pr\u00f3xima a finalizar la cosecha, las cifras oficiales indican que la superficie implantada se redujo un 11,2% respecto a la campa\u00f1a previa al pasar de 6,7 a 5,9 millones de hect\u00e1reas.\u2026","rel":"","context":"En \u00abLocales\u00bb","block_context":{"text":"Locales","link":"https:\/\/www.24baires.com\/?cat=38"},"img":{"alt_text":"","src":"https:\/\/i0.wp.com\/www.24baires.com\/wp-content\/uploads\/2013\/02\/soja2.jpg?resize=350%2C200","width":350,"height":200,"srcset":"https:\/\/i0.wp.com\/www.24baires.com\/wp-content\/uploads\/2013\/02\/soja2.jpg?resize=350%2C200 1x, https:\/\/i0.wp.com\/www.24baires.com\/wp-content\/uploads\/2013\/02\/soja2.jpg?resize=525%2C300 1.5x"},"classes":[]},{"id":101721,"url":"https:\/\/www.24baires.com\/?p=101721","url_meta":{"origin":4417,"position":4},"title":"Entidades rurales del sur de la Provincia piden extender la Emergencia","author":"AF","date":"20\/04\/2018","format":false,"excerpt":"Las entidades de la zona VII de la Confederaci\u00f3n de Asociaciones Rurales de Buenos Aires y La Pampa (Carbap) solicitaron un plazo de 180 d\u00edas por la declaraci\u00f3n de Emergencia y Desastre Agropecuario, 60 m\u00e1s de lo que lo resolvi\u00f3 la Comisi\u00f3n de Emergencia y Desastre Agropecuaria de la provincia\u2026","rel":"","context":"En \u00abProvincia\u00bb","block_context":{"text":"Provincia","link":"https:\/\/www.24baires.com\/?cat=40"},"img":{"alt_text":"","src":"https:\/\/i0.wp.com\/www.24baires.com\/wp-content\/uploads\/2018\/04\/trabajo-agropecuario.jpg?resize=350%2C200","width":350,"height":200,"srcset":"https:\/\/i0.wp.com\/www.24baires.com\/wp-content\/uploads\/2018\/04\/trabajo-agropecuario.jpg?resize=350%2C200 1x, https:\/\/i0.wp.com\/www.24baires.com\/wp-content\/uploads\/2018\/04\/trabajo-agropecuario.jpg?resize=525%2C300 1.5x"},"classes":[]},{"id":100887,"url":"https:\/\/www.24baires.com\/?p=100887","url_meta":{"origin":4417,"position":5},"title":"Productores piden que Provincia convoque a la comisi\u00f3n de emergencias por la sequ\u00eda","author":"GB","date":"06\/03\/2018","format":false,"excerpt":"La Confederaci\u00f3n de Asociaciones Rurales de la Provincia de Buenos Aires y La Pampa (Carbap) reclam\u00f3 al Gobierno provincial que convoque a una reuni\u00f3n de la Comisi\u00f3n Provincial de Emergencia y Desastre Agropecuario (Cedaba) para evaluar las solicitudes presentadas por los productores afectados por la sequ\u00eda. \"Venimos reclamando que el\u2026","rel":"","context":"En \u00abProvincia\u00bb","block_context":{"text":"Provincia","link":"https:\/\/www.24baires.com\/?cat=40"},"img":{"alt_text":"","src":"https:\/\/i0.wp.com\/www.24baires.com\/wp-content\/uploads\/2018\/02\/campo-seco-300x200.jpeg?resize=350%2C200","width":350,"height":200},"classes":[]}],"jetpack_sharing_enabled":true,"jetpack_likes_enabled":true,"_links":{"self":[{"href":"https:\/\/www.24baires.com\/index.php?rest_route=\/wp\/v2\/posts\/4417","targetHints":{"allow":["GET"]}}],"collection":[{"href":"https:\/\/www.24baires.com\/index.php?rest_route=\/wp\/v2\/posts"}],"about":[{"href":"https:\/\/www.24baires.com\/index.php?rest_route=\/wp\/v2\/types\/post"}],"author":[{"embeddable":true,"href":"https:\/\/www.24baires.com\/index.php?rest_route=\/wp\/v2\/users\/4"}],"replies":[{"embeddable":true,"href":"https:\/\/www.24baires.com\/index.php?rest_route=%2Fwp%2Fv2%2Fcomments&post=4417"}],"version-history":[{"count":2,"href":"https:\/\/www.24baires.com\/index.php?rest_route=\/wp\/v2\/posts\/4417\/revisions"}],"predecessor-version":[{"id":4420,"href":"https:\/\/www.24baires.com\/index.php?rest_route=\/wp\/v2\/posts\/4417\/revisions\/4420"}],"wp:attachment":[{"href":"https:\/\/www.24baires.com\/index.php?rest_route=%2Fwp%2Fv2%2Fmedia&parent=4417"}],"wp:term":[{"taxonomy":"category","embeddable":true,"href":"https:\/\/www.24baires.com\/index.php?rest_route=%2Fwp%2Fv2%2Fcategories&post=4417"},{"taxonomy":"post_tag","embeddable":true,"href":"https:\/\/www.24baires.com\/index.php?rest_route=%2Fwp%2Fv2%2Ftags&post=4417"}],"curies":[{"name":"wp","href":"https:\/\/api.w.org\/{rel}","templated":true}]}}