{"id":4414,"date":"2012-11-04T19:06:17","date_gmt":"2012-11-04T22:06:17","guid":{"rendered":"http:\/\/www.24baires.com\/?p=4414"},"modified":"2012-11-04T19:06:17","modified_gmt":"2012-11-04T22:06:17","slug":"inauguran-dos-nuevos-centros-universitarios-en-la-carcel-de-ezeiza","status":"publish","type":"post","link":"https:\/\/www.24baires.com\/?p=4414","title":{"rendered":"Inauguran dos nuevos Centros Universitarios en la c\u00e1rcel de Ezeiza"},"content":{"rendered":"<p>Dos centros universitarios en los Complejos Penitenciarios Federales de Ezeiza ser\u00e1n inaugurados este lunes como parte de una pol\u00edtica p\u00fablica que ya permiti\u00f3 que el 73,9% de las personas privadas de libertad estudien en las c\u00e1rceles.<!--more--><br \/>\n\u00abLa ampliaci\u00f3n de espacios \u00e1ulicos conlleva la ampliaci\u00f3n de derechos y oportunidades para las personas privadas de la libertad, al ofrecerles mayor oferta educativa y potenciar el aumento en la matr\u00edcula de las carreras universitarias y terciarias\u00bb, se\u00f1al\u00f3 Isabel Ribet, coordinadora de la modalidad Educaci\u00f3n en Contextos de Encierro.<\/p>\n<p>Los centros funcionar\u00e1n en la Unidad IV de Mujeres y en la I de varones, y ser\u00e1n inaugurados a las 10 de la ma\u00f1ana por los ministros de Educaci\u00f3n, Alberto Sileoni, y de Justicia y Derechos Humanos, Julio Alak.<\/p>\n<p>Estos nuevos espacios contar\u00e1n con m\u00e1s aulas, salas para los profesores, ba\u00f1os -incluido uno para personas con discapacidad en el Complejo de Mujeres- y bibliotecas de uso com\u00fan.<\/p>\n<p>Ribet asegur\u00f3 que la gesti\u00f3n busca \u00abque en todas las unidades federales y provinciales exista presencia de universidades, de modo de ir adecu\u00e1ndose a la legislaci\u00f3n\u00bb.<\/p>\n<p>Tanto la ley nacional de Educaci\u00f3n como la de Ejecuci\u00f3n de la Pena Privativa de la Libertad contemplan el derecho a estudiar de las personas detenidas.<\/p>\n<p>\u201cEl colectivo educativo que m\u00e1s ha crecido es el de las personas privadas de libertad, ya que en 2003 el 37,8% de los internos estudiaba dentro del sistema de educaci\u00f3n formal, y en 2012 este porcentaje ya alcanz\u00f3 el 73,9%\u00bb, afirm\u00f3 la funcionaria del Ministerio de Educaci\u00f3n de la Naci\u00f3n.<\/p>\n<p>Derecho, Psicolog\u00eda, Sociolog\u00eda, Ciencias Econ\u00f3micas y Trabajo Social \u00abson las carreras que m\u00e1s eligen cursar los internos\u00bb, y precis\u00f3 que el rango de edad de los estudiantes va de los 18 a los 35 a\u00f1os.<\/p>\n<p>\u00abQuienes terminan el secundario o una carrera universitaria en las c\u00e1rceles suelen volver a sus comunidades donde se convierten en l\u00edderes sociales, porque hay estudios que demuestran que, cuando m\u00e1s alto se llega en el nivel educativo, m\u00e1s f\u00e1cil se sale del c\u00edrculo del delito\u00bb, reivindic\u00f3.<\/p>\n<p>El Servicio Penitenciario Federal posee convenios con las universidades nacionales de Buenos Aires, Comahue, Norte, La Pampa y Patag\u00f3nica; y con la Universidad Tecnol\u00f3gica Nacional y la Universidad Nacional de Formosa para el dictado de cursos de capacitaci\u00f3n laboral.<\/p>\n<p>Entre las carreras disponibles, aparte de las mencionadas, se encuentran Ciencias de la Informaci\u00f3n, Administraci\u00f3n, Historia, Letras, Geograf\u00eda, Turismo y Filosof\u00eda.<\/p>\n<p>Los Ministerio de Educaci\u00f3n y de Justicia est\u00e1n impulsando la formaci\u00f3n universitaria \u00abpara ajustarse a la realidad de la demanda, ya que en todas las c\u00e1rceles del pa\u00eds est\u00e1 garantizada la formaci\u00f3n secundaria, entonces los internos luego quieren avanzar en su formaci\u00f3n terciaria\u00bb.<\/p>\n<p>La Universidad de Buenos Aires tendr\u00e1 a su cargo los centros que se inaugurar\u00e1n el lunes, casa de estudios pionera en educaci\u00f3n en contextos de encierro gracias a la experiencia del Centro Universitario Devoto (CUD) inaugurado en 1985.<\/p>\n<p>\u00abEl CUD es un modelo a seguir ya que funciona en la misma unidad penitenciaria, tal como haremos en Ezeiza; hay otras experiencias, como la de Mendoza, donde el centro funciona en un lugar equidistante a las c\u00e1rceles, donde gracias a un convenio con la Universidad Nacional de Cuyo se dictan 13 carreras\u00bb, cont\u00f3 Ribet.<\/p>\n<p>La funcionaria explic\u00f3 que \u00ablas \u00e1reas de infraestructura de ambos ministerios consideran para las nuevas c\u00e1rceles que se van a inaugurar el dise\u00f1o adecuado de espacios dedicados a estudios\u00bb.<\/p>\n<p>En este marco confirm\u00f3 que, entre el martes y el jueves pr\u00f3ximo, se realizar\u00e1 en la facultad de Econom\u00eda de la UBA el IV seminario internacional y las X jornadas nacionales de educaci\u00f3n en contextos de encierro, de la cual participar\u00e1n expertos nacionales y extranjeros.<\/p>\n<p>&nbsp;<\/p>\n<p>&nbsp;<\/p>\n<p>&nbsp;<\/p>\n<p>&nbsp;<\/p>\n<p>&nbsp;<\/p>\n<p>&nbsp;<\/p>\n","protected":false},"excerpt":{"rendered":"<p>Dos centros universitarios en los Complejos Penitenciarios Federales de Ezeiza ser\u00e1n inaugurados este lunes como parte de una pol\u00edtica p\u00fablica que ya permiti\u00f3 que el 73,9% de las personas privadas de libertad estudien en las c\u00e1rceles.<\/p>\n","protected":false},"author":11,"featured_media":0,"comment_status":"open","ping_status":"open","sticky":false,"template":"","format":"standard","meta":{"_jetpack_newsletter_access":"","_jetpack_dont_email_post_to_subs":false,"_jetpack_newsletter_tier_id":0,"_jetpack_memberships_contains_paywalled_content":false,"_jetpack_memberships_contains_paid_content":false,"footnotes":""},"categories":[1],"tags":[],"class_list":["post-4414","post","type-post","status-publish","format-standard","hentry","category-sociedad"],"jetpack_featured_media_url":"","jetpack_shortlink":"https:\/\/wp.me\/p2JWE0-19c","jetpack-related-posts":[{"id":31018,"url":"https:\/\/www.24baires.com\/?p=31018","url_meta":{"origin":4414,"position":0},"title":"Inauguran Aula Universitaria en la Unidad 27 de Sierra Chica","author":"AF","date":"30\/08\/2013","format":false,"excerpt":"La iniciativa forma parte del convenio entre la UNICEN y el Complejo Penitenciario Zona Centro en el marco del convenio \u201cUniversidad en la c\u00e1rcel: desde la resistencia cultural\u201d. Durante el evento de apertura, tambi\u00e9n se entregaron computadoras a internos. Fue inaugurada la primera Aula Universitaria de la Unicen en la\u2026","rel":"","context":"En \u00abLocales\u00bb","block_context":{"text":"Locales","link":"https:\/\/www.24baires.com\/?cat=38"},"img":{"alt_text":"aula universitaria sierra chica","src":"https:\/\/i0.wp.com\/www.24baires.com\/wp-content\/uploads\/2013\/08\/aula-universitaria-sierra-chica.jpg?resize=350%2C200","width":350,"height":200,"srcset":"https:\/\/i0.wp.com\/www.24baires.com\/wp-content\/uploads\/2013\/08\/aula-universitaria-sierra-chica.jpg?resize=350%2C200 1x, https:\/\/i0.wp.com\/www.24baires.com\/wp-content\/uploads\/2013\/08\/aula-universitaria-sierra-chica.jpg?resize=525%2C300 1.5x"},"classes":[]},{"id":122138,"url":"https:\/\/www.24baires.com\/?p=122138","url_meta":{"origin":4414,"position":1},"title":"Axel Avellaneda: \u201cSin igualdad de oportunidades, hablar de libertad es una estafa\u201d","author":"GB","date":"13\/03\/2025","format":false,"excerpt":"El gobernador bonaerense inaugur\u00f3 obras en escuelas, entreg\u00f3 escrituras y reafirm\u00f3 el rol del Estado para garantizar derechos en Avellaneda. El gobernador de la provincia de Buenos Aires, Axel Kicillof, encabez\u00f3 este mi\u00e9rcoles una jornada de gesti\u00f3n en Avellaneda, donde inaugur\u00f3 obras de ampliaci\u00f3n y refacci\u00f3n en dos escuelas primarias\u2026","rel":"","context":"En \u00abProvincia\u00bb","block_context":{"text":"Provincia","link":"https:\/\/www.24baires.com\/?cat=40"},"img":{"alt_text":"","src":"https:\/\/i0.wp.com\/www.24baires.com\/wp-content\/uploads\/2025\/03\/primaria-53-kici.jpg?resize=350%2C200","width":350,"height":200,"srcset":"https:\/\/i0.wp.com\/www.24baires.com\/wp-content\/uploads\/2025\/03\/primaria-53-kici.jpg?resize=350%2C200 1x, https:\/\/i0.wp.com\/www.24baires.com\/wp-content\/uploads\/2025\/03\/primaria-53-kici.jpg?resize=525%2C300 1.5x, https:\/\/i0.wp.com\/www.24baires.com\/wp-content\/uploads\/2025\/03\/primaria-53-kici.jpg?resize=700%2C400 2x"},"classes":[]},{"id":93046,"url":"https:\/\/www.24baires.com\/?p=93046","url_meta":{"origin":4414,"position":2},"title":"Inauguraron en Eziza un nuevo Centro de Asistencia a V\u00edctimas y Acceso a la Justicia","author":"AF","date":"14\/03\/2017","format":false,"excerpt":"El ministro de Justicia, Gustavo Ferrari, junto al intendente de Ezeiza, Alejandro Granados, pusieron en marcha un nuevo Centro de Asistencia a V\u00edctimas y Acceso a Justicia (CAVAJ) en el municipio. \"En los centros de asistencia va a haber una escucha activa y atenta a todas las personas, ese es\u2026","rel":"","context":"En \u00abLocales\u00bb","block_context":{"text":"Locales","link":"https:\/\/www.24baires.com\/?cat=38"},"img":{"alt_text":"","src":"https:\/\/i0.wp.com\/www.24baires.com\/wp-content\/uploads\/2017\/03\/ferrari-granados.jpeg?resize=350%2C200","width":350,"height":200,"srcset":"https:\/\/i0.wp.com\/www.24baires.com\/wp-content\/uploads\/2017\/03\/ferrari-granados.jpeg?resize=350%2C200 1x, https:\/\/i0.wp.com\/www.24baires.com\/wp-content\/uploads\/2017\/03\/ferrari-granados.jpeg?resize=525%2C300 1.5x"},"classes":[]},{"id":116353,"url":"https:\/\/www.24baires.com\/?p=116353","url_meta":{"origin":4414,"position":3},"title":"Espionaje ilegal: un exagente confirm\u00f3 la visita al centro de monitoreo del Penal de Ezeiza","author":"AF","date":"29\/09\/2020","format":false,"excerpt":"Es Dominique Lasaigues, que hoy ampli\u00f3 declaraci\u00f3n indagatoria ante el juez federal de Lomas de Zamora, Juan Pablo Auge. Se\u00f1al\u00f3 que la visita la realiz\u00f3 por orden de su jefe Alan Ruiz y en compa\u00f1\u00eda de \u00e9l y otros agentes. Una exagente de la Agencia Federal de Inteligencia (AFI) confirm\u00f3\u2026","rel":"","context":"En \u00abJUDICIALES\u00bb","block_context":{"text":"JUDICIALES","link":"https:\/\/www.24baires.com\/?cat=68"},"img":{"alt_text":"","src":"https:\/\/i0.wp.com\/www.24baires.com\/wp-content\/uploads\/2020\/07\/ezeiza.jpeg?resize=350%2C200","width":350,"height":200,"srcset":"https:\/\/i0.wp.com\/www.24baires.com\/wp-content\/uploads\/2020\/07\/ezeiza.jpeg?resize=350%2C200 1x, https:\/\/i0.wp.com\/www.24baires.com\/wp-content\/uploads\/2020\/07\/ezeiza.jpeg?resize=525%2C300 1.5x"},"classes":[]},{"id":120664,"url":"https:\/\/www.24baires.com\/?p=120664","url_meta":{"origin":4414,"position":4},"title":"\u00abEl pueblo de la provincia volver\u00e1 a darles la espalda a los que quieren arancelar las escuelas\u00bb","author":"GB","date":"16\/11\/2023","format":false,"excerpt":"El gobernador provincial, Axel Kcillof, volvi\u00f3 a marcar diferencia con el candidato libertario Javier Milei por su modelo arancelado de educaci\u00f3n que propone y dijo que brindar educaci\u00f3n p\u00fablica \"es un acto de amor y solidaridad\". En el sprint final de la campa\u00f1a, el gobernador bonaerense, Axel Kicillof, sigue con\u2026","rel":"","context":"En \u00abProvincia\u00bb","block_context":{"text":"Provincia","link":"https:\/\/www.24baires.com\/?cat=40"},"img":{"alt_text":"","src":"https:\/\/i0.wp.com\/www.24baires.com\/wp-content\/uploads\/2023\/11\/kici-pc.jpg?resize=350%2C200","width":350,"height":200,"srcset":"https:\/\/i0.wp.com\/www.24baires.com\/wp-content\/uploads\/2023\/11\/kici-pc.jpg?resize=350%2C200 1x, https:\/\/i0.wp.com\/www.24baires.com\/wp-content\/uploads\/2023\/11\/kici-pc.jpg?resize=525%2C300 1.5x, https:\/\/i0.wp.com\/www.24baires.com\/wp-content\/uploads\/2023\/11\/kici-pc.jpg?resize=700%2C400 2x"},"classes":[]},{"id":4782,"url":"https:\/\/www.24baires.com\/?p=4782","url_meta":{"origin":4414,"position":5},"title":"\u00abLas movilizaciones importantes son el tercer domingo de octubre, cada dos a\u00f1os\u00bb","author":"AF","date":"08\/11\/2012","format":false,"excerpt":"El intendente de Ezeiza, Alejandro Granados, habl\u00f3 de la movilizaci\u00f3n antikirchnerista de este jueves 8 de noviembre y expres\u00f3 que \u201chay que movilizarse y expresar el apoyo o el descontento, pero por medio del voto\u201d. Lo asegur\u00f3 el intendente de Ezeiza, Alejandro Granados, en respuesta a la manifestaci\u00f3n antikirchnerista que\u2026","rel":"","context":"En \u00abSociedad\u00bb","block_context":{"text":"Sociedad","link":"https:\/\/www.24baires.com\/?cat=1"},"img":{"alt_text":"","src":"https:\/\/i0.wp.com\/www.24baires.com\/wp-content\/uploads\/2012\/11\/granados-300x199.jpg?resize=350%2C200","width":350,"height":200},"classes":[]}],"jetpack_sharing_enabled":true,"jetpack_likes_enabled":true,"_links":{"self":[{"href":"https:\/\/www.24baires.com\/index.php?rest_route=\/wp\/v2\/posts\/4414","targetHints":{"allow":["GET"]}}],"collection":[{"href":"https:\/\/www.24baires.com\/index.php?rest_route=\/wp\/v2\/posts"}],"about":[{"href":"https:\/\/www.24baires.com\/index.php?rest_route=\/wp\/v2\/types\/post"}],"author":[{"embeddable":true,"href":"https:\/\/www.24baires.com\/index.php?rest_route=\/wp\/v2\/users\/11"}],"replies":[{"embeddable":true,"href":"https:\/\/www.24baires.com\/index.php?rest_route=%2Fwp%2Fv2%2Fcomments&post=4414"}],"version-history":[{"count":1,"href":"https:\/\/www.24baires.com\/index.php?rest_route=\/wp\/v2\/posts\/4414\/revisions"}],"predecessor-version":[{"id":4415,"href":"https:\/\/www.24baires.com\/index.php?rest_route=\/wp\/v2\/posts\/4414\/revisions\/4415"}],"wp:attachment":[{"href":"https:\/\/www.24baires.com\/index.php?rest_route=%2Fwp%2Fv2%2Fmedia&parent=4414"}],"wp:term":[{"taxonomy":"category","embeddable":true,"href":"https:\/\/www.24baires.com\/index.php?rest_route=%2Fwp%2Fv2%2Fcategories&post=4414"},{"taxonomy":"post_tag","embeddable":true,"href":"https:\/\/www.24baires.com\/index.php?rest_route=%2Fwp%2Fv2%2Ftags&post=4414"}],"curies":[{"name":"wp","href":"https:\/\/api.w.org\/{rel}","templated":true}]}}