{"id":4409,"date":"2012-11-04T18:55:04","date_gmt":"2012-11-04T21:55:04","guid":{"rendered":"http:\/\/www.24baires.com\/?p=4409"},"modified":"2012-11-04T18:55:37","modified_gmt":"2012-11-04T21:55:37","slug":"unlp-un-centenar-de-listas-en-las-elecciones-estudiantiles","status":"publish","type":"post","link":"https:\/\/www.24baires.com\/?p=4409","title":{"rendered":"UNLP: Un centenar de listas en las elecciones estudiantiles"},"content":{"rendered":"<p><img data-recalc-dims=\"1\" loading=\"lazy\" decoding=\"async\" class=\"alignleft size-medium wp-image-4410\" title=\"UNLP agrupaciones\" src=\"https:\/\/i0.wp.com\/www.24baires.com\/wp-content\/uploads\/2012\/11\/UNLP-agrupaciones.jpg?resize=300%2C202\" alt=\"\" width=\"300\" height=\"202\" srcset=\"https:\/\/i0.wp.com\/www.24baires.com\/wp-content\/uploads\/2012\/11\/UNLP-agrupaciones.jpg?resize=300%2C202&amp;ssl=1 300w, https:\/\/i0.wp.com\/www.24baires.com\/wp-content\/uploads\/2012\/11\/UNLP-agrupaciones.jpg?w=411&amp;ssl=1 411w\" sizes=\"auto, (max-width: 300px) 100vw, 300px\" \/>Casi un centenar de listas vinculadas con distintas agrupaciones pol\u00edticas de las 17 facultades de la Universidad Nacional de La Plata (UNLP), se preparan para elegir al presidente de los centros de estudiantes y el reparto de poder en los \u00f3rganos de cogobiernos, <strong>en comicios que se desarrollar\u00e1n entre el 6 y el 9 de noviembre.<\/strong><!--more--><\/p>\n<p>&nbsp;<\/p>\n<p>Periodismo y Humanidades son las facultades con mayor oferta. Las elecciones son desde el mi\u00e9rcoles al viernes pr\u00f3ximo. La izquierda, la Franja y el kirchnerismo pulsean por imponerse en el mapa pol\u00edtico.<\/p>\n<p>En total, se presentaron 99 listas, una m\u00e1s que las que compitieron en 2011. Esta vez, fue Periodismo la facultad donde m\u00e1s listas se presentaron, con 14 n\u00f3minas. Desbanc\u00f3 a Derecho, que en 2011, con la misma cantidad, era la de mayor oferta. La proliferaci\u00f3n de frentes con agrupaciones que el a\u00f1o pasado fueron separadas redujo all\u00ed la cantidad a 8.<\/p>\n<p>La presencia creciente del kirchenrismo universitario en la UNLP en sus dos vertientes (la peronista vinculada a la JUP y a La Campora, y la latinoamerianista de Miles), la vigencia de los frentes vinculados con estructuras de izquierda y relacionadas con la conducci\u00f3n de la FULP, y el intento de consolidaci\u00f3n de la Franja Morada, son la marca distintiva de estas elecciones, indorma Diagonales.com.<\/p>\n<p>Las listas en todas las facultades<\/p>\n<p>ARQUITECTURA<\/p>\n<p>Franja Morada<br \/>\nDale al Fremte (PO + Agite)<br \/>\nArquitectura para Todos (JUP y FpV)<br \/>\nMiles en Arquitectura (kirchnerismo)<\/p>\n<p>BELLAS ARTES<\/p>\n<p>El Ensamble (Libres Sur y Frente Dar\u00edo Santillan)<br \/>\nBellas Artes por el Cambio (kirchnerismo)<br \/>\nContra Imagen (PTS)<br \/>\nFranja Morada<br \/>\nFrente de Artistas (PO)<br \/>\nYa basta &#8211; MAS<\/p>\n<p>AGRONOMIA<\/p>\n<p>Cambium (Frente Dar\u00edo Santill\u00e1n -FDS-)<br \/>\nFranja Morada<br \/>\nRizoma (kirchnerismo)<\/p>\n<p>ASTRONOMIA<\/p>\n<p>Inti<br \/>\nFranja Morada<\/p>\n<p>ECON\u00d3MICAS<\/p>\n<p>Franja Morada<br \/>\nMuece (FDS)<br \/>\nAsimetr\u00eda (kirchnerismo)<br \/>\nPRO<\/p>\n<p>EXACTAS<\/p>\n<p>Suma (kirchnerismo)<br \/>\nEl pelo de Einstein (FDS)<br \/>\nFranja Morada<br \/>\nEn Clave Roja<br \/>\nLa Chila Zaragoza<br \/>\nActivar Exactas<\/p>\n<p>DERECHO<\/p>\n<p>Franja Morada<br \/>\nEl Frente (FDS &#8211; MIU &#8211; PO &#8211; Aula)<br \/>\nConstruyendo Derecho (kirchnerismo &#8211; Miles)<br \/>\nUnidad &#8211; Cepa<br \/>\nPRO<br \/>\nPTS<br \/>\nAlternativa por Derecho (kirchnerismo &#8211; La C\u00e1mpora)<br \/>\nNuevo Derecho &#8211; Sur<\/p>\n<p>VETERINARIAS<\/p>\n<p>Minga (FDS)<br \/>\nFranja Morada<br \/>\nOveja Negra (kirchnerismo)<br \/>\nPO &#8211; EVET<\/p>\n<p>MEDICINA<\/p>\n<p>Cepa &#8211; Unite (PCR)<br \/>\nRemediar (kirchnerismo)<br \/>\nArticular (Franja Morada &#8211; socialistas)<br \/>\nMejorar<br \/>\nVientos de abajo (FDS)<br \/>\nSinapsis<br \/>\nMejorar (bruerismo)<\/p>\n<p>NATURALES<\/p>\n<p>Frente Natural (Quebracho)<br \/>\nTupac (PC)<br \/>\nFranja Morada<\/p>\n<p>HUMANIDADES<\/p>\n<p>Utop\u00eda (MILES &#8211; kirchnerismo)<br \/>\nEl Frente (FDS &#8211; Aule &#8211; Cien Fuegos &#8211; Lupa &#8211; Colectivo de Trabajo)<br \/>\nUnite (PCR)<br \/>\nFranja Morada<br \/>\nUnido por el Cambio (kirchnerismo JUP &#8211; Pisando Charcos &#8211; Jauretche &#8211; La C\u00e1mpora)<br \/>\nPO<br \/>\nYa Basta -MAS<br \/>\nPTS<br \/>\nMST<br \/>\nSur<br \/>\nAgrupaci\u00f3n Reformista La Freire.<\/p>\n<p>TRABAJO SOCIAL<\/p>\n<p>Insurrectos<br \/>\n26 de julio (COPA)<br \/>\nSim\u00f3n Bolivar<br \/>\nCienfuegos<br \/>\nAgrupaci\u00f3n Gustavo Legard\u00f3n<br \/>\nEn lave Roja<br \/>\nYa Basta &#8211; MAS<br \/>\nFrenapo<\/p>\n<p>PSICOLOG\u00cdA<\/p>\n<p>Utop\u00eda (kircheristas Miles)<br \/>\nEstudiantes por Psico (Aule + Unite)<br \/>\nFranja Morada<br \/>\nTesis 11 (PTS)<br \/>\nPsinapsis (moyanistas)<br \/>\nYa Basta &#8211; MAS<br \/>\nFpV Universitario (Brueristas)<br \/>\nPO<\/p>\n<p>INGENIER\u00cdA<\/p>\n<p>La 3era (kirchnerismo JUP &#8211; La Campora)<br \/>\nUnidad &#8211; CEPA<br \/>\nMiles-EDI (kirchnerismo Miles)<br \/>\nFranja Morada<\/p>\n<p>PERIODISMO<\/p>\n<p>La Walsh (Kirchnerismo JUP &#8211; La C\u00e1mpora)<br \/>\nMovimiento &#8211; Haroldo Conti<br \/>\nFrente 20 de diciembre (FDS)<br \/>\nFranja Morada<br \/>\nJorge Masetti (Quebracho)<br \/>\nCopla (moyanistas)<br \/>\nCPP<br \/>\nCrear Comunicaci\u00f3n (GEN)<br \/>\nSur<br \/>\nMST<br \/>\nPO<br \/>\nYa Basta &#8211; MAS<br \/>\nContraprensa &#8211; PTS<br \/>\nMiles (kirchnerismo Miles)<\/p>\n<p>INFORMATICA<\/p>\n<p>JUP<br \/>\nAlternativa por Inform\u00e1tica + Idea (Copa)<br \/>\nFranja Morada<\/p>\n<p>ODONTOLOGIA<\/p>\n<p>Franja Morada<br \/>\nMOI<br \/>\nFrente para la Victoria<br \/>\nPRO<\/p>\n","protected":false},"excerpt":{"rendered":"<p>Casi un centenar de listas vinculadas con distintas agrupaciones pol\u00edticas de las 17 facultades de la Universidad Nacional de La Plata (UNLP), se preparan para elegir al presidente de los centros de estudiantes y el reparto de poder en los \u00f3rganos de cogobiernos, en comicios que se desarrollar\u00e1n entre el 6 y el 9 de noviembre.<\/p>\n","protected":false},"author":11,"featured_media":0,"comment_status":"open","ping_status":"open","sticky":false,"template":"","format":"standard","meta":{"_jetpack_newsletter_access":"","_jetpack_dont_email_post_to_subs":false,"_jetpack_newsletter_tier_id":0,"_jetpack_memberships_contains_paywalled_content":false,"_jetpack_memberships_contains_paid_content":false,"footnotes":""},"categories":[51],"tags":[],"class_list":["post-4409","post","type-post","status-publish","format-standard","hentry","category-politica"],"jetpack_featured_media_url":"","jetpack_shortlink":"https:\/\/wp.me\/p2JWE0-197","jetpack-related-posts":[{"id":101615,"url":"https:\/\/www.24baires.com\/?p=101615","url_meta":{"origin":4409,"position":0},"title":"\u201cLos universitarios queremos presupuestos que no s\u00f3lo acompa\u00f1en la inflaci\u00f3n\u201d","author":"GB","date":"16\/04\/2018","format":false,"excerpt":"Lo consider\u00f3 Mart\u00edn L\u00f3pez Armengol, exdecano de Econ\u00f3micas y pr\u00f3ximo vicepresidente de la Universidad Nacional de La Plata. El s\u00e1bado, la Asamblea Universitaria eligi\u00f3 a Fernando Tauber como rector por una ampl\u00edsima mayor\u00eda. \u201cEs una universidad que dej\u00f3 de estar divida\u201d, se\u00f1al\u00f3. Con la elecci\u00f3n por abrumadora mayor\u00eda del arquitecto\u2026","rel":"","context":"En \u00abPol\u00edtica\u00bb","block_context":{"text":"Pol\u00edtica","link":"https:\/\/www.24baires.com\/?cat=51"},"img":{"alt_text":"","src":"https:\/\/i0.wp.com\/www.24baires.com\/wp-content\/uploads\/2018\/04\/universitarios.jpg?resize=350%2C200","width":350,"height":200,"srcset":"https:\/\/i0.wp.com\/www.24baires.com\/wp-content\/uploads\/2018\/04\/universitarios.jpg?resize=350%2C200 1x, https:\/\/i0.wp.com\/www.24baires.com\/wp-content\/uploads\/2018\/04\/universitarios.jpg?resize=525%2C300 1.5x"},"classes":[]},{"id":104397,"url":"https:\/\/www.24baires.com\/?p=104397","url_meta":{"origin":4409,"position":1},"title":"Pese al acuerdo con docentes, hay 7 facultades tomadas en la Universidad de La Plata","author":"GB","date":"11\/09\/2018","format":false,"excerpt":"Los y las estudiantes de diferentes facultades de la UNLP decidieron tomar los edificios p\u00fablicos en protestas por el recorte al presupuesto universitario. El jueves se dar\u00e1 una nueva marcha federal en defensa de la educaci\u00f3n p\u00fablica. A pesar que la mayor\u00eda de los docentes universitarios acordaron el \u00faltimo ofrecimiento\u2026","rel":"","context":"En \u00abProvincia\u00bb","block_context":{"text":"Provincia","link":"https:\/\/www.24baires.com\/?cat=40"},"img":{"alt_text":"","src":"https:\/\/i0.wp.com\/www.24baires.com\/wp-content\/uploads\/2018\/09\/toma-ulp.jpg?resize=350%2C200","width":350,"height":200,"srcset":"https:\/\/i0.wp.com\/www.24baires.com\/wp-content\/uploads\/2018\/09\/toma-ulp.jpg?resize=350%2C200 1x, https:\/\/i0.wp.com\/www.24baires.com\/wp-content\/uploads\/2018\/09\/toma-ulp.jpg?resize=525%2C300 1.5x"},"classes":[]},{"id":112647,"url":"https:\/\/www.24baires.com\/?p=112647","url_meta":{"origin":4409,"position":2},"title":"La UNLP contar\u00e1 con 176 veedores para controlar las elecciones de este domingo 27","author":"GB","date":"25\/10\/2019","format":false,"excerpt":"La Universidad Nacional de La Plata contar\u00e1 con un grupo de profesionales, estudiantes y ciudadanos en general para seguir de cerca las elecciones de este domingo en diferentes puntos del pa\u00eds. La Universidad Nacional de La Plata (UNLP) dispondr\u00e1 de un grupo de 176 veedores para seguir de cerca los\u2026","rel":"","context":"En \u00abSociedad\u00bb","block_context":{"text":"Sociedad","link":"https:\/\/www.24baires.com\/?cat=1"},"img":{"alt_text":"","src":"https:\/\/i0.wp.com\/www.24baires.com\/wp-content\/uploads\/2013\/06\/URNAS-VOTOS-300x200.jpg?resize=350%2C200","width":350,"height":200},"classes":[]},{"id":4886,"url":"https:\/\/www.24baires.com\/?p=4886","url_meta":{"origin":4409,"position":3},"title":"Elecciones en la UNLP: en Periodismo triunf\u00f3 \u00abla Walsh\u201d y Franja Morada en Derecho","author":"Grupo Sierra","date":"10\/11\/2012","format":false,"excerpt":"La agrupaci\u00f3n retuvo el Centro de Estudiantes y la mayor\u00eda en Claustro. A lo largo de tres jornadas, sufragaron 3.673 estudiantes de la Facultad de Periodismo y Comunicaci\u00f3n Social. El acto electoral se desarroll\u00f3 con normalidad y en un clima democr\u00e1tico. Los resultados en otras unidades acad\u00e9micas. La Agrupaci\u00f3n Rodolfo\u2026","rel":"","context":"En \u00abPol\u00edtica\u00bb","block_context":{"text":"Pol\u00edtica","link":"https:\/\/www.24baires.com\/?cat=51"},"img":{"alt_text":"","src":"","width":0,"height":0},"classes":[]},{"id":107636,"url":"https:\/\/www.24baires.com\/?p=107636","url_meta":{"origin":4409,"position":4},"title":"Macri y Vidal modificaron la ley electoral para evitar una jugada del peronismo","author":"GB","date":"12\/04\/2019","format":false,"excerpt":"El jefe de Estado decidi\u00f3 eliminar la posibilidad de que un mismo candidato a gobernador se cuelgue de varios candidatos a presidente. Enojo en el PJ porque se cambian las reglas de juego sobre la marcha y porque Gerardo Morales lo hab\u00eda hecho en Jujuy en 2015 Para evitar un\u2026","rel":"","context":"En \u00abPol\u00edtica\u00bb","block_context":{"text":"Pol\u00edtica","link":"https:\/\/www.24baires.com\/?cat=51"},"img":{"alt_text":"","src":"https:\/\/i0.wp.com\/www.24baires.com\/wp-content\/uploads\/2017\/02\/casa-rosada.jpg?resize=350%2C200","width":350,"height":200,"srcset":"https:\/\/i0.wp.com\/www.24baires.com\/wp-content\/uploads\/2017\/02\/casa-rosada.jpg?resize=350%2C200 1x, https:\/\/i0.wp.com\/www.24baires.com\/wp-content\/uploads\/2017\/02\/casa-rosada.jpg?resize=525%2C300 1.5x"},"classes":[]},{"id":52390,"url":"https:\/\/www.24baires.com\/?p=52390","url_meta":{"origin":4409,"position":5},"title":"La UNLP permitir\u00e1 realizar el curso de ingreso a distancia","author":"AF","date":"25\/08\/2014","format":false,"excerpt":"De cara al ciclo lectivo 2015, varias facultades de la Universidad Nacional de La Plata (UNLP) comenzar\u00e1n a dictar, bajo la modalidad a distancia, sus cursos de ingreso durante el segundo cuatrimestre del a\u00f1o. Desde su casa y frente a una computadora conectada a internet, los futuros ingresantes podr\u00e1n realizar\u2026","rel":"","context":"En \u00abSociedad\u00bb","block_context":{"text":"Sociedad","link":"https:\/\/www.24baires.com\/?cat=1"},"img":{"alt_text":"unlp","src":"https:\/\/i0.wp.com\/www.24baires.com\/wp-content\/uploads\/2014\/08\/unlp.jpg?resize=350%2C200","width":350,"height":200,"srcset":"https:\/\/i0.wp.com\/www.24baires.com\/wp-content\/uploads\/2014\/08\/unlp.jpg?resize=350%2C200 1x, https:\/\/i0.wp.com\/www.24baires.com\/wp-content\/uploads\/2014\/08\/unlp.jpg?resize=525%2C300 1.5x"},"classes":[]}],"jetpack_sharing_enabled":true,"jetpack_likes_enabled":true,"_links":{"self":[{"href":"https:\/\/www.24baires.com\/index.php?rest_route=\/wp\/v2\/posts\/4409","targetHints":{"allow":["GET"]}}],"collection":[{"href":"https:\/\/www.24baires.com\/index.php?rest_route=\/wp\/v2\/posts"}],"about":[{"href":"https:\/\/www.24baires.com\/index.php?rest_route=\/wp\/v2\/types\/post"}],"author":[{"embeddable":true,"href":"https:\/\/www.24baires.com\/index.php?rest_route=\/wp\/v2\/users\/11"}],"replies":[{"embeddable":true,"href":"https:\/\/www.24baires.com\/index.php?rest_route=%2Fwp%2Fv2%2Fcomments&post=4409"}],"version-history":[{"count":3,"href":"https:\/\/www.24baires.com\/index.php?rest_route=\/wp\/v2\/posts\/4409\/revisions"}],"predecessor-version":[{"id":4413,"href":"https:\/\/www.24baires.com\/index.php?rest_route=\/wp\/v2\/posts\/4409\/revisions\/4413"}],"wp:attachment":[{"href":"https:\/\/www.24baires.com\/index.php?rest_route=%2Fwp%2Fv2%2Fmedia&parent=4409"}],"wp:term":[{"taxonomy":"category","embeddable":true,"href":"https:\/\/www.24baires.com\/index.php?rest_route=%2Fwp%2Fv2%2Fcategories&post=4409"},{"taxonomy":"post_tag","embeddable":true,"href":"https:\/\/www.24baires.com\/index.php?rest_route=%2Fwp%2Fv2%2Ftags&post=4409"}],"curies":[{"name":"wp","href":"https:\/\/api.w.org\/{rel}","templated":true}]}}