{"id":44041,"date":"2014-04-16T19:15:12","date_gmt":"2014-04-16T22:15:12","guid":{"rendered":"http:\/\/www.24baires.com\/?p=44041"},"modified":"2014-04-16T19:36:03","modified_gmt":"2014-04-16T22:36:03","slug":"contra-un-mal-de-siempre-el-trabajo-en-negro","status":"publish","type":"post","link":"https:\/\/www.24baires.com\/?p=44041","title":{"rendered":"Contra un mal de siempre, el trabajo en negro"},"content":{"rendered":"<p style=\"text-align: left;\"><img data-recalc-dims=\"1\" loading=\"lazy\" decoding=\"async\" class=\"aligncenter  wp-image-44042\" alt=\"trabajo en negro\" src=\"https:\/\/i0.wp.com\/www.24baires.com\/wp-content\/uploads\/2014\/04\/trabajo-en-negro.jpg?resize=560%2C375\" width=\"560\" height=\"375\" \/>Cuando se habla desde el oficialismo nacional de \u201cprofundizar el modelo\u201d que ha gobernado a la Argentina desde 2003, eso, m\u00e1s all\u00e1 del discurso, debe materializarse en acciones concretas, en gestiones puntuales que avancen sobre las problem\u00e1ticas que siguen siendo los grandes obst\u00e1culos que tiene nuestro pa\u00eds para prosperar. Obst\u00e1culos que vienen acarre\u00e1ndose desde d\u00e9cadas atr\u00e1s, que han propiciado y desencadenado males que sufrimos de manera m\u00e1s acuciante en la actualidad, como es el caso de la seguridad.<\/p>\n<p><!--more--><\/p>\n<p>Las reformas educativas neoliberales de los \u201990 dejaron a miles y miles de chicos fuera del sistema educativo, la falta de empleo, el crecimiento veloz de la pobreza y la miseria en el gobierno menemista y ahondada en el de De La R\u00faa, no s\u00f3lo provocaron la peor crisis vivida, all\u00e1 en el 2001, sino que dejaron a tanta gente fuera del sistema, -no s\u00f3lo olvidada de las pol\u00edticas p\u00fablicas, sino apartadas aun m\u00e1s por ellas-, que despu\u00e9s de m\u00e1s de diez a\u00f1os de avances, seguimos sufriendo la desigualdad que el neoliberalismo salvaje plant\u00f3 y reg\u00f3 en nuestra tierra durante tantos a\u00f1os.<\/p>\n<p>Entonces, todo lo que se hace puede parecer poco, por un simple hecho: estaba todo por hacerse. Y luego de m\u00e1s de una d\u00e9cada de gobierno, l\u00f3gicamente aun hay mucho por legislar, muchos proyectos en los que avanzar, muchos derechos a recuperar o conquistar. Tal es el caso de un flagelo enquistado en nuestra sociedad que, me animo a decir, parece ser de los m\u00e1s dif\u00edciles de desenquietar: me refiero al trabajo en negro o \u201cinformal\u201d.<\/p>\n<p>Pero todo, cuando llega, parece remarcar la necesidad y el vac\u00edo que exist\u00eda antes de que tal cosa sucediese, pero pocas veces resalta el esfuerzo impreso en el largo camino que se recorre hasta que al fin se logra. Ese es el caso del nuevo proyecto de ley de Promoci\u00f3n del Trabajo Registrado y Prevenci\u00f3n del Fraude Laboral que la Presidenta Cristina Fern\u00e1ndez de Kirchner envi\u00f3 al Congreso Nacional.<\/p>\n<p>De esta manera, se profundiza sobre un \u00e1rea sensible a todos los argentinos, ya que luego de crear millones de puestos de empleo, se empieza a reparar la pata m\u00e1s floja de esa mesa, pues se pretende erradicar el trabajo informal a trav\u00e9s de la formalizaci\u00f3n de 650 mil puestos en dos a\u00f1os.<\/p>\n<p>Cristina, que calific\u00f3 al empleo no registrado como \u201cel segundo problema que afecta a los trabajadores argentinos, despu\u00e9s de la desocupaci\u00f3n\u201d, pidi\u00f3 \u201cabordar con seriedad\u201d las discusiones sobre los distintos proyectos de pa\u00eds, a pocos d\u00edas del Paro organizado por Moyano, Barrionuevo, Micheli y Venegas, quien dijo que el trabajo en negro y precarizado no estaba entre los reclamos del paro. \u00c9l, justo, que no acompa\u00f1\u00f3 el Estatuto del Pe\u00f3n Rural.<\/p>\n<p>Para \u201ccontinuar luchando contra la precarizaci\u00f3n laboral\u201d, adem\u00e1s de pedir a los sindicalistas que defiendan los puestos de trabajo creados, la Jefa de Estado afirm\u00f3 que habr\u00e1 incentivos a microemprendedores y peque\u00f1as y medianas empresas. Tambi\u00e9n se ampliar\u00e1n dos instrumentos ya existentes: los beneficios para la contrataci\u00f3n de nuevos trabajadores (Ley 26.476) y la difusi\u00f3n de los convenios de corresponsabilidad gremial, as\u00ed como se establecer\u00e1 un R\u00e9gimen Especial y Permanente de Contribuciones a la Seguridad Social para Micreoempresas que desarrollen menores niveles de productividad. Tambi\u00e9n se contempla la creaci\u00f3n de un registro de empresas que incumplan sus obligaciones fiscales, quienes ser\u00e1n susceptibles al retiro de beneficios impositivos y subsidios.<\/p>\n<p>Los \u00edndices de desocupaci\u00f3n bajan trimestre a trimestre, de hecho, con la creaci\u00f3n de 6 millones de nuevos puestos de empleo en los \u00faltimos diez a\u00f1os, hoy contamos con una cifra propicia que arroj\u00f3 un 6.4% a finales del a\u00f1o pasado. Si recordamos, imprescindible ejercicio, que en el a\u00f1o 2003 casi la mitad del pa\u00eds estaba desocupado (49.6%), veremos que esta medida del gobierno profundiza un modelo de inclusi\u00f3n social que aun necesita apuntalarse y nutrirse, pero que no deja de ampliar derechos, porque esa es la \u00fanica forma de construir un pa\u00eds para todos y todas.<\/p>\n<p>&nbsp;<\/p>\n<p>&nbsp;<\/p>\n<p>&nbsp;<\/p>\n<p>&nbsp;<\/p>\n<p>&nbsp;<\/p>\n<p>&nbsp;<\/p>\n","protected":false},"excerpt":{"rendered":"<p>Cuando se habla desde el oficialismo nacional de \u201cprofundizar el modelo\u201d que ha gobernado a la Argentina desde 2003, eso, m\u00e1s all\u00e1 del discurso, debe materializarse en acciones concretas, en gestiones puntuales que avancen sobre las problem\u00e1ticas que siguen siendo los grandes obst\u00e1culos que tiene nuestro pa\u00eds para prosperar. Obst\u00e1culos que vienen acarre\u00e1ndose desde d\u00e9cadas atr\u00e1s, que han propiciado y [&#8230;]<\/p>\n","protected":false},"author":8,"featured_media":0,"comment_status":"open","ping_status":"open","sticky":false,"template":"","format":"standard","meta":{"_jetpack_newsletter_access":"","_jetpack_dont_email_post_to_subs":false,"_jetpack_newsletter_tier_id":0,"_jetpack_memberships_contains_paywalled_content":false,"_jetpack_memberships_contains_paid_content":false,"footnotes":""},"categories":[64],"tags":[],"class_list":["post-44041","post","type-post","status-publish","format-standard","hentry","category-opinion"],"jetpack_featured_media_url":"","jetpack_shortlink":"https:\/\/wp.me\/p2JWE0-bsl","jetpack-related-posts":[{"id":118473,"url":"https:\/\/www.24baires.com\/?p=118473","url_meta":{"origin":44041,"position":0},"title":"Sileoni: \u00ablos educadores jam\u00e1s damos por perdido a nadie\u00bb","author":"GB","date":"20\/01\/2022","format":false,"excerpt":"El ministro de Educaci\u00f3n bonaerense asegur\u00f3 que desde la Provincia ir\u00e1n a buscar a los chicos que dejaron la escuela para que retomen sus estudios. Las declaraciones de la ministra de Educaci\u00f3n de la Ciudad Aut\u00f3noma de Buenos Aires, Soledad Acu\u00f1a, quien dijo que \"ya es tarde\" para el retorno\u2026","rel":"","context":"En \u00abLocales\u00bb","block_context":{"text":"Locales","link":"https:\/\/www.24baires.com\/?cat=38"},"img":{"alt_text":"","src":"https:\/\/i0.wp.com\/www.24baires.com\/wp-content\/uploads\/2022\/01\/sileonijpg.jpg?resize=350%2C200","width":350,"height":200},"classes":[]},{"id":100268,"url":"https:\/\/www.24baires.com\/?p=100268","url_meta":{"origin":44041,"position":1},"title":"Vidal anunci\u00f3 m\u00e1s inversi\u00f3n en comedores y construcci\u00f3n de salitas","author":"GB","date":"31\/01\/2018","format":false,"excerpt":"El Gobierno de la Provincia sum\u00f3 una universidad p\u00fablica a la cobertura del boleto estudiantil y anunci\u00f3 la construcci\u00f3n de 650 salas para chicos y chicas de 5 a\u00f1os. Adem\u00e1s, la mandataria destac\u00f3 el incremento del dinero destinado a comedores por alumno en \u201ccasi 150 por ciento\u201d. La gobernadora de\u2026","rel":"","context":"En \u00abProvincia\u00bb","block_context":{"text":"Provincia","link":"https:\/\/www.24baires.com\/?cat=40"},"img":{"alt_text":"","src":"https:\/\/i0.wp.com\/www.24baires.com\/wp-content\/uploads\/2018\/01\/vidal-anuncios.jpg?resize=350%2C200","width":350,"height":200,"srcset":"https:\/\/i0.wp.com\/www.24baires.com\/wp-content\/uploads\/2018\/01\/vidal-anuncios.jpg?resize=350%2C200 1x, https:\/\/i0.wp.com\/www.24baires.com\/wp-content\/uploads\/2018\/01\/vidal-anuncios.jpg?resize=525%2C300 1.5x"},"classes":[]},{"id":122094,"url":"https:\/\/www.24baires.com\/?p=122094","url_meta":{"origin":44041,"position":2},"title":"\u00abNos dicen que la escuela p\u00fablica no sirve, pero en la Provincia seguimos invirtiendo\u00bb","author":"GB","date":"05\/03\/2025","format":false,"excerpt":"El gobernador encabez\u00f3 el comienzo de clases con la inauguraci\u00f3n de un polo educativo en Pilar. Durante su discurso defendi\u00f3 la educaci\u00f3n p\u00fablica. Y critic\u00f3 el ajuste del Gobierno nacional. Axel Kicillof dio inicio al ciclo lectivo 2025 con la inauguraci\u00f3n del Polo Educativo de Villa Luj\u00e1n, en Presidente Derqui,\u2026","rel":"","context":"En \u00abProvincia\u00bb","block_context":{"text":"Provincia","link":"https:\/\/www.24baires.com\/?cat=40"},"img":{"alt_text":"","src":"https:\/\/i0.wp.com\/www.24baires.com\/wp-content\/uploads\/2025\/03\/inicio-ciclo-2025.jpg?resize=350%2C200","width":350,"height":200,"srcset":"https:\/\/i0.wp.com\/www.24baires.com\/wp-content\/uploads\/2025\/03\/inicio-ciclo-2025.jpg?resize=350%2C200 1x, https:\/\/i0.wp.com\/www.24baires.com\/wp-content\/uploads\/2025\/03\/inicio-ciclo-2025.jpg?resize=525%2C300 1.5x, https:\/\/i0.wp.com\/www.24baires.com\/wp-content\/uploads\/2025\/03\/inicio-ciclo-2025.jpg?resize=700%2C400 2x"},"classes":[]},{"id":104977,"url":"https:\/\/www.24baires.com\/?p=104977","url_meta":{"origin":44041,"position":3},"title":"Macri dijo que \u00abnadie puede cobrar m\u00e1s de lo que vale su trabajo\u00bb","author":"AF","date":"17\/10\/2018","format":false,"excerpt":"Al inaugurar un parque e\u00f3lico en Chubut, el Presidente apunt\u00f3 contra \"el costo de la log\u00edstica\" en la Argentina e incluy\u00f3 en esa categor\u00eda a los salarios. \"Cada uno tiene que cobrar lo que corresponde, nadie puede pretender cobrar m\u00e1s de lo que vale su trabajo porque deja a cientos\u2026","rel":"","context":"En \u00abPol\u00edtica\u00bb","block_context":{"text":"Pol\u00edtica","link":"https:\/\/www.24baires.com\/?cat=51"},"img":{"alt_text":"","src":"https:\/\/i0.wp.com\/www.24baires.com\/wp-content\/uploads\/2018\/10\/maCri-rawson.jpg?resize=350%2C200","width":350,"height":200,"srcset":"https:\/\/i0.wp.com\/www.24baires.com\/wp-content\/uploads\/2018\/10\/maCri-rawson.jpg?resize=350%2C200 1x, https:\/\/i0.wp.com\/www.24baires.com\/wp-content\/uploads\/2018\/10\/maCri-rawson.jpg?resize=525%2C300 1.5x"},"classes":[]},{"id":93445,"url":"https:\/\/www.24baires.com\/?p=93445","url_meta":{"origin":44041,"position":4},"title":"Macri asegur\u00f3 que el pa\u00eds est\u00e1 creciendo, pero reconoci\u00f3 que \u00ablentamente\u00bb","author":"AF","date":"30\/03\/2017","format":false,"excerpt":"El presidente Mauricio Macri afirm\u00f3 que \u201clentamente, pero estamos creciendo, necesitamos crecer m\u00e1s porque hay mucha gente que todav\u00eda no lo siente, no la est\u00e1 pasando bien, pero tenemos que transmitirle que estamos convencido que este es el camino\u201d. El presidente Mauricio Macri visit\u00f3 este jueves una pyme de helados\u2026","rel":"","context":"En \u00abPol\u00edtica\u00bb","block_context":{"text":"Pol\u00edtica","link":"https:\/\/www.24baires.com\/?cat=51"},"img":{"alt_text":"","src":"https:\/\/i0.wp.com\/www.24baires.com\/wp-content\/uploads\/2017\/02\/macri-conferencia.jpg?resize=350%2C200","width":350,"height":200,"srcset":"https:\/\/i0.wp.com\/www.24baires.com\/wp-content\/uploads\/2017\/02\/macri-conferencia.jpg?resize=350%2C200 1x, https:\/\/i0.wp.com\/www.24baires.com\/wp-content\/uploads\/2017\/02\/macri-conferencia.jpg?resize=525%2C300 1.5x"},"classes":[]},{"id":117775,"url":"https:\/\/www.24baires.com\/?p=117775","url_meta":{"origin":44041,"position":5},"title":"Reclaman por falta de calefacci\u00f3n en las escuelas","author":"GB","date":"17\/06\/2021","format":false,"excerpt":"Desde Udocba denunciaron que \"m\u00e1s del 70% de las escuelas en La Plata est\u00e1n en malas condiciones\". Volvieron las clases presenciales en el AMBA y las localidades bonaerenses en fase 3; en La Plata contin\u00faa la pol\u00e9mica por la falta de calefacci\u00f3n y problemas edilicios de los establecimientos educativos. El\u2026","rel":"","context":"En \u00abProvincia\u00bb","block_context":{"text":"Provincia","link":"https:\/\/www.24baires.com\/?cat=40"},"img":{"alt_text":"","src":"https:\/\/i0.wp.com\/www.24baires.com\/wp-content\/uploads\/2021\/06\/reclamo-calefaccion.jpg?resize=350%2C200","width":350,"height":200,"srcset":"https:\/\/i0.wp.com\/www.24baires.com\/wp-content\/uploads\/2021\/06\/reclamo-calefaccion.jpg?resize=350%2C200 1x, https:\/\/i0.wp.com\/www.24baires.com\/wp-content\/uploads\/2021\/06\/reclamo-calefaccion.jpg?resize=525%2C300 1.5x"},"classes":[]}],"jetpack_sharing_enabled":true,"jetpack_likes_enabled":true,"_links":{"self":[{"href":"https:\/\/www.24baires.com\/index.php?rest_route=\/wp\/v2\/posts\/44041","targetHints":{"allow":["GET"]}}],"collection":[{"href":"https:\/\/www.24baires.com\/index.php?rest_route=\/wp\/v2\/posts"}],"about":[{"href":"https:\/\/www.24baires.com\/index.php?rest_route=\/wp\/v2\/types\/post"}],"author":[{"embeddable":true,"href":"https:\/\/www.24baires.com\/index.php?rest_route=\/wp\/v2\/users\/8"}],"replies":[{"embeddable":true,"href":"https:\/\/www.24baires.com\/index.php?rest_route=%2Fwp%2Fv2%2Fcomments&post=44041"}],"version-history":[{"count":2,"href":"https:\/\/www.24baires.com\/index.php?rest_route=\/wp\/v2\/posts\/44041\/revisions"}],"predecessor-version":[{"id":44046,"href":"https:\/\/www.24baires.com\/index.php?rest_route=\/wp\/v2\/posts\/44041\/revisions\/44046"}],"wp:attachment":[{"href":"https:\/\/www.24baires.com\/index.php?rest_route=%2Fwp%2Fv2%2Fmedia&parent=44041"}],"wp:term":[{"taxonomy":"category","embeddable":true,"href":"https:\/\/www.24baires.com\/index.php?rest_route=%2Fwp%2Fv2%2Fcategories&post=44041"},{"taxonomy":"post_tag","embeddable":true,"href":"https:\/\/www.24baires.com\/index.php?rest_route=%2Fwp%2Fv2%2Ftags&post=44041"}],"curies":[{"name":"wp","href":"https:\/\/api.w.org\/{rel}","templated":true}]}}