{"id":4404,"date":"2012-11-04T18:48:15","date_gmt":"2012-11-04T21:48:15","guid":{"rendered":"http:\/\/www.24baires.com\/?p=4404"},"modified":"2012-11-05T12:46:41","modified_gmt":"2012-11-05T15:46:41","slug":"esta-semana-scioli-retoma-las-negociaciones-con-el-gremio-docente","status":"publish","type":"post","link":"https:\/\/www.24baires.com\/?p=4404","title":{"rendered":"Esta semana Scioli retoma las negociaciones con el gremio docente"},"content":{"rendered":"<p><img data-recalc-dims=\"1\" loading=\"lazy\" decoding=\"async\" class=\"alignleft size-medium wp-image-4405\" title=\"Scioli clima politico\" src=\"https:\/\/i0.wp.com\/www.24baires.com\/wp-content\/uploads\/2012\/11\/Scioli-clima-politico.jpg?resize=300%2C214\" alt=\"\" width=\"300\" height=\"214\" srcset=\"https:\/\/i0.wp.com\/www.24baires.com\/wp-content\/uploads\/2012\/11\/Scioli-clima-politico.jpg?resize=300%2C214&amp;ssl=1 300w, https:\/\/i0.wp.com\/www.24baires.com\/wp-content\/uploads\/2012\/11\/Scioli-clima-politico.jpg?w=560&amp;ssl=1 560w\" sizes=\"auto, (max-width: 300px) 100vw, 300px\" \/>El Ejecutivo provincial y los gremios docentes retoman las negociaciones el pr\u00f3ximo martes. La Federaci\u00f3n de Educadores Bonaerenses defini\u00f3 un nuevo paro y lo at\u00f3 al resultado de la reuni\u00f3n. Amenaza con votar el no inicio de clases para el a\u00f1o pr\u00f3ximo.<!--more--><br \/>\nEn medio de amenazas de nuevos paros en las escuelas, el Gobierno bonaerense convoc\u00f3 formalmente a los sindicatos docentes de la provincia para el martes pr\u00f3ximo. Los resultados de ese encuentro ser\u00e1n determinantes para futuras acciones gremiales en lo queda del ciclo lectivo.<\/p>\n<p>La Federaci\u00f3n de Educadores Bonaerenses (FEB) defini\u00f3 ayer realizar otras 48 horas de paro aunque no les puso fecha y at\u00f3 su concreci\u00f3n a los resultados de reuni\u00f3n convocada por la Direcci\u00f3n General de Cultura y educaci\u00f3n para el martes a las 18. El gremio tambi\u00e9n amenaz\u00f3 con votar el no inicio de clases para el a\u00f1o pr\u00f3ximo.<\/p>\n<p>La titular de FEB, Mirta Petrocini, dijo que el Frente Gremial Docente -que lidera ese sindicato junto a Suteba- insistir\u00e1 con su reclamo por reapertura de paritarias para discutir aumentos salariales. \u00abEs una convocatoria largamente esperada. Es necesario hablar de salarios, pero hablar de salarios significa soluciones y resultados\u00bb, advirti\u00f3. En esa l\u00ednea, indic\u00f3 que si los resultados \u00abno cumplen con nuestras expectativas\u00bb la FEB pondr\u00e1 fecha a las medidas de fuerza en acuerdo con el resto de los gremios del Frente Gremial.<\/p>\n<p>No obstante, fuentes oficiales sosten\u00edan hoy que la Provincia no est\u00e1 dispuesta a negociar aumentos salariales y que la intenci\u00f3n de la convocatoria es abordar aspectos relacionados a las \u00e1reas de educaci\u00f3n y salud del sector.<\/p>\n<p>La titular de Educaci\u00f3n, Nora de Lucia, y el ministro de Trabajo, Oscar Cuartango, vienen repitiendo que no se reabrir\u00e1 este a\u00f1o la discusi\u00f3n salarial.<\/p>\n<p>Los docentes vienen de protagonizar un contundente paro de 48 horas el 23 y 24 de octubre por reapertura de paritarias, pago de sueldos adeudados y mejoras en infraestructura escolar, entre otros puntos que volver\u00e1n a plantear en la mesa de negociaci\u00f3n del martes.<br \/>\nHoy, el Sindicato Unificado de Trabajadores de la Educaci\u00f3n (Suteba) convoc\u00f3 para la pr\u00f3xima semana a un plenario de secretarios generales para \u00abdefinir las futuras medidas de fuerza\u00bb en territorio bonaerense, indic\u00f3 el gremio en un comunicado.<\/p>\n<p>El congreso de la FEB vot\u00f3 no s\u00f3lo un paro de 48 horas sino tambi\u00e9n la realizaci\u00f3n \u00abmovilizaciones, asambleas distritales de docentes y otras actividades tendientes a difundir la situaci\u00f3n por la que atraviesan los educadores bonaerenses\u00bb.<\/p>\n<p>Adem\u00e1s, en un comunicado, se indic\u00f3 que \u00ablos congresales advirtieron que, si no existen avances concretos ni respuestas favorables, se podr\u00eda votar el no inicio del ciclo lectivo 2013\u00bb.<\/p>\n<p>Petrocini enumer\u00f3, entre otros reclamos, que \u00abla falta de cobro de salarios de miles de docentes, la falta de cobertura de cargos, el mal funcionamiento del Servicio Alimentario Escolar y del Servicio de Transporte, la negativa a discutir salarios y los a\u00f1os de reclamos por la demora en el pago de los &#8216;premios&#8217; jubilatorios a cientos de docentes\u00bb.<\/p>\n<p>Asimismo, la gremialista dijo que \u00abvamos a seguir luchando por la eliminaci\u00f3n de la 4\u00b0 Categor\u00eda del Impuesto a las Ganancias y la universalizaci\u00f3n de las Asignaciones Familiares; si no se modifican estas cuestiones, cualquier discusi\u00f3n salarial a futuro ser\u00e1 conflictiva, porque los trabajadores terminamos financiando nuestro propio aumento\u00bb.<\/p>\n","protected":false},"excerpt":{"rendered":"<p>El Ejecutivo provincial y los gremios docentes retoman las negociaciones el pr\u00f3ximo martes. La Federaci\u00f3n de Educadores Bonaerenses defini\u00f3 un nuevo paro y lo at\u00f3 al resultado de la reuni\u00f3n. Amenaza con votar el no inicio de clases para el a\u00f1o pr\u00f3ximo.<\/p>\n","protected":false},"author":11,"featured_media":0,"comment_status":"open","ping_status":"open","sticky":false,"template":"","format":"standard","meta":{"_jetpack_newsletter_access":"","_jetpack_dont_email_post_to_subs":false,"_jetpack_newsletter_tier_id":0,"_jetpack_memberships_contains_paywalled_content":false,"_jetpack_memberships_contains_paid_content":false,"footnotes":""},"categories":[40],"tags":[],"class_list":["post-4404","post","type-post","status-publish","format-standard","hentry","category-provincia"],"jetpack_featured_media_url":"","jetpack_shortlink":"https:\/\/wp.me\/p2JWE0-192","jetpack-related-posts":[{"id":107308,"url":"https:\/\/www.24baires.com\/?p=107308","url_meta":{"origin":4404,"position":0},"title":"Docentes: cada vez m\u00e1s cerca de un nuevo paro","author":"GB","date":"21\/03\/2019","format":false,"excerpt":"Los docentes quedaron hoy m\u00e1s cerca de un nuevo paro luego de que la Federaci\u00f3n de Educadores bonaerenses (FEB) votara llevar adelante esa medida de fuerza en el marco de su Congreso Extraordinario, voluntad que se consensuar\u00e1 en las pr\u00f3ximas horas con los otros gremios que integran el Frente de\u2026","rel":"","context":"En \u00abProvincia\u00bb","block_context":{"text":"Provincia","link":"https:\/\/www.24baires.com\/?cat=40"},"img":{"alt_text":"","src":"https:\/\/i0.wp.com\/www.24baires.com\/wp-content\/uploads\/2019\/03\/asamblea-feb-300x200.jpg?resize=350%2C200","width":350,"height":200},"classes":[]},{"id":122289,"url":"https:\/\/www.24baires.com\/?p=122289","url_meta":{"origin":4404,"position":1},"title":"Docentes bonaeresenes paran pese a la concicliaci\u00f3n obligatoria","author":"GB","date":"20\/05\/2025","format":false,"excerpt":"Las clases en las escuelas p\u00fablicas de toda la provincia de Buenos Aires se ver\u00e1n opacadas hoy por el paro convocado por un gremio docente. Aunque el gobierno bonaerense dict\u00f3 la conciliaci\u00f3n obligatoria, la Federaci\u00f3n de Educadores Bonaerenses (FEB) ratific\u00f3 el paro de docentes convocado para este martes. Las clases\u2026","rel":"","context":"En \u00abProvincia\u00bb","block_context":{"text":"Provincia","link":"https:\/\/www.24baires.com\/?cat=40"},"img":{"alt_text":"","src":"https:\/\/i0.wp.com\/www.24baires.com\/wp-content\/uploads\/2013\/02\/aula-vac%C3%ADa.jpg?resize=350%2C200","width":350,"height":200,"srcset":"https:\/\/i0.wp.com\/www.24baires.com\/wp-content\/uploads\/2013\/02\/aula-vac%C3%ADa.jpg?resize=350%2C200 1x, https:\/\/i0.wp.com\/www.24baires.com\/wp-content\/uploads\/2013\/02\/aula-vac%C3%ADa.jpg?resize=525%2C300 1.5x, https:\/\/i0.wp.com\/www.24baires.com\/wp-content\/uploads\/2013\/02\/aula-vac%C3%ADa.jpg?resize=700%2C400 2x"},"classes":[]},{"id":103061,"url":"https:\/\/www.24baires.com\/?p=103061","url_meta":{"origin":4404,"position":2},"title":"Los docentes bonaerenses har\u00e1n un paro antes de las vacaciones de invierno","author":"GB","date":"29\/06\/2018","format":false,"excerpt":"Tras el paro nacional del 3 de julio por la represi\u00f3n en Chubut, los gremios retomar\u00e1n las medidas de fuerza en la Provincia \"por la falta de respuestas del Gobierno\". Podr\u00edan no iniciar las clases tras el receso invernal. Los gremios docentes bonaerenses realizar\u00e1n un paro provincial antes de las\u2026","rel":"","context":"En \u00abProvincia\u00bb","block_context":{"text":"Provincia","link":"https:\/\/www.24baires.com\/?cat=40"},"img":{"alt_text":"","src":"https:\/\/i0.wp.com\/www.24baires.com\/wp-content\/uploads\/2018\/04\/paro-docente.jpg?resize=350%2C200","width":350,"height":200,"srcset":"https:\/\/i0.wp.com\/www.24baires.com\/wp-content\/uploads\/2018\/04\/paro-docente.jpg?resize=350%2C200 1x, https:\/\/i0.wp.com\/www.24baires.com\/wp-content\/uploads\/2018\/04\/paro-docente.jpg?resize=525%2C300 1.5x"},"classes":[]},{"id":95461,"url":"https:\/\/www.24baires.com\/?p=95461","url_meta":{"origin":4404,"position":3},"title":"Vidal convoc\u00f3 a docentes el pr\u00f3ximo mi\u00e9rcoles","author":"GB","date":"26\/06\/2017","format":false,"excerpt":"La reuni\u00f3n est\u00e1 pautada para el mi\u00e9rcoles a las 11 en la sede de la cartera de Econom\u00eda. A partir de este martes los docentes percibir\u00e1n el tercer anticipo a cuenta del acuerdo paritario al que se arribe con los gremios. El Gobierno bonaerense convoc\u00f3 para este mi\u00e9rcoles a los\u2026","rel":"","context":"En \u00abProvincia\u00bb","block_context":{"text":"Provincia","link":"https:\/\/www.24baires.com\/?cat=40"},"img":{"alt_text":"","src":"https:\/\/i0.wp.com\/www.24baires.com\/wp-content\/uploads\/2015\/04\/marcha-docentes.jpg?resize=350%2C200","width":350,"height":200,"srcset":"https:\/\/i0.wp.com\/www.24baires.com\/wp-content\/uploads\/2015\/04\/marcha-docentes.jpg?resize=350%2C200 1x, https:\/\/i0.wp.com\/www.24baires.com\/wp-content\/uploads\/2015\/04\/marcha-docentes.jpg?resize=525%2C300 1.5x"},"classes":[]},{"id":101627,"url":"https:\/\/www.24baires.com\/?p=101627","url_meta":{"origin":4404,"position":4},"title":"Docentes y Gobierno volver\u00e1n a discutir paritarias el pr\u00f3ximo viernes","author":"AF","date":"16\/04\/2018","format":false,"excerpt":"El Gobierno bonaerense convoc\u00f3 hoy a los gremios docentes provinciales a una nueva reuni\u00f3n paritaria para este viernes a las 15 horas en el Ministerio de Econom\u00eda, en la ciudad de La Plata. El llamado a negociar fue confirmado a DIB por una fuente oficial. Este ser\u00e1 la s\u00e9ptima reuni\u00f3n\u2026","rel":"","context":"En \u00abSociedad\u00bb","block_context":{"text":"Sociedad","link":"https:\/\/www.24baires.com\/?cat=1"},"img":{"alt_text":"","src":"https:\/\/i0.wp.com\/www.24baires.com\/wp-content\/uploads\/2018\/02\/docentes.jpg?resize=350%2C200","width":350,"height":200,"srcset":"https:\/\/i0.wp.com\/www.24baires.com\/wp-content\/uploads\/2018\/02\/docentes.jpg?resize=350%2C200 1x, https:\/\/i0.wp.com\/www.24baires.com\/wp-content\/uploads\/2018\/02\/docentes.jpg?resize=525%2C300 1.5x"},"classes":[]},{"id":103924,"url":"https:\/\/www.24baires.com\/?p=103924","url_meta":{"origin":4404,"position":5},"title":"El Gobierno convoc\u00f3 a los docentes para el pr\u00f3ximo jueves","author":"GB","date":"16\/08\/2018","format":false,"excerpt":"El Gobierno provincial convoc\u00f3 hoy a la paritaria docente para el pr\u00f3ximo jueves 23 en el marco de la conciliaci\u00f3n obligatoria que rige hasta ma\u00f1ana. Ayer, los gremios que integran el Frente de Unidad Docente Bonaerense (FUDB) amenazaron con hacer efectivo el paro por 72 horas votado para despu\u00e9s del\u2026","rel":"","context":"En \u00abProvincia\u00bb","block_context":{"text":"Provincia","link":"https:\/\/www.24baires.com\/?cat=40"},"img":{"alt_text":"","src":"https:\/\/i0.wp.com\/www.24baires.com\/wp-content\/uploads\/2017\/10\/docentes-prov.jpg?resize=350%2C200","width":350,"height":200,"srcset":"https:\/\/i0.wp.com\/www.24baires.com\/wp-content\/uploads\/2017\/10\/docentes-prov.jpg?resize=350%2C200 1x, https:\/\/i0.wp.com\/www.24baires.com\/wp-content\/uploads\/2017\/10\/docentes-prov.jpg?resize=525%2C300 1.5x"},"classes":[]}],"jetpack_sharing_enabled":true,"jetpack_likes_enabled":true,"_links":{"self":[{"href":"https:\/\/www.24baires.com\/index.php?rest_route=\/wp\/v2\/posts\/4404","targetHints":{"allow":["GET"]}}],"collection":[{"href":"https:\/\/www.24baires.com\/index.php?rest_route=\/wp\/v2\/posts"}],"about":[{"href":"https:\/\/www.24baires.com\/index.php?rest_route=\/wp\/v2\/types\/post"}],"author":[{"embeddable":true,"href":"https:\/\/www.24baires.com\/index.php?rest_route=\/wp\/v2\/users\/11"}],"replies":[{"embeddable":true,"href":"https:\/\/www.24baires.com\/index.php?rest_route=%2Fwp%2Fv2%2Fcomments&post=4404"}],"version-history":[{"count":3,"href":"https:\/\/www.24baires.com\/index.php?rest_route=\/wp\/v2\/posts\/4404\/revisions"}],"predecessor-version":[{"id":4478,"href":"https:\/\/www.24baires.com\/index.php?rest_route=\/wp\/v2\/posts\/4404\/revisions\/4478"}],"wp:attachment":[{"href":"https:\/\/www.24baires.com\/index.php?rest_route=%2Fwp%2Fv2%2Fmedia&parent=4404"}],"wp:term":[{"taxonomy":"category","embeddable":true,"href":"https:\/\/www.24baires.com\/index.php?rest_route=%2Fwp%2Fv2%2Fcategories&post=4404"},{"taxonomy":"post_tag","embeddable":true,"href":"https:\/\/www.24baires.com\/index.php?rest_route=%2Fwp%2Fv2%2Ftags&post=4404"}],"curies":[{"name":"wp","href":"https:\/\/api.w.org\/{rel}","templated":true}]}}