{"id":4386,"date":"2012-11-04T15:38:46","date_gmt":"2012-11-04T18:38:46","guid":{"rendered":"http:\/\/www.24baires.com\/?p=4386"},"modified":"2012-11-04T15:38:46","modified_gmt":"2012-11-04T18:38:46","slug":"un-relevamiento-oficial-evaluo-en-4-millones-de-hectareas-las-afectadas-por-la-lluvia","status":"publish","type":"post","link":"https:\/\/www.24baires.com\/?p=4386","title":{"rendered":"Un relevamiento oficial evalu\u00f3 en 4 millones de hect\u00e1reas las afectadas por la lluvia"},"content":{"rendered":"<p>El Ministerio de Asuntos Agrarios bonaerense estim\u00f3 que hay unas 4 millones de hect\u00e1reas bajo el agua tras los temporales de los \u00faltimos meses. \u201cPehuaj\u00f3 super\u00f3 los 1.400 mil\u00edmetros en el a\u00f1o. Lo mismo pasa en los partidos de Carlos Casares, Carlos Tejedor, Trenque Lauquen, Florentino Ameghino, Bol\u00edvar y 9 de Julio, con precipitaciones del orden de los 300 mil\u00edmetros\u201d.<!--more--><\/p>\n<p>La lluvia del lunes dej\u00f3 su huella en el campo. El Ministerio de Asuntos Agrarios bonaerense estim\u00f3 que, seg\u00fan los primeros informes, hay alrededor de 4 millones de hect\u00e1reas que se encuentran. Seg\u00fan informaron este se debe a la seguidilla de lluvias intentas ocurridas los \u00faltimos meses, que le dieron el cierre con la ocurrida a principios de la semana pasada.<\/p>\n<p>Es que las precipitaciones ca\u00eddas en octubre superaron ampliamente las marcas medias hist\u00f3ricas. Por ende, la tierra no tuvo tiempo de recuperarse y una vez m\u00e1s fue v\u00edctima de los fen\u00f3menos meteorol\u00f3gicos.<\/p>\n<p>De acuerdo con el revelamiento del Ministerio de Asuntos Agrarios bonaerense, \u00abPehuaj\u00f3 super\u00f3 los 1.400 mil\u00edmetros en el a\u00f1o. Lo mismo pasa en los partidos de Carlos Casares, Carlos Tejedor, Trenque Lauquen, Florentino Ameghino, Bol\u00edvar y 9 de Julio, con precipitaciones del orden de los 300 mil\u00edmetros\u00bb.<\/p>\n<p>Del mismo modo, el informe estima que solo en provincia de Buenos Aires, habr\u00eda unas 4 millones hect\u00e1reas de campo afectadas, de las cuales la mitad necesita \u00abespecial atenci\u00f3n\u00bb. \u00abLa zona del oeste bonaerense estaba comprometida, pero con una notable mejor\u00eda en su estatus de inundaci\u00f3n\u00bb, reza el texto.<\/p>\n<p>En tanto, \u00abla Cuenca baja del R\u00edo Salado que, habiendo superado el pico de crecida hacia mediados de septiembre, no lograba encauzarse debido a los grandes vol\u00famenes l\u00edquidos que recib\u00eda de aguas arriba\u00bb.<\/p>\n<p>El relevamiento adem\u00e1s se\u00f1al\u00f3 que los anegamientos podr\u00edan afectar la siembra de ma\u00edz, al tiempo que agreg\u00f3 que parte de esta superficie podr\u00eda recuperarse \u00aben siembras tard\u00edas\u00bb. A ra\u00edz de esta situaci\u00f3n, se estimaron p\u00e9rdidas millonarias que alcanzar\u00edan los 6 millones de pesos.<\/p>\n<p>Por su parte, el presidente de Coninagro, Carlos Gareto, advirti\u00f3: \u00abHoy ya peligra la cosecha r\u00e9cord. En diciembre quiz\u00e1s se pueda volver a sembrar, pero no es el mismo nivel de producci\u00f3n de los meses de primavera que en diciembre\u00bb.<\/p>\n","protected":false},"excerpt":{"rendered":"<p>El Ministerio de Asuntos Agrarios bonaerense estim\u00f3 que hay unas 4 millones de hect\u00e1reas bajo el agua tras los temporales de los \u00faltimos meses. \u201cPehuaj\u00f3 super\u00f3 los 1.400 mil\u00edmetros en el a\u00f1o. Lo mismo pasa en los partidos de Carlos Casares, Carlos Tejedor, Trenque Lauquen, Florentino Ameghino, Bol\u00edvar y 9 de Julio, con precipitaciones del orden de los 300 mil\u00edmetros\u201d.<\/p>\n","protected":false},"author":11,"featured_media":0,"comment_status":"open","ping_status":"open","sticky":false,"template":"","format":"standard","meta":{"_jetpack_newsletter_access":"","_jetpack_dont_email_post_to_subs":false,"_jetpack_newsletter_tier_id":0,"_jetpack_memberships_contains_paywalled_content":false,"_jetpack_memberships_contains_paid_content":false,"footnotes":""},"categories":[40],"tags":[],"class_list":["post-4386","post","type-post","status-publish","format-standard","hentry","category-provincia"],"jetpack_featured_media_url":"","jetpack_shortlink":"https:\/\/wp.me\/p2JWE0-18K","jetpack-related-posts":[{"id":53740,"url":"https:\/\/www.24baires.com\/?p=53740","url_meta":{"origin":4386,"position":0},"title":"Casi el 25 % de los campos productivos de la Provincia est\u00e1n afectados por las inundaciones","author":"GB","date":"16\/09\/2014","format":false,"excerpt":"El Ministerio de Agricultura, Ganader\u00eda y Pesca de la Naci\u00f3n y el INTA estimaron que hay entre 2,5 y 3 millones de hect\u00e1reas inundadas en la provincia y otras tantas comprometidas con \u201cencharcamiento o con falta de piso\u201d a causa de las precipitaciones acumuladas. La cifra involucra al 24 por\u2026","rel":"","context":"En \u00abProvincia\u00bb","block_context":{"text":"Provincia","link":"https:\/\/www.24baires.com\/?cat=40"},"img":{"alt_text":"oeste bonaerense inundado","src":"https:\/\/i0.wp.com\/www.24baires.com\/wp-content\/uploads\/2012\/12\/oeste-bonaerense-inundado.jpg?resize=350%2C200","width":350,"height":200,"srcset":"https:\/\/i0.wp.com\/www.24baires.com\/wp-content\/uploads\/2012\/12\/oeste-bonaerense-inundado.jpg?resize=350%2C200 1x, https:\/\/i0.wp.com\/www.24baires.com\/wp-content\/uploads\/2012\/12\/oeste-bonaerense-inundado.jpg?resize=525%2C300 1.5x"},"classes":[]},{"id":53719,"url":"https:\/\/www.24baires.com\/?p=53719","url_meta":{"origin":4386,"position":1},"title":"Aseguran que el 24% de las tierras de la Provincia contin\u00faan inundadas","author":"AF","date":"16\/09\/2014","format":false,"excerpt":"El Ministerio de Agricultura, Ganader\u00eda y Pesca de la Naci\u00f3n y el INTA estimaron que hay entre 2,5 y 3 millones de hect\u00e1reas inundadas en la provincia y otras tantas comprometidas con \u201cencharcamiento o con falta de piso\u201d a causa de las intensas precipitaciones acumuladas en los \u00faltimos meses. La\u2026","rel":"","context":"En \u00abProvincia\u00bb","block_context":{"text":"Provincia","link":"https:\/\/www.24baires.com\/?cat=40"},"img":{"alt_text":"campoinundado","src":"https:\/\/i0.wp.com\/www.24baires.com\/wp-content\/uploads\/2012\/10\/campoinundado.jpg?resize=350%2C200","width":350,"height":200,"srcset":"https:\/\/i0.wp.com\/www.24baires.com\/wp-content\/uploads\/2012\/10\/campoinundado.jpg?resize=350%2C200 1x, https:\/\/i0.wp.com\/www.24baires.com\/wp-content\/uploads\/2012\/10\/campoinundado.jpg?resize=525%2C300 1.5x"},"classes":[]},{"id":53137,"url":"https:\/\/www.24baires.com\/?p=53137","url_meta":{"origin":4386,"position":2},"title":"Dolores: por la tormenta, tuvieron que rescatar a las vacas en botes","author":"GB","date":"05\/09\/2014","format":false,"excerpt":"La intensificaci\u00f3n de la lluvia en los \u00faltimos d\u00edas agrav\u00f3 la situaci\u00f3n en varios distritos de la provincia. Un diputado present\u00f3 un proyecto de ley para declarar la emergencia h\u00eddrica en quince localidades. Ciertos lugares de la provincia de Buenos Aires est\u00e1n pasando por una situaci\u00f3n cr\u00edtica debido a la\u2026","rel":"","context":"En \u00abLocales\u00bb","block_context":{"text":"Locales","link":"https:\/\/www.24baires.com\/?cat=38"},"img":{"alt_text":"vaca dolores","src":"https:\/\/i0.wp.com\/www.24baires.com\/wp-content\/uploads\/2014\/09\/vaca-dolores.jpg?resize=350%2C200","width":350,"height":200,"srcset":"https:\/\/i0.wp.com\/www.24baires.com\/wp-content\/uploads\/2014\/09\/vaca-dolores.jpg?resize=350%2C200 1x, https:\/\/i0.wp.com\/www.24baires.com\/wp-content\/uploads\/2014\/09\/vaca-dolores.jpg?resize=525%2C300 1.5x"},"classes":[]},{"id":32498,"url":"https:\/\/www.24baires.com\/?p=32498","url_meta":{"origin":4386,"position":3},"title":"Noroeste bonaerense: por la sequ\u00eda, se necesitan \u00abunos 500 o 400 mil\u00edmetros de lluvia\u00bb","author":"AF","date":"26\/09\/2013","format":false,"excerpt":"As\u00ed lo precisaron especialistas de la ciudad de Trenque Lauquen ante la escasez de precipitaciones que ha tenido este 2013, situaci\u00f3n que, de acuerdo a los pron\u00f3sticos, continuar\u00e1 durante los meses pr\u00f3ximos. Seg\u00fan estimaciones, el ma\u00edz, es el m\u00e1s requirente en agua, y necesitar\u00eda alrededor de 600 mil\u00edmetros, mientras el\u2026","rel":"","context":"En \u00abProvincia\u00bb","block_context":{"text":"Provincia","link":"https:\/\/www.24baires.com\/?cat=40"},"img":{"alt_text":"","src":"","width":0,"height":0},"classes":[]},{"id":99965,"url":"https:\/\/www.24baires.com\/?p=99965","url_meta":{"origin":4386,"position":4},"title":"El promedio de lluvias en el sudoeste bonaerense en 2017 fue 20% superior a 2016","author":"AF","date":"15\/01\/2018","format":false,"excerpt":"El promedio anual de lluvias en el sudoeste bonaerense registr\u00f3 durante el 2017 un total de 805 mil\u00edmetros, un 20% m\u00e1s que en el 2016 cuando se registraron 670 mil\u00edmetros, seg\u00fan un informe elaborado por la Bolsa de Cereales y Productos de Bah\u00eda Blanca (Bcpbb), a partir de los registros\u2026","rel":"","context":"En \u00abProvincia\u00bb","block_context":{"text":"Provincia","link":"https:\/\/www.24baires.com\/?cat=40"},"img":{"alt_text":"","src":"https:\/\/i0.wp.com\/www.24baires.com\/wp-content\/uploads\/2013\/07\/la-plata-lluvia.jpg?resize=350%2C200","width":350,"height":200,"srcset":"https:\/\/i0.wp.com\/www.24baires.com\/wp-content\/uploads\/2013\/07\/la-plata-lluvia.jpg?resize=350%2C200 1x, https:\/\/i0.wp.com\/www.24baires.com\/wp-content\/uploads\/2013\/07\/la-plata-lluvia.jpg?resize=525%2C300 1.5x"},"classes":[]},{"id":89544,"url":"https:\/\/www.24baires.com\/?p=89544","url_meta":{"origin":4386,"position":5},"title":"Intendentes se re\u00fanen para delinear acciones para partidos inundados","author":"AF","date":"07\/11\/2016","format":false,"excerpt":"Intendentes de cinco distritos del noroeste bonaerense, que en total tienen un mill\u00f3n de hect\u00e1reas bajo agua, se reunir\u00e1n este lunes en el partido de General Villegas para coordinar medidas de acci\u00f3n y evaluar obras a realizar que beneficien a esa regi\u00f3n. Del encuentro participar\u00e1n adem\u00e1s del jefe comunal local,\u2026","rel":"","context":"En \u00abProvincia\u00bb","block_context":{"text":"Provincia","link":"https:\/\/www.24baires.com\/?cat=40"},"img":{"alt_text":"inundaciones entre rios","src":"https:\/\/i0.wp.com\/www.24baires.com\/wp-content\/uploads\/2016\/04\/inundaciones-entre-rios.jpg?resize=350%2C200","width":350,"height":200,"srcset":"https:\/\/i0.wp.com\/www.24baires.com\/wp-content\/uploads\/2016\/04\/inundaciones-entre-rios.jpg?resize=350%2C200 1x, https:\/\/i0.wp.com\/www.24baires.com\/wp-content\/uploads\/2016\/04\/inundaciones-entre-rios.jpg?resize=525%2C300 1.5x"},"classes":[]}],"jetpack_sharing_enabled":true,"jetpack_likes_enabled":true,"_links":{"self":[{"href":"https:\/\/www.24baires.com\/index.php?rest_route=\/wp\/v2\/posts\/4386","targetHints":{"allow":["GET"]}}],"collection":[{"href":"https:\/\/www.24baires.com\/index.php?rest_route=\/wp\/v2\/posts"}],"about":[{"href":"https:\/\/www.24baires.com\/index.php?rest_route=\/wp\/v2\/types\/post"}],"author":[{"embeddable":true,"href":"https:\/\/www.24baires.com\/index.php?rest_route=\/wp\/v2\/users\/11"}],"replies":[{"embeddable":true,"href":"https:\/\/www.24baires.com\/index.php?rest_route=%2Fwp%2Fv2%2Fcomments&post=4386"}],"version-history":[{"count":4,"href":"https:\/\/www.24baires.com\/index.php?rest_route=\/wp\/v2\/posts\/4386\/revisions"}],"predecessor-version":[{"id":4390,"href":"https:\/\/www.24baires.com\/index.php?rest_route=\/wp\/v2\/posts\/4386\/revisions\/4390"}],"wp:attachment":[{"href":"https:\/\/www.24baires.com\/index.php?rest_route=%2Fwp%2Fv2%2Fmedia&parent=4386"}],"wp:term":[{"taxonomy":"category","embeddable":true,"href":"https:\/\/www.24baires.com\/index.php?rest_route=%2Fwp%2Fv2%2Fcategories&post=4386"},{"taxonomy":"post_tag","embeddable":true,"href":"https:\/\/www.24baires.com\/index.php?rest_route=%2Fwp%2Fv2%2Ftags&post=4386"}],"curies":[{"name":"wp","href":"https:\/\/api.w.org\/{rel}","templated":true}]}}