{"id":43842,"date":"2014-04-14T18:21:26","date_gmt":"2014-04-14T21:21:26","guid":{"rendered":"http:\/\/www.24baires.com\/?p=43842"},"modified":"2014-04-14T18:21:26","modified_gmt":"2014-04-14T21:21:26","slug":"vamos-ganando-que-vengan-los-narcos-les-presentaremos-batalla","status":"publish","type":"post","link":"https:\/\/www.24baires.com\/?p=43842","title":{"rendered":"\u00a1Vamos ganando! Que vengan los narcos\u2026 \u00a1Les presentaremos batalla!"},"content":{"rendered":"<p style=\"text-align: left;\"><img data-recalc-dims=\"1\" loading=\"lazy\" decoding=\"async\" class=\"aligncenter  wp-image-35923\" alt=\"droga\" src=\"https:\/\/i0.wp.com\/www.24baires.com\/wp-content\/uploads\/2013\/11\/droga.jpg?resize=560%2C375\" width=\"560\" height=\"375\" \/>Se acabaron las salideras bancarias, ning\u00fan hombre quem\u00f3 a su mujer, y tampoco tenemos noticias de una muerte violenta en la que hubiera intervenido un menor de edad reticente a ser incluido en los m\u00faltiples programas de inclusi\u00f3n social que abundan en la provincia. Ni hablar de los secuestros virtuales protagonizados por los reclusos que, am\u00e9n de vivir a expensas del Estado, se resist\u00edan a\u00f1o tras a\u00f1o a resocializarse, y actuaban al amparo de algunos jueces que privilegiaban sus derechos por encima de aqu\u00e9llos que les correspond\u00edan a las v\u00edctimas. Se jactaban de ser garantistas. Me pregunto de qu\u00e9. Aqu\u00e9l que ten\u00eda las agallas de salir a delinquir, a convertirse por decisi\u00f3n propia en motochorro, a exponer su vida por unas pocas monedas que pod\u00eda llevarse de la cartera de una dama, deb\u00eda saber que la sociedad \u2013nosotros, porque \u00e9l se fue, eligi\u00f3 salir\u2013 deb\u00eda defenderse a ultranza. Y en tiempos violentos, para los amigos todo, para los enemigos nada. <!--more--><\/p>\n<p>Tambi\u00e9n finalizaron los linchamientos. Aunque no puedo dar fe que en este supuesto podamos hablar de un hecho de inseguridad. Podr\u00edamos preguntarle a un especialista en criminolog\u00eda y\/o pol\u00edtica criminal. Intelectuales de escritorio que no toman un bondi para ir a trabajar. \u00a1No! Qu\u00e9 pueden saber ellos. Nuestros funcionarios, los que no pueden transitar a pie el conurbano, pues deben hacerlo con sus choferes y custodios a ra\u00edz de la dif\u00edcil y peligrosa tarea que escogieron, son los \u00fanicos capaces de comprender a los damnificados de un hecho contra la propiedad, que debieron convertirse en jueces y\/o verdugos populares para seguir garantizando el pacto social. Y qu\u00e9 tiene de malo sino fueron, estrictamente hablando, los damnificados directos. Cualquier transe\u00fante es \u2013o era, de acuerdo a lo que vengo diciendo\u2013 una v\u00edctima potencial de un delito. Aunque debo reconocerlo. Hubo errores. Pero qu\u00e9 sistema de justicia no los tiene. Adem\u00e1s, si la decisi\u00f3n de aplicar la pena y\/o tormento justo no se hubiese ejecutado en el acto, el delincuente hubiese escapado, y la v\u00edctima \u2013concepto de lo m\u00e1s confuso si lo hay en esta clase de procesos\u2013 no hubiese recibido justicia. Me fui por las ramas.<\/p>\n<p>Hace un tiempo que no nos informamos \u2013o no nos han informado\u2013 sobre algunos hechos delictivos que sucedieron en el pasado pr\u00f3ximo y que provocaron, como bien viene ocurriendo desde hace diez a\u00f1os, el endurecimiento de las leyes penales. Qu\u00e9 tranquilidad. Ya quedaron en olvido las cr\u00edticas contra estas iniciativas de pol\u00edtica criminal \u2013de mano dura, como les gustaba llamarlas de modo peyorativo a algunos\u2013 que demostraron emp\u00edricamente que constituyen la \u00fanica alternativa posible si queremos enfrentar seriamente la comisi\u00f3n de delitos. Sino fuera as\u00ed, las salideras, las muertes violentas, los feminicidios, y los sucesos il\u00edcitos cometidos por menores y reincidentes no hubieran desaparecido. Y a no dudarlo, continuar\u00edan ocupando la atenci\u00f3n de los medios de comunicaci\u00f3n y la agenda de nuestros legisladores. Pero no se confundan. No es \u00e9ste un llamado al relajo, a la tranquilidad, sino a estar alerta. No podemos darnos el lujo de bajar la guardia. Este Kosovo, que es la Rep\u00fablica Argentina, no da tregua.<\/p>\n<p>El narcotr\u00e1fico nuevamente est\u00e1 asolando la regi\u00f3n. Pero a no temer. Las agencias estatales revelaron una vez m\u00e1s su costado m\u00e1s duro y salieron \u2013como siempre lo han hecho\u2013 a combatir este flagelo con u\u00f1as y dientes. La Corte Suprema exigi\u00f3 m\u00e1s recursos, pues los jueces federales del norte del pa\u00eds no est\u00e1n dando abasto. Las mulas, transas y el resto de los micro-traficantes que vienen concentrando el grueso de su trabajo los est\u00e1n desbordando. Adem\u00e1s, en el transcurso de la semana pasada, se neg\u00f3 a prescribir una investigaci\u00f3n por hechos de delincuencia econ\u00f3mica que s\u00f3lo ten\u00eda trece a\u00f1os. Otra iniciativa de estos jueces garantistas que desconocen que la sociedad debe defenderse de la comisi\u00f3n de los delitos provocados por estos for\u00e1neos que son los individuos sometidos a proceso.<\/p>\n<p>Los principales departamentos judiciales de la provincia, haciendo uso de su caracter\u00edstica creatividad, restringieron a\u00fan m\u00e1s \u2013porque cualquiera que conoce de cerca el sistema penal bonaerense, sabe muy bien que la puerta giratoria no existe\u2013los criterios aplicables en materia de excarcelaci\u00f3n. Est\u00e1n siendo encerrados los promotores de este fen\u00f3meno delictivo: los peque\u00f1os tenedores de droga que habitan los barrios m\u00e1s humildes y populares del conurbano. Ciertamente, la mayor cantidad de casos que registra el fuero \u2013por no decir los \u00fanicos\u2013 los protagonizan estos curiosos narcotraficantes que, por esas cosas de la vida, han sido habidos por lo general con cantidades de droga que oscilan entre los diez y\/o quince gramos de estupefacientes a los doscientos. En otras palabras, una piedra o dos de marihuana y\/o un par de ravioles de coca\u00edna.<\/p>\n<p>Pero qu\u00e9 m\u00e1s da. Si la justicia no actuara con toda crudeza estos delincuentes continuar\u00edan perjudicando el futuro de nuestros chicos. De meros tenedores no deben tener nada. Como alguna vez alert\u00f3 el ex gobernador Felipe Sol\u00e1 sobre los planes traficar: \u00abla se\u00f1ora de ojotas, que termina de hacer el puchero, se seca las manos en el repasador y se va a vender cigarrillos de marihuana o coca\u00edna que lleva debajo de las polleras. (&#8230;) Es gente que hace a\u00f1os que no tiene medios de ingreso y que encuentra en esta oferta una forma de parar la olla. Con una ventaja: en vez de 150 pesos, ganan diez veces m\u00e1s\u00bb. Ahora. Qu\u00e9 dif\u00edcil y agotador debe ser atrapar a esta se\u00f1ora. Evidentemente no est\u00e1 sola. Sino el consumo, el tr\u00e1fico y\/o la producci\u00f3n de estupefacientes, hubiera disminuido en la provincia.<\/p>\n<p>Pero vuelvo a insistir. A no temer. Todav\u00eda existen incansables funcionarios que no se dejan vencer, y que con estos resultados a cuestas, no bajan los brazos. En l\u00ednea con las ideas del antecesor de Felipe Sol\u00e1, Carlos Ruckauf, que bien sab\u00eda que no exist\u00eda otra receta que meterle bala a los delincuentes, el actual Gobernador de la provincia, Daniel Scioli, en sinton\u00eda con el programa para combatir la delincuencia que desliza a diario p\u00fablicamente el ex Sheriff de Ezeiza, devenido hoy en Ministro de Justicia y Seguridad, declar\u00f3 la emergencia en materia de seguridad, comunic\u00f3 un paquete de medidas que viene probando su \u00e9xito gesti\u00f3n tras gesti\u00f3n, y anunci\u00f3 la creaci\u00f3n de fiscal\u00edas destinadas a perseguir el narcotr\u00e1fico. Una vez m\u00e1s se alej\u00f3 y desafi\u00f3 las soluciones m\u00e1gicas y demag\u00f3gicas que proponen algunos sectores de la dirigencia pol\u00edtica actual, as\u00ed como varios medios de comunicaci\u00f3n.<\/p>\n<p>Habr\u00e1 que esperar para ver c\u00f3mo impacta en la realidad una medida tan valiente como \u00e9sta. Sobre todo, porque la provincia, \u00fanico distrito que se acogi\u00f3 a la ley de desfederalizaci\u00f3n de estupefacientes, s\u00f3lo tiene bajo su esfera de competencia la persecuci\u00f3n penal de la venta al menudeo. La criminalidad compleja sigue permaneciendo bajo la \u00f3rbita de la justicia federal. Pero insisto, si el gobierno provincial asumi\u00f3 la responsabilidad de declarar la emergencia de seguridad y encar\u00f3 un sinf\u00edn de iniciativas de holgada y probada eficacia, no nos puede haber tomado por tontos. Seguramente, en una semana o dos el narcotr\u00e1fico tambi\u00e9n desaparezca.<\/p>\n<p>&nbsp;<\/p>\n<p>&nbsp;<\/p>\n<p>&nbsp;<\/p>\n<p>&nbsp;<\/p>\n<p>&nbsp;<\/p>\n<p>&nbsp;<\/p>\n<p>&nbsp;<\/p>\n<p>&nbsp;<\/p>\n","protected":false},"excerpt":{"rendered":"<p>Se acabaron las salideras bancarias, ning\u00fan hombre quem\u00f3 a su mujer, y tampoco tenemos noticias de una muerte violenta en la que hubiera intervenido un menor de edad reticente a ser incluido en los m\u00faltiples programas de inclusi\u00f3n social que abundan en la provincia. Ni hablar de los secuestros virtuales protagonizados por los reclusos que, am\u00e9n de vivir a expensas [&#8230;]<\/p>\n","protected":false},"author":8,"featured_media":0,"comment_status":"open","ping_status":"open","sticky":false,"template":"","format":"standard","meta":{"_jetpack_newsletter_access":"","_jetpack_dont_email_post_to_subs":false,"_jetpack_newsletter_tier_id":0,"_jetpack_memberships_contains_paywalled_content":false,"_jetpack_memberships_contains_paid_content":false,"footnotes":""},"categories":[64],"tags":[],"class_list":["post-43842","post","type-post","status-publish","format-standard","hentry","category-opinion"],"jetpack_featured_media_url":"","jetpack_shortlink":"https:\/\/wp.me\/p2JWE0-bp8","jetpack-related-posts":[{"id":102949,"url":"https:\/\/www.24baires.com\/?p=102949","url_meta":{"origin":43842,"position":0},"title":"El Gobierno admiti\u00f3 que este a\u00f1o la inflaci\u00f3n ser\u00e1 mayor al 15% previsto","author":"GB","date":"23\/06\/2018","format":false,"excerpt":"La administraci\u00f3n de Macri hab\u00eda estimado ese valor para todo 2018 y presion\u00f3 a los gremios a cerrar sus paritarias en ese porcentaje. Seg\u00fan un informe del Banco Central, la suba de precios ser\u00e1 no menor al 27%. El ministro de Producci\u00f3n, Dante Sica, consider\u00f3 este s\u00e1bado que este a\u00f1o\u2026","rel":"","context":"En \u00abEconom\u00eda\u00bb","block_context":{"text":"Econom\u00eda","link":"https:\/\/www.24baires.com\/?cat=45"},"img":{"alt_text":"","src":"https:\/\/i0.wp.com\/www.24baires.com\/wp-content\/uploads\/2017\/07\/fila-supermercado.jpg?resize=350%2C200","width":350,"height":200,"srcset":"https:\/\/i0.wp.com\/www.24baires.com\/wp-content\/uploads\/2017\/07\/fila-supermercado.jpg?resize=350%2C200 1x, https:\/\/i0.wp.com\/www.24baires.com\/wp-content\/uploads\/2017\/07\/fila-supermercado.jpg?resize=525%2C300 1.5x"},"classes":[]},{"id":116552,"url":"https:\/\/www.24baires.com\/?p=116552","url_meta":{"origin":43842,"position":1},"title":"Trotta destac\u00f3 el esfuerzo docente: \u201ccomo hubo clases, debe haber vacaciones\u201d","author":"GB","date":"27\/10\/2020","format":false,"excerpt":"El ministro de Educaci\u00f3n de la Naci\u00f3n se refiri\u00f3 a c\u00f3mo ser\u00e1 el fin del ciclo lectivo de este a\u00f1o, que estar\u00e1 articulado al de 2021, y aclar\u00f3 que \u201cno todos pasan de a\u00f1o autom\u00e1ticamente\u201d. Nicol\u00e1s Trotta, ministro de Educaci\u00f3n de la Naci\u00f3n, dialog\u00f3 con Radio La Plata (FM 90.9)\u2026","rel":"","context":"En \u00abPol\u00edtica\u00bb","block_context":{"text":"Pol\u00edtica","link":"https:\/\/www.24baires.com\/?cat=51"},"img":{"alt_text":"","src":"https:\/\/i0.wp.com\/www.24baires.com\/wp-content\/uploads\/2020\/06\/nicolas-trotta.jpg?resize=350%2C200","width":350,"height":200,"srcset":"https:\/\/i0.wp.com\/www.24baires.com\/wp-content\/uploads\/2020\/06\/nicolas-trotta.jpg?resize=350%2C200 1x, https:\/\/i0.wp.com\/www.24baires.com\/wp-content\/uploads\/2020\/06\/nicolas-trotta.jpg?resize=525%2C300 1.5x"},"classes":[]},{"id":117933,"url":"https:\/\/www.24baires.com\/?p=117933","url_meta":{"origin":43842,"position":2},"title":"Vuelven a subir las prepagas: ser\u00e1 27% antes de fin de a\u00f1o","author":"GB","date":"30\/07\/2021","format":false,"excerpt":"El Gobierno autorizar\u00e1 tres nuevos aumentos de 9% en agosto, septiembre y octubre, y otro m\u00e1s de ese valor en enero del a\u00f1o pr\u00f3ximo. Las empresas de medicina prepaga volver\u00e1n a aumentar sus cuotas un 27% m\u00e1s antes de fin de a\u00f1o. Este incremento, seg\u00fan trascendi\u00f3, est\u00e1 aprobado por el\u2026","rel":"","context":"En \u00abConsumidores\u00bb","block_context":{"text":"Consumidores","link":"https:\/\/www.24baires.com\/?cat=78"},"img":{"alt_text":"","src":"https:\/\/i0.wp.com\/www.24baires.com\/wp-content\/uploads\/2017\/10\/prepaga-300x200.jpg?resize=350%2C200","width":350,"height":200},"classes":[]},{"id":104260,"url":"https:\/\/www.24baires.com\/?p=104260","url_meta":{"origin":43842,"position":3},"title":"El gobierno recortar\u00e1 a\u00fan m\u00e1s la obra p\u00fablica","author":"AF","date":"03\/09\/2018","format":false,"excerpt":"La ca\u00edda nominal proyectada es de 58.906 millones de pesos, un 27 por ciento menos que este a\u00f1o, pero en t\u00e9rminos reales el ajuste llegar\u00e1 al 46 por ciento. Ese recorte impactar\u00e1 de lleno en una industria clave que emplea a unas 460 mil personas. El ministro de Hacienda, Nicol\u00e1s\u2026","rel":"","context":"En \u00abPol\u00edtica\u00bb","block_context":{"text":"Pol\u00edtica","link":"https:\/\/www.24baires.com\/?cat=51"},"img":{"alt_text":"","src":"https:\/\/i0.wp.com\/www.24baires.com\/wp-content\/uploads\/2014\/01\/Obras.jpg?resize=350%2C200","width":350,"height":200,"srcset":"https:\/\/i0.wp.com\/www.24baires.com\/wp-content\/uploads\/2014\/01\/Obras.jpg?resize=350%2C200 1x, https:\/\/i0.wp.com\/www.24baires.com\/wp-content\/uploads\/2014\/01\/Obras.jpg?resize=525%2C300 1.5x"},"classes":[]},{"id":108395,"url":"https:\/\/www.24baires.com\/?p=108395","url_meta":{"origin":43842,"position":4},"title":"Consultoras privadas prev\u00e9n que la inflaci\u00f3n de este a\u00f1o rondar\u00e1 el 40%","author":"AF","date":"26\/05\/2019","format":false,"excerpt":"Elypsis calcul\u00f3 que la suba de precios en el segundo semestre del a\u00f1o rondar\u00e1 entre el 2 y el 3%. \"En el corto plazo se deber\u00eda ver una recuperaci\u00f3n\", sostuvo. La inflaci\u00f3n de este a\u00f1o se ubicar\u00e1 \"en el orden del 40 por ciento\", impulsada por la fuerte suba de\u2026","rel":"","context":"En \u00abEconom\u00eda\u00bb","block_context":{"text":"Econom\u00eda","link":"https:\/\/www.24baires.com\/?cat=45"},"img":{"alt_text":"","src":"https:\/\/i0.wp.com\/www.24baires.com\/wp-content\/uploads\/2017\/07\/fila-supermercado.jpg?resize=350%2C200","width":350,"height":200,"srcset":"https:\/\/i0.wp.com\/www.24baires.com\/wp-content\/uploads\/2017\/07\/fila-supermercado.jpg?resize=350%2C200 1x, https:\/\/i0.wp.com\/www.24baires.com\/wp-content\/uploads\/2017\/07\/fila-supermercado.jpg?resize=525%2C300 1.5x"},"classes":[]},{"id":102598,"url":"https:\/\/www.24baires.com\/?p=102598","url_meta":{"origin":43842,"position":5},"title":"Sturzenegger reconoci\u00f3 que ya no hay meta de inflaci\u00f3n para este a\u00f1o","author":"AF","date":"07\/06\/2018","format":false,"excerpt":"El titular del Banco Central reconoci\u00f3 que ya no existe meta de inflaci\u00f3n para este a\u00f1o y adelant\u00f3 los objetivos planteados para los pr\u00f3ximos tres: 17% en 2019, 13% en 2020 y 9% en 2021. El ministro de Hacienda de la Naci\u00f3n, Nicol\u00e1s Dujovne y el titular del Banco Central\u2026","rel":"","context":"En \u00abEconom\u00eda\u00bb","block_context":{"text":"Econom\u00eda","link":"https:\/\/www.24baires.com\/?cat=45"},"img":{"alt_text":"","src":"https:\/\/i0.wp.com\/www.24baires.com\/wp-content\/uploads\/2016\/12\/dujovne.jpg?resize=350%2C200","width":350,"height":200,"srcset":"https:\/\/i0.wp.com\/www.24baires.com\/wp-content\/uploads\/2016\/12\/dujovne.jpg?resize=350%2C200 1x, https:\/\/i0.wp.com\/www.24baires.com\/wp-content\/uploads\/2016\/12\/dujovne.jpg?resize=525%2C300 1.5x"},"classes":[]}],"jetpack_sharing_enabled":true,"jetpack_likes_enabled":true,"_links":{"self":[{"href":"https:\/\/www.24baires.com\/index.php?rest_route=\/wp\/v2\/posts\/43842","targetHints":{"allow":["GET"]}}],"collection":[{"href":"https:\/\/www.24baires.com\/index.php?rest_route=\/wp\/v2\/posts"}],"about":[{"href":"https:\/\/www.24baires.com\/index.php?rest_route=\/wp\/v2\/types\/post"}],"author":[{"embeddable":true,"href":"https:\/\/www.24baires.com\/index.php?rest_route=\/wp\/v2\/users\/8"}],"replies":[{"embeddable":true,"href":"https:\/\/www.24baires.com\/index.php?rest_route=%2Fwp%2Fv2%2Fcomments&post=43842"}],"version-history":[{"count":1,"href":"https:\/\/www.24baires.com\/index.php?rest_route=\/wp\/v2\/posts\/43842\/revisions"}],"predecessor-version":[{"id":43843,"href":"https:\/\/www.24baires.com\/index.php?rest_route=\/wp\/v2\/posts\/43842\/revisions\/43843"}],"wp:attachment":[{"href":"https:\/\/www.24baires.com\/index.php?rest_route=%2Fwp%2Fv2%2Fmedia&parent=43842"}],"wp:term":[{"taxonomy":"category","embeddable":true,"href":"https:\/\/www.24baires.com\/index.php?rest_route=%2Fwp%2Fv2%2Fcategories&post=43842"},{"taxonomy":"post_tag","embeddable":true,"href":"https:\/\/www.24baires.com\/index.php?rest_route=%2Fwp%2Fv2%2Ftags&post=43842"}],"curies":[{"name":"wp","href":"https:\/\/api.w.org\/{rel}","templated":true}]}}