{"id":4379,"date":"2012-11-04T15:13:17","date_gmt":"2012-11-04T18:13:17","guid":{"rendered":"http:\/\/www.24baires.com\/?p=4379"},"modified":"2012-11-04T15:13:17","modified_gmt":"2012-11-04T18:13:17","slug":"newsletter-de-la-embajada-argentina-en-eeuu-equipara-las-leyes-de-medios-de-ambos-paises","status":"publish","type":"post","link":"https:\/\/www.24baires.com\/?p=4379","title":{"rendered":"Newsletter de la Embajada argentina en EEUU equipara las leyes de medios de ambos pa\u00edses"},"content":{"rendered":"<p><img data-recalc-dims=\"1\" loading=\"lazy\" decoding=\"async\" class=\"aligncenter size-full wp-image-4382\" title=\"arguello embajador\" src=\"https:\/\/i0.wp.com\/www.24baires.com\/wp-content\/uploads\/2012\/11\/arguello-embajador.jpg?resize=560%2C335\" alt=\"\" width=\"560\" height=\"335\" srcset=\"https:\/\/i0.wp.com\/www.24baires.com\/wp-content\/uploads\/2012\/11\/arguello-embajador.jpg?w=560&amp;ssl=1 560w, https:\/\/i0.wp.com\/www.24baires.com\/wp-content\/uploads\/2012\/11\/arguello-embajador.jpg?resize=300%2C179&amp;ssl=1 300w\" sizes=\"auto, (max-width: 560px) 100vw, 560px\" \/><\/p>\n<p>Para el embajador argentino en los EE.UU., Jorge Arg\u00fcello, ambas normas permiten \u00abgarantizar el ejercicio efectivo del derecho a la libertad de expresi\u00f3n y prevenir la formaci\u00f3n de monopolios\u00bb.<!--more--><br \/>\nPara el diplom\u00e1tico, ambas legislaciones \u00abregulan la extrema complejidad de los sistemas modernos de los medios de comunicaci\u00f3n para garantizar el ejercicio efectivo del derecho a la libertad de expresi\u00f3n y prevenir la formaci\u00f3n de monopolios\u00bb.<\/p>\n<p>En el art\u00edculo principal del newsletter n\u00famero 13 de la embajada en Washington, Arg\u00fcello se refiri\u00f3 a la Ley de Medios argentina y la compar\u00f3 con la legislaci\u00f3n norteamericana.<\/p>\n<p>\u201cLas leyes de los Estados Unidos, que regulan los medios de comunicaci\u00f3n, permiten a las entidades ser propietarias de un peri\u00f3dico y una emisora de radio o televisi\u00f3n siempre y cuando dicha entidad no aparezca entre los primeros cuatro canales o emisoras m\u00e1s vistas o escuchadas dentro de su mercado y en caso de que adquisici\u00f3n deben permanecer activas por lo menos ocho canales de televisi\u00f3n o emisoras de radio. La nueva ley de medios de Argentina no involucra medios impresos y s\u00f3lo divide el universo radioel\u00e9ctrico en tres (medios de comunicaci\u00f3n estatales, el sector privado y organizaciones no gubernamentales)\u00bb.<br \/>\n\u201cDesde la sanci\u00f3n de la nueva ley de medios, algunas empresas han puesto en duda la constitucionalidad de ciertos art\u00edculos de ley que obligan a los grandes multimedios a vender, dentro de un tiempo razonable, parte de sus activos para cumplir con las reglas antimonopolio. Sin embargo, ninguno de \u00e9stos reclamos ha prosperado en la justicia\u201d, agreg\u00f3 el embajador.<br \/>\nEn ese sentido, Arg\u00fcello resalt\u00f3 que el Relator Especial de Naciones Unidas para la Libertad de Expresi\u00f3n, Frank La Rue, \u201cconfirm\u00f3 el valor y la legitimidad del camino elegido por el gobierno argentino para sustituir la legislaci\u00f3n que se hab\u00eda impuesto durante nuestra \u00faltima dictadura en 1980 y que apenas hab\u00eda sido adaptado a la nueva realidad de la Argentina desde entonces\u201d y cit\u00f3 las declaraciones de La Rue quien afirm\u00f3 que \u00abArgentina est\u00e1 sentando un precedente importante. La nueva ley es la m\u00e1s avanzada en el mundo de las leyes de telecomunicaciones. Es el resultado de la consulta popular y el pluralismo garant\u00edas. Se trata de un gran avance\u00bb.<br \/>\nEn otro tramo del art\u00edculo, el embajador Arg\u00fcello afirma que \u201cen Estados Unidos, el FCC por sus siglas en ingles (Federal Communication Commision) est\u00e1 compuesto por cinco comisionados nombrados por el Presidente y confirmados por el Senado durante cinco a\u00f1os. El Presidente designa a uno de ellos al frente de la Comisi\u00f3n. S\u00f3lo tres comisionados pueden ser miembros del mismo partido pol\u00edtico del Presidente y ninguno de los cinco puedan tener inter\u00e9s financiero alguno en ninguna empresa relacionada con la FCC.\u201d<br \/>\n\u201cEn Argentina el art\u00edculo 14 de la nueva ley de medios argentino cre\u00f3 la Autoridad Federal de Servicios de Comunicaci\u00f3n Audiovisual (Afsca), que est\u00e1 presidido por siete directores. El presidente designa a dos directores, uno de los cuales es elegido como Presidente de la Afsca, la Comisi\u00f3n Bicameral del Congreso integrada por diversos partidos pol\u00edticos nombra a tres directores y el Consejo Federal de Comunicaci\u00f3n Audiovisual nombra dos directores, uno de los cuales tiene que ser miembro de la academia\u201d compar\u00f3 Arg\u00fcello, y agreg\u00f3 que \u201ccomo es el caso de la FCC, que ni el presidente ni ninguno de los directores pueden tener intereses o v\u00ednculos con los asuntos relacionados con la \u00f3rbita de sus responsabilidades\u00bb.<br \/>\nEl newsletter n\u00famero 13 ser\u00e1 distribuido este lunes y contiene adem\u00e1s tres art\u00edculos m\u00e1s, uno dedicado al ex presidente Jimmy Carter, otro al comercio bilateral y el \u00faltimo trata sobre la visita del embajador Arg\u00fcello al estado Georgia.<br \/>\nLa publicaci\u00f3n, con una frecuencia quincenal, est\u00e1 \u00edntegramente redactado en ingl\u00e9s, y dirigido a todos los estamentos del gobierno federal y de los gobiernos estaduales. Entre ellos, la totalidad de los miembros del Congreso norteamericano, los miembros de la Corte Suprema de justicia y los principales funcionarios de todos los ministerios de la Administraci\u00f3n Federal. Asimismo, los gobernadores de los 50 estados de la Uni\u00f3n, los alcaldes de las principales ciudades de los EE.UU., as\u00ed como las autoridades de las legislaturas estaduales.<\/p>\n","protected":false},"excerpt":{"rendered":"<p>Para el embajador argentino en los EE.UU., Jorge Arg\u00fcello, ambas normas permiten \u00abgarantizar el ejercicio efectivo del derecho a la libertad de expresi\u00f3n y prevenir la formaci\u00f3n de monopolios\u00bb.<\/p>\n","protected":false},"author":11,"featured_media":0,"comment_status":"open","ping_status":"open","sticky":false,"template":"","format":"standard","meta":{"_jetpack_newsletter_access":"","_jetpack_dont_email_post_to_subs":false,"_jetpack_newsletter_tier_id":0,"_jetpack_memberships_contains_paywalled_content":false,"_jetpack_memberships_contains_paid_content":false,"footnotes":""},"categories":[54],"tags":[],"class_list":["post-4379","post","type-post","status-publish","format-standard","hentry","category-medios"],"jetpack_featured_media_url":"","jetpack_shortlink":"https:\/\/wp.me\/p2JWE0-18D","jetpack-related-posts":[{"id":24080,"url":"https:\/\/www.24baires.com\/?p=24080","url_meta":{"origin":4379,"position":0},"title":"&#8216;Pepe&#8217; Mujica envi\u00f3 al parlamento un proyecto de Ley de Medios que \u00ablimite los monopolios\u00bb","author":"Grupo Sierra","date":"21\/05\/2013","format":false,"excerpt":"El presidente uruguayo, Jos\u00e9 Mujica, envi\u00f3 al Parlamento el proyecto de ley de Servicios de Comunicaci\u00f3n Audiovisual, que pretende regular el sector, por considerarlo de inter\u00e9s p\u00fablico, mediante nuevas reglas que permitan un sistema con competencia equilibrada, pluralista y de acceso universal.\u00a0 \"Es deber del Estado instrumentar medidas adecuadas para\u2026","rel":"","context":"En \u00abMedios\u00bb","block_context":{"text":"Medios","link":"https:\/\/www.24baires.com\/?cat=54"},"img":{"alt_text":"","src":"","width":0,"height":0},"classes":[]},{"id":59027,"url":"https:\/\/www.24baires.com\/?p=59027","url_meta":{"origin":4379,"position":1},"title":"Uruguay ya tiene Ley de Medios","author":"Grupo Sierra","date":"22\/12\/2014","format":false,"excerpt":"Con 50 votos sobre 75 presentes el Congreso oriental aprob\u00f3 la norma que busca \"establecer la regulaci\u00f3n de la prestaci\u00f3n de servicios de radio, televisi\u00f3n y otros servicios de comunicaci\u00f3n audiovisual\". El Frente Amplio uruguayo impuso su mayor\u00eda en la C\u00e1mara de Diputados para convertir en ley el proyecto de\u2026","rel":"","context":"En \u00abInternacionales\u00bb","block_context":{"text":"Internacionales","link":"https:\/\/www.24baires.com\/?cat=73"},"img":{"alt_text":"uruguay-congreso","src":"https:\/\/i0.wp.com\/www.24baires.com\/wp-content\/uploads\/2014\/12\/uruguay-congreso.jpg?resize=350%2C200","width":350,"height":200,"srcset":"https:\/\/i0.wp.com\/www.24baires.com\/wp-content\/uploads\/2014\/12\/uruguay-congreso.jpg?resize=350%2C200 1x, https:\/\/i0.wp.com\/www.24baires.com\/wp-content\/uploads\/2014\/12\/uruguay-congreso.jpg?resize=525%2C300 1.5x"},"classes":[]},{"id":3736,"url":"https:\/\/www.24baires.com\/?p=3736","url_meta":{"origin":4379,"position":2},"title":"\u00abA la Ley de Medios no le veo los riesgos que determinados sectores proclaman\u00bb sostuvo Baltasar Garz\u00f3n","author":"AF","date":"29\/10\/2012","format":false,"excerpt":"En la tarde el lunes, el jurista espa\u00f1ol Baltasar Garz\u00f3n visit\u00f3 la sede de la Autoridad Federal de Comunicaci\u00f3n Audiovisual (AFSCA), donde fue recibido por el presidente del organismo, Mart\u00edn Sabbatella. El prestigioso juez estuvo acompa\u00f1ado por el copresidente de la Comisi\u00f3n Provincial por la Memoria y ex fiscal general\u2026","rel":"","context":"En \u00abMedios\u00bb","block_context":{"text":"Medios","link":"https:\/\/www.24baires.com\/?cat=54"},"img":{"alt_text":"","src":"https:\/\/i0.wp.com\/www.24baires.com\/wp-content\/uploads\/2012\/10\/sabbbatella-garz%C3%B3n.jpg?resize=350%2C200","width":350,"height":200,"srcset":"https:\/\/i0.wp.com\/www.24baires.com\/wp-content\/uploads\/2012\/10\/sabbbatella-garz%C3%B3n.jpg?resize=350%2C200 1x, https:\/\/i0.wp.com\/www.24baires.com\/wp-content\/uploads\/2012\/10\/sabbbatella-garz%C3%B3n.jpg?resize=525%2C300 1.5x"},"classes":[]},{"id":1195,"url":"https:\/\/www.24baires.com\/?p=1195","url_meta":{"origin":4379,"position":3},"title":"\u00abDespu\u00e9s del 7D, por primera vez en Argentina vamos a poder vivir en pleno ejercicio de la libertad de expresi\u00f3n\u00bb","author":"AF","date":"06\/10\/2012","format":false,"excerpt":"Lo afirm\u00f3 el vicegobernador, Gabriel Mariotto, respecto de la fecha l\u00edmite que fij\u00f3 la Corte Suprema de Justicia para que el grupo Clar\u00edn se adec\u00fae a lo dispuesto por el art\u00edculo 161 de la ley de Servicios de Comunicaci\u00f3n Audiovisual. El vicegobernador bonaerense, Gabriel Mariotto, fue el primer titular de\u2026","rel":"","context":"En \u00abSociedad\u00bb","block_context":{"text":"Sociedad","link":"https:\/\/www.24baires.com\/?cat=1"},"img":{"alt_text":"","src":"https:\/\/i0.wp.com\/www.24baires.com\/wp-content\/uploads\/2012\/10\/mariottounlp-300x199.jpg?resize=350%2C200","width":350,"height":200},"classes":[]},{"id":6697,"url":"https:\/\/www.24baires.com\/?p=6697","url_meta":{"origin":4379,"position":4},"title":"Cientos de Jefes Comunales de todo el pa\u00eds piden respeto a la Ley de Medios","author":"Grupo Sierra","date":"25\/11\/2012","format":false,"excerpt":"Cientos de intendentes de todo el pa\u00eds respaldaron la ley de Servicios de Comunicaci\u00f3n Audiovisual a trav\u00e9s de una solicitada titulada `Respeto por la ley: voces para todos y todas`, y pidieron el cumplimiento de la normativa sancionada hace tres a\u00f1os. \"Los intendentes de todo el pa\u00eds aseguramos que, una\u2026","rel":"","context":"En \u00abMedios\u00bb","block_context":{"text":"Medios","link":"https:\/\/www.24baires.com\/?cat=54"},"img":{"alt_text":"","src":"","width":0,"height":0},"classes":[]},{"id":23789,"url":"https:\/\/www.24baires.com\/?p=23789","url_meta":{"origin":4379,"position":5},"title":"De la Sota imita a Macri y saca su propio DNU de &#8216;protecci\u00f3n a la libertad de expresi\u00f3n&#8217;","author":"AF","date":"18\/05\/2013","format":false,"excerpt":"El gobernador Jos\u00e9 Manuel de la Sota anunci\u00f3 la firma de un decreto, similar al emitido por el jefe de Gobierno porte\u00f1o Mauricio Macri, con el presunto objetivo de garantizar la libertad de prensa y expresi\u00f3n en C\u00f3rdoba que \"alcanza a todos los medios de la provincia\". El instrumento, firmado\u2026","rel":"","context":"En \u00abMedios\u00bb","block_context":{"text":"Medios","link":"https:\/\/www.24baires.com\/?cat=54"},"img":{"alt_text":"de-la-sota1","src":"https:\/\/i0.wp.com\/www.24baires.com\/wp-content\/uploads\/2013\/05\/de-la-sota1-300x210.jpg?resize=350%2C200","width":350,"height":200},"classes":[]}],"jetpack_sharing_enabled":true,"jetpack_likes_enabled":true,"_links":{"self":[{"href":"https:\/\/www.24baires.com\/index.php?rest_route=\/wp\/v2\/posts\/4379","targetHints":{"allow":["GET"]}}],"collection":[{"href":"https:\/\/www.24baires.com\/index.php?rest_route=\/wp\/v2\/posts"}],"about":[{"href":"https:\/\/www.24baires.com\/index.php?rest_route=\/wp\/v2\/types\/post"}],"author":[{"embeddable":true,"href":"https:\/\/www.24baires.com\/index.php?rest_route=\/wp\/v2\/users\/11"}],"replies":[{"embeddable":true,"href":"https:\/\/www.24baires.com\/index.php?rest_route=%2Fwp%2Fv2%2Fcomments&post=4379"}],"version-history":[{"count":4,"href":"https:\/\/www.24baires.com\/index.php?rest_route=\/wp\/v2\/posts\/4379\/revisions"}],"predecessor-version":[{"id":4385,"href":"https:\/\/www.24baires.com\/index.php?rest_route=\/wp\/v2\/posts\/4379\/revisions\/4385"}],"wp:attachment":[{"href":"https:\/\/www.24baires.com\/index.php?rest_route=%2Fwp%2Fv2%2Fmedia&parent=4379"}],"wp:term":[{"taxonomy":"category","embeddable":true,"href":"https:\/\/www.24baires.com\/index.php?rest_route=%2Fwp%2Fv2%2Fcategories&post=4379"},{"taxonomy":"post_tag","embeddable":true,"href":"https:\/\/www.24baires.com\/index.php?rest_route=%2Fwp%2Fv2%2Ftags&post=4379"}],"curies":[{"name":"wp","href":"https:\/\/api.w.org\/{rel}","templated":true}]}}