{"id":43726,"date":"2014-04-12T13:09:58","date_gmt":"2014-04-12T16:09:58","guid":{"rendered":"http:\/\/www.24baires.com\/?p=43726"},"modified":"2014-04-12T13:13:46","modified_gmt":"2014-04-12T16:13:46","slug":"clarin-mentia","status":"publish","type":"post","link":"https:\/\/www.24baires.com\/?p=43726","title":{"rendered":"Clar\u00edn ment\u00eda\u2026"},"content":{"rendered":"<p><img data-recalc-dims=\"1\" loading=\"lazy\" decoding=\"async\" class=\"aligncenter size-full wp-image-43727\" alt=\"moyano\" src=\"https:\/\/i0.wp.com\/www.24baires.com\/wp-content\/uploads\/2014\/04\/moyano1.jpg?resize=560%2C328\" width=\"560\" height=\"328\" srcset=\"https:\/\/i0.wp.com\/www.24baires.com\/wp-content\/uploads\/2014\/04\/moyano1.jpg?w=560&amp;ssl=1 560w, https:\/\/i0.wp.com\/www.24baires.com\/wp-content\/uploads\/2014\/04\/moyano1.jpg?resize=300%2C175&amp;ssl=1 300w\" sizes=\"auto, (max-width: 560px) 100vw, 560px\" \/>De levantar con ambas manos un cartel que rezaba una consigna que ha marcado la pol\u00edtica de la \u00faltima d\u00e9cada, a ser la figurita m\u00e1s mostrada y mentir usando las mismas palabras de molde del diario cuyo due\u00f1o adquiri\u00f3 con torturas y amenazas Papel Prensa. El cartelito era simple, dec\u00eda \u201cClar\u00edn Miente\u201d, las manos que lo elevaban gustosas en el aire eran las de Hugo Moyano, claro. Nada m\u00e1s buch\u00f3n que el archivo fresco del pasado reciente. Luego, cuando se puso la camiseta opositora, porque sus extorsiones al gobierno ya hab\u00edan perdido efecto, en un programa de TN, mientras convocaba al paro nacional de camioneros, Moyano dijo, con sonrisas c\u00f3mplices: \u201cClar\u00edn ment\u00eda\u201d. <!--more--><\/p>\n<p>Este jueves otro paro, con m\u00e1s pretensiones que efectos. Quien no quiso apersonarse en sus puestos de trabajo, pudo. Pero quien para trabajar necesitaba recorrer amplias distancias, no pudo. Porque la UTA par\u00f3 y no hab\u00eda colectivos. Pero como los taxis y remises no se adhirieron, recibieron piedrazos en las paradas, como sucedi\u00f3 en Mar del Plata, donde hubo abolladuras y rotura de cristales varias. O pasaban en patota golpeando las vidrieras de restoranes avisando que volv\u00edan en un rato y \u201cmejor que est\u00e9 cerrado\u201d. Linda huelga democr\u00e1tica donde ten\u00e9s que cerrar tu comercio por miedo.<\/p>\n<p>Los medios, llam\u00e9moslos, Anti-K, vieron lo que nadie: un exitoso paro nacional. Moyano, en una sobreactuaci\u00f3n shakesperiana, dijo que el acompa\u00f1amiento hab\u00eda sido del 98%. Bueno, no se me r\u00edan a m\u00ed, lo dijo \u00e9l. Y con Hugo, Luis Barrionuevo, y el Momo Venegas, y Pablo Micheli y el Partido Obrero, y el MST de Vilma Ripoll. No me soliciten explicaciones, porque no sabr\u00eda traducir ese rejunte porque no alcanzo a entenderlo.<\/p>\n<p>Ese sector de la izquierda, que siempre batall\u00f3 contra la burocracia sindical, contra sus patotas, contra los empresarios millonarios que ocupan los esca\u00f1os m\u00e1s altos de los sindicatos, hizo piquetes en diversos puntos, (bloqueando accesos y complicando, cuando no imposibilitando, que quienes pod\u00edan movilizarse hacia escuelas y empleos en autos, pudieran logarlo), junto a Barrionuevo, Moyano, Venegas&#8230; Si pudi\u00e9ramos ingresar esas coordenadas a un GPS, repetir\u00eda confundido una sola palabra: recalculando.<\/p>\n<p>Entonces, piquetes y bloqueos, amenazas, aprietes, violencia: impidieron con golpes y destrozos el normal funcionamiento de las l\u00edneas de subte. Ese fue el paro nacional de la CGT de Hugo, Luis y Paco, quiero decir, Momo. Y un Micheli en falsa escuadra, m\u00e1s desmemoriado que Bourne, bajando, otra vez, todas las banderas.<\/p>\n<p>Que quede claro: el derecho a la huelga es irrenunciable y hay que defenderlo siempre. Pero poder ir a trabajar tambi\u00e9n es un derecho, y tu derecho termina donde empieza el m\u00edo, y viceversa.<\/p>\n<p>En las grandes ciudades hubo movimiento, si los colectivos hubieran funcionado lo cierto es que no se hubiera notado que est\u00e1bamos viviendo un paro. Tambi\u00e9n es verdad que el gobierno nacional perdi\u00f3 movilizaci\u00f3n en las calles con la partida del moyanismo, pero las \u00faltimas plazas llenas del Kirchnerismo no miran con nostalgia por sobre el hombro.<\/p>\n<p>En la permanente batalla contra el gobierno, Clar\u00edn y los moment\u00e1neos soldados que para con alguna estrategia en esta lucha, han vendido buzones en las tapas de los diarios de este viernes. Pero, como vivimos en este pa\u00eds y no queremos parar de avanzar, y sabemos que falta mucho pero nada se lograr\u00e1 de la mano de Hugo, ni de Luis, ni del Momo, sabemos que pas\u00f3 el jueves, sabemos que, aunque para Moyano ya no sea as\u00ed, todav\u00eda, Clar\u00edn Miente.<\/p>\n<p>&nbsp;<\/p>\n<p>&nbsp;<\/p>\n<p>&nbsp;<\/p>\n<p>&nbsp;<\/p>\n<p>&nbsp;<\/p>\n<p>&nbsp;<\/p>\n<p>&nbsp;<\/p>\n<p>&nbsp;<\/p>\n<p>&nbsp;<\/p>\n<p>&nbsp;<\/p>\n<p>&nbsp;<\/p>\n<p>&nbsp;<\/p>\n<p>&nbsp;<\/p>\n<p>&nbsp;<\/p>\n<p>&nbsp;<\/p>\n","protected":false},"excerpt":{"rendered":"<p>De levantar con ambas manos un cartel que rezaba una consigna que ha marcado la pol\u00edtica de la \u00faltima d\u00e9cada, a ser la figurita m\u00e1s mostrada y mentir usando las mismas palabras de molde del diario cuyo due\u00f1o adquiri\u00f3 con torturas y amenazas Papel Prensa. El cartelito era simple, dec\u00eda \u201cClar\u00edn Miente\u201d, las manos que lo elevaban gustosas en el [&#8230;]<\/p>\n","protected":false},"author":11,"featured_media":0,"comment_status":"open","ping_status":"open","sticky":false,"template":"","format":"standard","meta":{"_jetpack_newsletter_access":"","_jetpack_dont_email_post_to_subs":false,"_jetpack_newsletter_tier_id":0,"_jetpack_memberships_contains_paywalled_content":false,"_jetpack_memberships_contains_paid_content":false,"footnotes":""},"categories":[64],"tags":[],"class_list":["post-43726","post","type-post","status-publish","format-standard","hentry","category-opinion"],"jetpack_featured_media_url":"","jetpack_shortlink":"https:\/\/wp.me\/p2JWE0-bng","jetpack-related-posts":[{"id":101309,"url":"https:\/\/www.24baires.com\/?p=101309","url_meta":{"origin":43726,"position":0},"title":"Pablo Moyano: \u00abUna paritaria del 15% es ficticia, vamos a pelear por el 23%\u00bb","author":"AF","date":"27\/03\/2018","format":false,"excerpt":"El secretario adjunto de Camioneros sali\u00f3 con todo al cruce del techo que pretenden imponer el Gobierno y los empresarios del sector. \"Por m\u00e1s presiones por parte del Gobierno y por m\u00e1s tapas de Clar\u00edn, vamos a seguir adelante y no vamos a firmar\", asegur\u00f3. \"El Ministerio de Trabajo presiona\u2026","rel":"","context":"En \u00abPol\u00edtica\u00bb","block_context":{"text":"Pol\u00edtica","link":"https:\/\/www.24baires.com\/?cat=51"},"img":{"alt_text":"","src":"https:\/\/i0.wp.com\/www.24baires.com\/wp-content\/uploads\/2013\/07\/moyano-pablo.jpg?resize=350%2C200","width":350,"height":200,"srcset":"https:\/\/i0.wp.com\/www.24baires.com\/wp-content\/uploads\/2013\/07\/moyano-pablo.jpg?resize=350%2C200 1x, https:\/\/i0.wp.com\/www.24baires.com\/wp-content\/uploads\/2013\/07\/moyano-pablo.jpg?resize=525%2C300 1.5x"},"classes":[]},{"id":103448,"url":"https:\/\/www.24baires.com\/?p=103448","url_meta":{"origin":43726,"position":1},"title":"Trabajo mult\u00f3 a Moyano por $800 millones por ignorar una conciliaci\u00f3n","author":"AF","date":"19\/07\/2018","format":false,"excerpt":"El argumento fue que la dirigencia de Camioneros ignor\u00f3 una medida judicial de diciembre del a\u00f1o pasado. El Ministerio de Trabajo le impuso una multa de casi $810 millones al gremio de Camioneros este jueves por no cumplir con una conciliaci\u00f3n obligatoria que fue dictada el 26 de diciembre del\u2026","rel":"","context":"En \u00abPol\u00edtica\u00bb","block_context":{"text":"Pol\u00edtica","link":"https:\/\/www.24baires.com\/?cat=51"},"img":{"alt_text":"","src":"https:\/\/i0.wp.com\/www.24baires.com\/wp-content\/uploads\/2018\/01\/macri-moyano.jpg?resize=350%2C200","width":350,"height":200,"srcset":"https:\/\/i0.wp.com\/www.24baires.com\/wp-content\/uploads\/2018\/01\/macri-moyano.jpg?resize=350%2C200 1x, https:\/\/i0.wp.com\/www.24baires.com\/wp-content\/uploads\/2018\/01\/macri-moyano.jpg?resize=525%2C300 1.5x"},"classes":[]},{"id":31179,"url":"https:\/\/www.24baires.com\/?p=31179","url_meta":{"origin":43726,"position":2},"title":"\u00abClar\u00edn monopoliza la agenda y tiene un candidato preferido\u00bb, asegur\u00f3 Plaini","author":"AF","date":"02\/09\/2013","format":false,"excerpt":"El secretario general del sindicato de Canillitas, Omar Plaini, carg\u00f3 contra el Grupo Clar\u00edn y afirm\u00f3 que tiene \"un candidato\". En ese marco, el candidato a diputado por el Frente Uni\u00f3n por la Libertad y el Trabajo sostuvo que \"el compromiso de Hugo Moyano con Francisco De Narv\u00e1ez sigue vigente\",\u2026","rel":"","context":"En \u00abMedios\u00bb","block_context":{"text":"Medios","link":"https:\/\/www.24baires.com\/?cat=54"},"img":{"alt_text":"","src":"","width":0,"height":0},"classes":[]},{"id":3021,"url":"https:\/\/www.24baires.com\/?p=3021","url_meta":{"origin":43726,"position":3},"title":"Ley de Medios: Moyano defendi\u00f3 al Grupo Clar\u00edn","author":"AF","date":"23\/10\/2012","format":false,"excerpt":"El titular de la CGT Azopardo, Hugo Moyano, advirti\u00f3 esta ma\u00f1ana que si se aplica la Ley de Medios como plantea el Ejecutivo nacional se puede crear un \"monopolio del Gobierno\" en la comunicaci\u00f3n. \"Si se cae el monopolio (por el Grupo Clar\u00edn) se puede pasar a otro monopolio. Pero\u2026","rel":"","context":"En \u00abMedios\u00bb","block_context":{"text":"Medios","link":"https:\/\/www.24baires.com\/?cat=54"},"img":{"alt_text":"","src":"https:\/\/i0.wp.com\/www.24baires.com\/wp-content\/uploads\/2012\/10\/moyano-300x167.jpg?resize=350%2C200","width":350,"height":200},"classes":[]},{"id":25169,"url":"https:\/\/www.24baires.com\/?p=25169","url_meta":{"origin":43726,"position":4},"title":"Crispaci\u00f3n en el sciolismo por las declaraciones de Hugo Moyano","author":"Grupo Sierra","date":"05\/06\/2013","format":false,"excerpt":"\"Hay dirigentes que hacen declaraciones para estar en la tapa de los diarios\". La ministra de gobierno bonaerense, Cristina \u00c1lvarez Rodr\u00edguez, se refiri\u00f3 as\u00ed a las declaraciones de Hugo Moyano publicadas por el diario Clar\u00edn, en que advierte sobre una \"movida para destituir\" al gobernador Daniel Scioli. En di\u00e1logo con\u2026","rel":"","context":"En \u00abPol\u00edtica\u00bb","block_context":{"text":"Pol\u00edtica","link":"https:\/\/www.24baires.com\/?cat=51"},"img":{"alt_text":"","src":"","width":0,"height":0},"classes":[]},{"id":14337,"url":"https:\/\/www.24baires.com\/?p=14337","url_meta":{"origin":43726,"position":5},"title":"Yasky: \u201cScioli es un personaje plagado de ambig\u00fcedad\u201d","author":"Grupo Sierra","date":"01\/02\/2013","format":false,"excerpt":"El Secretario General de la CTA, Hugo Yasky, se\u00f1al\u00f3 que el gobernador bonaerense \"tendr\u00e1 que definir en alg\u00fan momento si forma parte del proyecto o es una relaci\u00f3n por conveniencia\". \u00a0 Hugo Yasky sali\u00f3 con duras cr\u00edticas al Gobernador bonaerense y apunt\u00f3 adem\u00e1s contra Hugo Moyano diciendo que \"sus posicionamientos\u2026","rel":"","context":"En \u00abPol\u00edtica\u00bb","block_context":{"text":"Pol\u00edtica","link":"https:\/\/www.24baires.com\/?cat=51"},"img":{"alt_text":"yasky hugo","src":"https:\/\/i0.wp.com\/www.24baires.com\/wp-content\/uploads\/2012\/11\/yasky-hugo-300x179.jpg?resize=350%2C200","width":350,"height":200},"classes":[]}],"jetpack_sharing_enabled":true,"jetpack_likes_enabled":true,"_links":{"self":[{"href":"https:\/\/www.24baires.com\/index.php?rest_route=\/wp\/v2\/posts\/43726","targetHints":{"allow":["GET"]}}],"collection":[{"href":"https:\/\/www.24baires.com\/index.php?rest_route=\/wp\/v2\/posts"}],"about":[{"href":"https:\/\/www.24baires.com\/index.php?rest_route=\/wp\/v2\/types\/post"}],"author":[{"embeddable":true,"href":"https:\/\/www.24baires.com\/index.php?rest_route=\/wp\/v2\/users\/11"}],"replies":[{"embeddable":true,"href":"https:\/\/www.24baires.com\/index.php?rest_route=%2Fwp%2Fv2%2Fcomments&post=43726"}],"version-history":[{"count":2,"href":"https:\/\/www.24baires.com\/index.php?rest_route=\/wp\/v2\/posts\/43726\/revisions"}],"predecessor-version":[{"id":43740,"href":"https:\/\/www.24baires.com\/index.php?rest_route=\/wp\/v2\/posts\/43726\/revisions\/43740"}],"wp:attachment":[{"href":"https:\/\/www.24baires.com\/index.php?rest_route=%2Fwp%2Fv2%2Fmedia&parent=43726"}],"wp:term":[{"taxonomy":"category","embeddable":true,"href":"https:\/\/www.24baires.com\/index.php?rest_route=%2Fwp%2Fv2%2Fcategories&post=43726"},{"taxonomy":"post_tag","embeddable":true,"href":"https:\/\/www.24baires.com\/index.php?rest_route=%2Fwp%2Fv2%2Ftags&post=43726"}],"curies":[{"name":"wp","href":"https:\/\/api.w.org\/{rel}","templated":true}]}}