{"id":4370,"date":"2012-11-04T12:32:48","date_gmt":"2012-11-04T15:32:48","guid":{"rendered":"http:\/\/www.24baires.com\/?p=4370"},"modified":"2012-11-04T12:32:48","modified_gmt":"2012-11-04T15:32:48","slug":"no-se-combate-el-paco-porque-no-afecta-a-la-clase-media","status":"publish","type":"post","link":"https:\/\/www.24baires.com\/?p=4370","title":{"rendered":"\u201cNo se combate el paco porque no afecta a la clase media\u00bb"},"content":{"rendered":"<p><img data-recalc-dims=\"1\" loading=\"lazy\" decoding=\"async\" class=\"aligncenter size-full wp-image-4372\" title=\"zaffaroni2\" src=\"https:\/\/i0.wp.com\/www.24baires.com\/wp-content\/uploads\/2012\/11\/zaffaroni2.jpg?resize=560%2C372\" alt=\"\" width=\"560\" height=\"372\" srcset=\"https:\/\/i0.wp.com\/www.24baires.com\/wp-content\/uploads\/2012\/11\/zaffaroni2.jpg?w=560&amp;ssl=1 560w, https:\/\/i0.wp.com\/www.24baires.com\/wp-content\/uploads\/2012\/11\/zaffaroni2.jpg?resize=300%2C199&amp;ssl=1 300w\" sizes=\"auto, (max-width: 560px) 100vw, 560px\" \/><\/p>\n<p>Lo asegur\u00f3 el Ministro de la Corte Suprema, Eugenio Zaffaroni, de visita en Tucum\u00e1n, consider\u00f3 que es necesario \u00abcontrolar a la Polic\u00eda para que no haga un negociado\u00bb sobre ese flagelo.\u00a0<!--more--><br \/>\nLos flashes y la firma de aut\u00f3grafos le imped\u00edan abandonar el auditorio del Centro Cultural Virla. Los estudiantes de la Facultad de Derecho de la UNT rodeaban con admiraci\u00f3n y entusiasmo al juez de la Corte Suprema de Justicia de la Naci\u00f3n, Eugenio Ra\u00fal Zaffaroni, que ayer a la ma\u00f1ana disert\u00f3 sobre \u00abEl control del delito\u00bb. Antes de retirarse, LA GACETA de Tucum\u00e1n le consult\u00f3 sobre un tema que preocupa en la provincia y que ocasion\u00f3 la muerte de un adolescente recientemente: el paco.<\/p>\n<p>La respuesta del magistrado fue positiva. \u00abLo que se puede hacer es estudiarlo, hacer un protocolo de tratamiento, dedicarse a investigarlo\u00bb, propuso. En ese sentido, critic\u00f3: \u00abel paco es una t\u00f3xico dependencia que no se investiga porque no afecta a la clase media y, por eso, no le interesa a nadie\u00bb.<\/p>\n<p>Respecto de las posibles soluciones, Zaffaroni consider\u00f3 que la problem\u00e1tica con el paco no se resuelve por la v\u00eda penal, sino socialmente. \u00abSe necesita el trabajo de las autoridades sanitarias y de las autoridades de la asistencia social. En el Estado hay recursos para combatir el paco; es cuesti\u00f3n de coordinarlos y de controlar a la Polic\u00eda para que no haga un negociado, porque el inconveniente que tiene es que existen muchas bocas de expendio\u00bb, sostuvo.<\/p>\n<p>Asimismo, diferenci\u00f3 a esta sustancia de otras drogas. \u00abEl paco no es lo mismo que la coca\u00edna, que tiene un cartel internacional por detr\u00e1s. Ac\u00e1 hay mafias barriales que generalmente act\u00faan con alguna indiferencia, mayormente policial. S\u00ed se puede combatir\u00bb, opin\u00f3 el magistrado.<\/p>\n<p>\u00abEstamos controlados\u00bb<br \/>\nLa conferencia del magistrado se centr\u00f3 en la excesiva exposici\u00f3n que tienen los ciudadanos, como consecuencia de la inseguridad y la tecnolog\u00eda, y en el pobre aporte penal. \u00abHan convertido a la ley penal en un \u00eddolo, en un falso dios que va a resolver todo; pero al mismo tiempo hay algo que demuestra que nadie cree en ella: nos vamos llenando de alarmas, de rejas y de c\u00e1maras de seguridad\u00bb, cuestion\u00f3.<\/p>\n<p>En ese contexto, Zaffaroni se\u00f1al\u00f3 que el poder punitivo es selectivo. \u00abLos que estamos sueltos estamos mucho m\u00e1s controlados, nos filman todo el tiempo. Hoy la imagen es todo\u00bb, asever\u00f3.<\/p>\n","protected":false},"excerpt":{"rendered":"<p>Lo asegur\u00f3 el Ministro de la Corte Suprema, Eugenio Zaffaroni, de visita en Tucum\u00e1n, consider\u00f3 que es necesario \u00abcontrolar a la Polic\u00eda para que no haga un negociado\u00bb sobre ese flagelo.\u00a0<\/p>\n","protected":false},"author":11,"featured_media":0,"comment_status":"open","ping_status":"open","sticky":false,"template":"","format":"standard","meta":{"_jetpack_newsletter_access":"","_jetpack_dont_email_post_to_subs":false,"_jetpack_newsletter_tier_id":0,"_jetpack_memberships_contains_paywalled_content":false,"_jetpack_memberships_contains_paid_content":false,"footnotes":""},"categories":[1],"tags":[],"class_list":["post-4370","post","type-post","status-publish","format-standard","hentry","category-sociedad"],"jetpack_featured_media_url":"","jetpack_shortlink":"https:\/\/wp.me\/p2JWE0-18u","jetpack-related-posts":[{"id":41470,"url":"https:\/\/www.24baires.com\/?p=41470","url_meta":{"origin":4370,"position":0},"title":"Zaffaroni critic\u00f3 a Massa y le dijo que \u00ablos libros no muerden\u00bb","author":"Grupo Sierra","date":"03\/03\/2014","format":false,"excerpt":"El ministro de la Corte Suprema de Justicia, Eugenio Zaffaroni, calific\u00f3 \"un rid\u00edculo\" al referente del Frente Renovador, Sergio Massa, por sus propuestas plasmadas en un anteproyecto de ley de reforma del c\u00f3digo penal, al punto de sugerirle \u201cestudiar un poco\". En ese sentido, el juez de la Corte marc\u00f3\u2026","rel":"","context":"En \u00abPol\u00edtica\u00bb","block_context":{"text":"Pol\u00edtica","link":"https:\/\/www.24baires.com\/?cat=51"},"img":{"alt_text":"","src":"","width":0,"height":0},"classes":[]},{"id":56339,"url":"https:\/\/www.24baires.com\/?p=56339","url_meta":{"origin":4370,"position":1},"title":"Zaffaroni renunci\u00f3 a la Corte Suprema","author":"AF","date":"31\/10\/2014","format":false,"excerpt":"El ministro de la Corte Suprema present\u00f3 su dimisi\u00f3n al m\u00e1ximo tribunal de Justicia del pa\u00eds, a trav\u00e9s de una carta dirigida a la presidenta Cristina Fern\u00e1ndez de Kirchner. Explic\u00f3 que la decisi\u00f3n se tom\u00f3 por \"ineludibles razones normativas\". El ministro de la Corte Suprema, Eugenio Ra\u00fal Zaffaroni, present\u00f3 hoy\u2026","rel":"","context":"En \u00abGeneral\u00bb","block_context":{"text":"General","link":"https:\/\/www.24baires.com\/?cat=67"},"img":{"alt_text":"zaffaroni1","src":"https:\/\/i0.wp.com\/www.24baires.com\/wp-content\/uploads\/2012\/11\/zaffaroni1.jpg?resize=350%2C200","width":350,"height":200,"srcset":"https:\/\/i0.wp.com\/www.24baires.com\/wp-content\/uploads\/2012\/11\/zaffaroni1.jpg?resize=350%2C200 1x, https:\/\/i0.wp.com\/www.24baires.com\/wp-content\/uploads\/2012\/11\/zaffaroni1.jpg?resize=525%2C300 1.5x"},"classes":[]},{"id":101512,"url":"https:\/\/www.24baires.com\/?p=101512","url_meta":{"origin":4370,"position":2},"title":"Zaffaroni: \u00abEstamos en un proceso regresivo de la democracia y los derechos humanos\u00bb","author":"AF","date":"09\/04\/2018","format":false,"excerpt":"El ex juez de la Corte Suprema y juez de la Corte Interamericana de Derechos Humanos sostuvo que \"el gobierno quiere manipular la justicia de una forma in\u00e9dita\". En declaraciones al programa Maldita Suerte por FM La Patriada, sostuvo que \"hay una conflictividad interna en los servicios de inteligencia que\u2026","rel":"","context":"En \u00abPol\u00edtica\u00bb","block_context":{"text":"Pol\u00edtica","link":"https:\/\/www.24baires.com\/?cat=51"},"img":{"alt_text":"","src":"https:\/\/i0.wp.com\/www.24baires.com\/wp-content\/uploads\/2012\/11\/zaffaroni21.jpg?resize=350%2C200","width":350,"height":200,"srcset":"https:\/\/i0.wp.com\/www.24baires.com\/wp-content\/uploads\/2012\/11\/zaffaroni21.jpg?resize=350%2C200 1x, https:\/\/i0.wp.com\/www.24baires.com\/wp-content\/uploads\/2012\/11\/zaffaroni21.jpg?resize=525%2C300 1.5x"},"classes":[]},{"id":75878,"url":"https:\/\/www.24baires.com\/?p=75878","url_meta":{"origin":4370,"position":3},"title":"Zaffaroni descart\u00f3 la posibilidad de que remuevan a Gils Carb\u00f3","author":"AF","date":"02\/12\/2015","format":false,"excerpt":"El juez de la Corte Interamericana, Eugenio Zaffaroni, asegur\u00f3 que la Procuradora General, Alejandra Gils Carb\u00f3, \"tiene las mismas garant\u00edas\" que los ministros del Alto Tribunal por lo que s\u00f3lo se podr\u00eda remover mediante un \"juicio pol\u00edtico\". \"La Dra. Gils Carb\u00f3 es la Procuradora General de la Naci\u00f3n, tiene las\u2026","rel":"","context":"En \u00abJUDICIALES\u00bb","block_context":{"text":"JUDICIALES","link":"https:\/\/www.24baires.com\/?cat=68"},"img":{"alt_text":"zaffaroni3","src":"https:\/\/i0.wp.com\/www.24baires.com\/wp-content\/uploads\/2013\/04\/zaffaroni3.png?resize=350%2C200","width":350,"height":200,"srcset":"https:\/\/i0.wp.com\/www.24baires.com\/wp-content\/uploads\/2013\/04\/zaffaroni3.png?resize=350%2C200 1x, https:\/\/i0.wp.com\/www.24baires.com\/wp-content\/uploads\/2013\/04\/zaffaroni3.png?resize=525%2C300 1.5x"},"classes":[]},{"id":100310,"url":"https:\/\/www.24baires.com\/?p=100310","url_meta":{"origin":4370,"position":4},"title":"Cambiemos busca que echen a Zaffaroni de la CIDH","author":"AF","date":"01\/02\/2018","format":false,"excerpt":"El inefable Fernando Iglesias es el autor de un proyecto para que la C\u00e1mara de Diputados pida la remoci\u00f3n del magistrado. En una pirueta m\u00e1s de su inefable carrera pol\u00edtica, el profesor de gimnasia y legislador nacional por Cambiemos, Fernando Iglesias, impulsa un proyecto en la C\u00e1mara de Diputados para\u2026","rel":"","context":"En \u00abPol\u00edtica\u00bb","block_context":{"text":"Pol\u00edtica","link":"https:\/\/www.24baires.com\/?cat=51"},"img":{"alt_text":"","src":"https:\/\/i0.wp.com\/www.24baires.com\/wp-content\/uploads\/2012\/11\/zaffaroni21.jpg?resize=350%2C200","width":350,"height":200,"srcset":"https:\/\/i0.wp.com\/www.24baires.com\/wp-content\/uploads\/2012\/11\/zaffaroni21.jpg?resize=350%2C200 1x, https:\/\/i0.wp.com\/www.24baires.com\/wp-content\/uploads\/2012\/11\/zaffaroni21.jpg?resize=525%2C300 1.5x"},"classes":[]},{"id":39778,"url":"https:\/\/www.24baires.com\/?p=39778","url_meta":{"origin":4370,"position":5},"title":"\u00abEn mi barrio le dicen &#8216;esquivarle el gl\u00fateo a la jeringa'\u00bb dijo Zaffaroni","author":"GB","date":"03\/02\/2014","format":false,"excerpt":"Lo afirm\u00f3 el juez de la Corte Suprema Eugenio Zaffaroni. \"Hay determinadas cuestiones en las que no pueden producirse estas distorsiones temporales\", sostuvo el magistrado. El juez de la Corte Suprema Eugenio Zaffaroni lament\u00f3 la demora en la Justicia para resolver la Ley de Servicios Audiovisuales al asegurar que \"hay\u2026","rel":"","context":"En \u00abMedios\u00bb","block_context":{"text":"Medios","link":"https:\/\/www.24baires.com\/?cat=54"},"img":{"alt_text":"","src":"","width":0,"height":0},"classes":[]}],"jetpack_sharing_enabled":true,"jetpack_likes_enabled":true,"_links":{"self":[{"href":"https:\/\/www.24baires.com\/index.php?rest_route=\/wp\/v2\/posts\/4370","targetHints":{"allow":["GET"]}}],"collection":[{"href":"https:\/\/www.24baires.com\/index.php?rest_route=\/wp\/v2\/posts"}],"about":[{"href":"https:\/\/www.24baires.com\/index.php?rest_route=\/wp\/v2\/types\/post"}],"author":[{"embeddable":true,"href":"https:\/\/www.24baires.com\/index.php?rest_route=\/wp\/v2\/users\/11"}],"replies":[{"embeddable":true,"href":"https:\/\/www.24baires.com\/index.php?rest_route=%2Fwp%2Fv2%2Fcomments&post=4370"}],"version-history":[{"count":2,"href":"https:\/\/www.24baires.com\/index.php?rest_route=\/wp\/v2\/posts\/4370\/revisions"}],"predecessor-version":[{"id":4374,"href":"https:\/\/www.24baires.com\/index.php?rest_route=\/wp\/v2\/posts\/4370\/revisions\/4374"}],"wp:attachment":[{"href":"https:\/\/www.24baires.com\/index.php?rest_route=%2Fwp%2Fv2%2Fmedia&parent=4370"}],"wp:term":[{"taxonomy":"category","embeddable":true,"href":"https:\/\/www.24baires.com\/index.php?rest_route=%2Fwp%2Fv2%2Fcategories&post=4370"},{"taxonomy":"post_tag","embeddable":true,"href":"https:\/\/www.24baires.com\/index.php?rest_route=%2Fwp%2Fv2%2Ftags&post=4370"}],"curies":[{"name":"wp","href":"https:\/\/api.w.org\/{rel}","templated":true}]}}