{"id":43574,"date":"2014-04-09T13:30:09","date_gmt":"2014-04-09T16:30:09","guid":{"rendered":"http:\/\/www.24baires.com\/?p=43574"},"modified":"2014-04-09T13:12:46","modified_gmt":"2014-04-09T16:12:46","slug":"marita-todavia-falta","status":"publish","type":"post","link":"https:\/\/www.24baires.com\/?p=43574","title":{"rendered":"Marita todav\u00eda falta"},"content":{"rendered":"<p><img data-recalc-dims=\"1\" loading=\"lazy\" decoding=\"async\" class=\"aligncenter size-full wp-image-20085\" alt=\"marita ver\u00f3n2\" src=\"https:\/\/i0.wp.com\/www.24baires.com\/wp-content\/uploads\/2013\/04\/marita-ver%C3%B3n2.jpg?resize=560%2C452\" width=\"560\" height=\"452\" srcset=\"https:\/\/i0.wp.com\/www.24baires.com\/wp-content\/uploads\/2013\/04\/marita-ver%C3%B3n2.jpg?w=560&amp;ssl=1 560w, https:\/\/i0.wp.com\/www.24baires.com\/wp-content\/uploads\/2013\/04\/marita-ver%C3%B3n2.jpg?resize=300%2C242&amp;ssl=1 300w\" sizes=\"auto, (max-width: 560px) 100vw, 560px\" \/>La vor\u00e1gine cotidiana de la pol\u00edtica argentina, esa que nos lleva a hablar de huelga de docentes un d\u00eda, al otro de la reforma del C\u00f3digo Penal, al otro de linchamientos, por ejemplo, no nos da tregua, saltando de t\u00f3pico en t\u00f3pico, opinando de todo, sabiendo de qu\u00e9 se habla o no. Y es por eso que cuando queremos volver a traer a colaci\u00f3n un tema como el de la Democratizaci\u00f3n Judicial, parece que habl\u00e1ramos de algo que sucedi\u00f3 (pero aun no pas\u00f3) hace tiempo. Y de hecho es una cuesti\u00f3n que atraves\u00f3 los medios de comunicaci\u00f3n y las redes sociales y expuso la opini\u00f3n de los dirigentes pol\u00edticos hace muy poco, pero como ya se han sucedido tantos otros asuntos que invadieron y ocuparon las noticias, parece m\u00e1s alejado en el tiempo aquel debate que est\u00e1 muy lejos de haberse agotado.<!--more--><\/p>\n<p>Pero cuando vivimos un d\u00eda de reparaci\u00f3n hist\u00f3rica, como el que se vivi\u00f3 este martes en Tucum\u00e1n, la necesidad de Democratizar el Poder Judicial vuelve a manifestarse con la fuerza y el resplandor de un rayo, casi tan fuerte y tan brillante como el deslumbramiento que impone la Justicia, cuando llega.<\/p>\n<p>En Diciembre de 2012, los jueces de la Sala II de la C\u00e1mara Penal de San Miguel de Tucum\u00e1n absolvieron a los trece acusados de raptar en 2002 a Marita Ver\u00f3n y obligarla a ejercer la prostituci\u00f3n en Tucum\u00e1n y La Rioja. Ese d\u00eda, la impotencia, la indignaci\u00f3n y el dolor estallaron. Incluso, la misma Cristina Kirchner comparti\u00f3 por cadena nacional el sentimiento de tristeza de todo el pueblo que apoy\u00f3 y apoya la lucha de Susana Trimarco.<\/p>\n<p>Luego de que la Suprema Corte de la provincia de Tucum\u00e1n revocara el fallo absolutorio dictado en primera instancia, un nuevo tribunal compuesto por los jueces Emilio P\u00e1ez de la Torre, Dante Ib\u00e1\u00f1ez y Juana Ju\u00e1rez, quienes deb\u00edan establecer las penas a los 10 acusados del secuestro y la desaparici\u00f3n de Marita, conden\u00f3 a 22 a\u00f1os de prisi\u00f3n a Jos\u00e9 Fernando G\u00f3mez y a su hermano Gonzalo Jos\u00e9. As\u00ed tambi\u00e9n recibieron 18 a\u00f1os Alejandro Gonz\u00e1lez y su pareja, Daniela Milheim, considerados coautores de la \u201cretenci\u00f3n y ocultamiento\u201d, agravado por \u201cla promoci\u00f3n de la prostituci\u00f3n\u201d. Los otros seis culpables recibieron penas de entre 10 y 17 a\u00f1os.<\/p>\n<p>Este martes 8 de Abril, \u201cAlgo de justicia hemos conseguido\u201d, en palabras de la luchadora feroz que un d\u00eda pari\u00f3 a Marita, sin imaginar que la vida le pegar\u00eda donde m\u00e1s duele, desapareci\u00e9ndole a la hija durante tantos a\u00f1os, haciendo que tuviera que criar a su nieta, y pelear contra los largos rancios y corruptos brazos de la pol\u00edtica y del Poder Judicial. Buscando, enfrent\u00e1ndose al peligro, arriesgando su vida, pero liberando a centenares de chicas de las redes de trata de personas en ese cruel camino en busca de justicia, pero, sobre todo, en busca de Marita. Como alguna vez dijo Napole\u00f3n, \u201cCada uno de los movimientos de todos los individuos se realizan por tres \u00fanicas razones: por honor, por dinero o por amor\u201d. No hace falta aclarar quien es quien en esta historia.<\/p>\n<p>Marita sigue faltando. A Micaela le falta una madre, a Susana una hija y a nuestro pa\u00eds le sobran demasiados malparidos que van por ah\u00ed haciendo fortunas vendiendo mujeres, violando, torturando, esclavizando.<\/p>\n<p>Doce a\u00f1os de lucha. Hay Madres en Argentina que despu\u00e9s de casi cuarenta a\u00f1os aun siguen buscando a sus hijos, y Abuelas que siguen buscando a sus nietos. Porque todav\u00eda, y aun despu\u00e9s de grandiosos avances en materia de Derechos Humanos, hay un aparato siniestro que secuestr\u00f3 y secuestra, que tortur\u00f3 y tortura, que mat\u00f3 y mata y que tiene una fort\u00edsima ra\u00edz y una probad\u00edsima complicidad en el entramado del Poder Judicial, que sigue siendo pr\u00e1cticamente el mismo desde la \u00faltima dictadura. Y cuando se pretende modificar algo en esa ingenier\u00eda compleja y perversa saltan a la yugular de quien osa intentar alterar el status quo, porque creen que est\u00e1n por sobre todos nosotros, antes, ahora, siempre.<\/p>\n<p>Susana Trimarco va a seguir buscando la Verdad junto a millones que apoyan su lucha, pero mientras tanto las redes de trata siguen arraigadas y protegidas en las provincias por quienes ostentan altos cargos y abultadas cuentas bancarias. \u00c9sos, los que se escandalizan cuando se habla de Democratizar el Poder Judicial y se escudan en sus funciones de impartidotes de justicia, cosa que, excepto en raras excepciones como la que se vivi\u00f3 este martes en Tucum\u00e1n, nunca hacen.<\/p>\n<p>&nbsp;<\/p>\n<p>&nbsp;<\/p>\n<p>&nbsp;<\/p>\n<p>&nbsp;<\/p>\n<p>&nbsp;<\/p>\n<p>&nbsp;<\/p>\n<p>&nbsp;<\/p>\n<p>&nbsp;<\/p>\n<p>&nbsp;<\/p>\n<p>&nbsp;<\/p>\n","protected":false},"excerpt":{"rendered":"<p>La vor\u00e1gine cotidiana de la pol\u00edtica argentina, esa que nos lleva a hablar de huelga de docentes un d\u00eda, al otro de la reforma del C\u00f3digo Penal, al otro de linchamientos, por ejemplo, no nos da tregua, saltando de t\u00f3pico en t\u00f3pico, opinando de todo, sabiendo de qu\u00e9 se habla o no. Y es por eso que cuando queremos volver [&#8230;]<\/p>\n","protected":false},"author":8,"featured_media":0,"comment_status":"open","ping_status":"open","sticky":false,"template":"","format":"standard","meta":{"_jetpack_newsletter_access":"","_jetpack_dont_email_post_to_subs":false,"_jetpack_newsletter_tier_id":0,"_jetpack_memberships_contains_paywalled_content":false,"_jetpack_memberships_contains_paid_content":false,"footnotes":""},"categories":[64],"tags":[],"class_list":["post-43574","post","type-post","status-publish","format-standard","hentry","category-opinion"],"jetpack_featured_media_url":"","jetpack_shortlink":"https:\/\/wp.me\/p2JWE0-bkO","jetpack-related-posts":[{"id":37730,"url":"https:\/\/www.24baires.com\/?p=37730","url_meta":{"origin":43574,"position":0},"title":"Deseos de finales y comienzos","author":"Grupo Sierra","date":"31\/12\/2013","format":false,"excerpt":"Cierto es que si quisi\u00e9ramos hacer aqu\u00ed un racconto pol\u00edtico o balance del a\u00f1o vivido nos extender\u00edamos demasiado y nos pasar\u00edamos por lejos de la extensi\u00f3n acostumbrada de estas opiniones y, probablemente, aburrir\u00edamos con tanta ch\u00e1chara porque seguro abordar\u00edamos temas que interesan a unos y fastidian a otros. Entonces mejor\u2026","rel":"","context":"En \u00abOpini\u00f3n\u00bb","block_context":{"text":"Opini\u00f3n","link":"https:\/\/www.24baires.com\/?cat=64"},"img":{"alt_text":"bebidas-para-el-brindis-de-navidad","src":"https:\/\/i0.wp.com\/www.24baires.com\/wp-content\/uploads\/2013\/12\/bebidas-para-el-brindis-de-navidad.jpg?resize=350%2C200","width":350,"height":200,"srcset":"https:\/\/i0.wp.com\/www.24baires.com\/wp-content\/uploads\/2013\/12\/bebidas-para-el-brindis-de-navidad.jpg?resize=350%2C200 1x, https:\/\/i0.wp.com\/www.24baires.com\/wp-content\/uploads\/2013\/12\/bebidas-para-el-brindis-de-navidad.jpg?resize=525%2C300 1.5x"},"classes":[]},{"id":61941,"url":"https:\/\/www.24baires.com\/?p=61941","url_meta":{"origin":43574,"position":1},"title":"#TodosConCristina le dio pelea al hashtag #18F en Twitter","author":"Grupo Sierra","date":"18\/02\/2015","format":false,"excerpt":"El apoyo a la Presidenta fue el dato pol\u00edtico de la jornada en las redes sociales. Un portal de noticias pag\u00f3 150 mil pesos para instalar el #18f En el d\u00eda de la marcha de los fiscales opositores a Plaza de Mayo, la red social Twitter fue protagonista a trav\u00e9s\u2026","rel":"","context":"En \u00abTecnolog\u00eda\u00bb","block_context":{"text":"Tecnolog\u00eda","link":"https:\/\/www.24baires.com\/?cat=46"},"img":{"alt_text":"twitter-redes-sociales-computadora-aplicaciones-apps-pantalla","src":"https:\/\/i0.wp.com\/www.24baires.com\/wp-content\/uploads\/2014\/04\/twitter-redes-sociales-computadora-aplicaciones-apps-pantalla.jpg?resize=350%2C200","width":350,"height":200,"srcset":"https:\/\/i0.wp.com\/www.24baires.com\/wp-content\/uploads\/2014\/04\/twitter-redes-sociales-computadora-aplicaciones-apps-pantalla.jpg?resize=350%2C200 1x, https:\/\/i0.wp.com\/www.24baires.com\/wp-content\/uploads\/2014\/04\/twitter-redes-sociales-computadora-aplicaciones-apps-pantalla.jpg?resize=525%2C300 1.5x"},"classes":[]},{"id":18782,"url":"https:\/\/www.24baires.com\/?p=18782","url_meta":{"origin":43574,"position":2},"title":"\u00bfSe aleja la posibilidad del debate por un real Estado laico?","author":"Grupo Sierra","date":"18\/03\/2013","format":false,"excerpt":"Papa argentino. Mate, dictadura, f\u00fatbol, religi\u00f3n y pol\u00edtica. El men\u00fa casi inevitable del periodismo en estos d\u00edas. Si fuera cierto eso de que Bergoglio instal\u00f3 una parrilla en un balc\u00f3n del Vaticano, incluir\u00eda asado la apretada lista de temas. La comodidad de lo conocido, digamos. Hab\u00eda otros t\u00f3picos pugnando por\u2026","rel":"","context":"En \u00abOpini\u00f3n\u00bb","block_context":{"text":"Opini\u00f3n","link":"https:\/\/www.24baires.com\/?cat=64"},"img":{"alt_text":"","src":"","width":0,"height":0},"classes":[]},{"id":87416,"url":"https:\/\/www.24baires.com\/?p=87416","url_meta":{"origin":43574,"position":3},"title":"La cruzada por la divisi\u00f3n de distritos","author":"GB","date":"09\/09\/2016","format":false,"excerpt":"\u00bfDe qu\u00e9 van realmente estos proyectos para dividir municipios y crear nuevos distritos?\u00bfQu\u00e9 los motiva? \u00bfSe trata de iniciativas convenientes, de reformas necesarias? \u00bfO acaso tienen un marcado tinte de oportunismo pol\u00edtico, aspiraciones pol\u00edticas, capitalizaci\u00f3n electoral? \u00bfDivisi\u00f3n para la gente o para la clase pol\u00edtica? \u00bfQu\u00e9 puede decirse al respecto?\u2026","rel":"","context":"En \u00abOpini\u00f3n\u00bb","block_context":{"text":"Opini\u00f3n","link":"https:\/\/www.24baires.com\/?cat=64"},"img":{"alt_text":"vidal","src":"https:\/\/i0.wp.com\/www.24baires.com\/wp-content\/uploads\/2016\/05\/vidal.jpg?resize=350%2C200","width":350,"height":200,"srcset":"https:\/\/i0.wp.com\/www.24baires.com\/wp-content\/uploads\/2016\/05\/vidal.jpg?resize=350%2C200 1x, https:\/\/i0.wp.com\/www.24baires.com\/wp-content\/uploads\/2016\/05\/vidal.jpg?resize=525%2C300 1.5x"},"classes":[]},{"id":15669,"url":"https:\/\/www.24baires.com\/?p=15669","url_meta":{"origin":43574,"position":4},"title":"Obv\u00f1zfhnhxds : El tuit de Binner que fue TT mundial. \u00bfMensaje encriptado o descuido?","author":"Grupo Sierra","date":"14\/02\/2013","format":false,"excerpt":"Un tipeo sin sentido, s\u00f3lo con las letras \"Obv\u00f1zfhnhxds\", llev\u00f3 a Hermes Binner a convertirse en Trending Topic global, el tema m\u00e1s comentado en la red social Twitter en el mundo la tarde de este jueves. Algunos dicen que es un \"error com\u00fan para las personas con un celular con\u2026","rel":"","context":"En \u00abPol\u00edtica\u00bb","block_context":{"text":"Pol\u00edtica","link":"https:\/\/www.24baires.com\/?cat=51"},"img":{"alt_text":"","src":"","width":0,"height":0},"classes":[]},{"id":17680,"url":"https:\/\/www.24baires.com\/?p=17680","url_meta":{"origin":43574,"position":5},"title":"Caso Hooft: \u00abQue termine como sea. Hay jurys que duran 5 minutos y no se cu\u00e1ntos a\u00f1os que estamos con este\u00bb","author":"Grupo Sierra","date":"06\/03\/2013","format":false,"excerpt":"El Presidente del Colegio de Abogados Departamento Judicial Mar del Plata, Dr. Fernando Rom\u00e1n Gonz\u00e1lez, recibi\u00f3 a 24Baires en su oficina para charlar de algunas cuestiones coyunturales, como los anuncios sobre la llamada Democratizaci\u00f3n Judicial y el Jury al suspendido Juez Hooft. \u00a0 Gonz\u00e1lez reafirm\u00f3 cuestiones que el Colegio que\u2026","rel":"","context":"En \u00abPol\u00edtica\u00bb","block_context":{"text":"Pol\u00edtica","link":"https:\/\/www.24baires.com\/?cat=51"},"img":{"alt_text":"","src":"","width":0,"height":0},"classes":[]}],"jetpack_sharing_enabled":true,"jetpack_likes_enabled":true,"_links":{"self":[{"href":"https:\/\/www.24baires.com\/index.php?rest_route=\/wp\/v2\/posts\/43574","targetHints":{"allow":["GET"]}}],"collection":[{"href":"https:\/\/www.24baires.com\/index.php?rest_route=\/wp\/v2\/posts"}],"about":[{"href":"https:\/\/www.24baires.com\/index.php?rest_route=\/wp\/v2\/types\/post"}],"author":[{"embeddable":true,"href":"https:\/\/www.24baires.com\/index.php?rest_route=\/wp\/v2\/users\/8"}],"replies":[{"embeddable":true,"href":"https:\/\/www.24baires.com\/index.php?rest_route=%2Fwp%2Fv2%2Fcomments&post=43574"}],"version-history":[{"count":1,"href":"https:\/\/www.24baires.com\/index.php?rest_route=\/wp\/v2\/posts\/43574\/revisions"}],"predecessor-version":[{"id":43575,"href":"https:\/\/www.24baires.com\/index.php?rest_route=\/wp\/v2\/posts\/43574\/revisions\/43575"}],"wp:attachment":[{"href":"https:\/\/www.24baires.com\/index.php?rest_route=%2Fwp%2Fv2%2Fmedia&parent=43574"}],"wp:term":[{"taxonomy":"category","embeddable":true,"href":"https:\/\/www.24baires.com\/index.php?rest_route=%2Fwp%2Fv2%2Fcategories&post=43574"},{"taxonomy":"post_tag","embeddable":true,"href":"https:\/\/www.24baires.com\/index.php?rest_route=%2Fwp%2Fv2%2Ftags&post=43574"}],"curies":[{"name":"wp","href":"https:\/\/api.w.org\/{rel}","templated":true}]}}