{"id":4349,"date":"2012-11-04T10:44:51","date_gmt":"2012-11-04T13:44:51","guid":{"rendered":"http:\/\/www.24baires.com\/?p=4349"},"modified":"2012-11-04T10:48:51","modified_gmt":"2012-11-04T13:48:51","slug":"inundaciones-pool-de-siembra-de-trenque-lauquen-duramente-cuestionado-por-productores","status":"publish","type":"post","link":"https:\/\/www.24baires.com\/?p=4349","title":{"rendered":"Pool de siembra de Trenque Lauquen duramente cuestionado por productores"},"content":{"rendered":"<p>Habl\u00f3 por Las Radios de Trenque Lauquen, AM 1280 y FM 88.5, el ingeniero Juan Carlos Font, productor de la zona de Mart\u00edn Fierro y ex intendente municipal del distrito. \u00a0Los responsabilizan por las inundaciones ne algunos sectores. \u00a0<!--more--><\/p>\n<p>El ingeniero Juan Carlos Font, ex intendente municipal de Trenque Lauquen y productor agropecuario de una zona conocida como Mart\u00edn Fierro, ampli\u00f3 consideraciones en torno a una denuncia p\u00fablica sobre la actitud de un pool de siembra que hac\u00eda caso omiso a la vigencia de la Ley de Servidumbre de Paso, que obliga a los establecimientos agropecuarios permitir el ingreso y egreso de todas aquellas personas que lo necesiten, ante situaciones de emergencia.<br \/>\nDijo que \u00abla denuncia era en funci\u00f3n que hace varios d\u00edas es imposible acceder a la Ruta Nacional n\u00famero 33 y por ende a la ciudad. En estos campos viven matrimonios con sus hijos, que deben ir a la escuela. Ni los productores deber\u00edan pedir que se abriera el camino alternativo. Es algo que surge como algo innato\u00bb.<br \/>\n\u00abNo pudimos hablar con los due\u00f1os del pool de siembra. Son estas firmas grandes que vienen de afuera. Son de car\u00e1cter internacional. Lo hicimos con el anterior inquilino y con un familiar del propietario del establecimieto El Moro. Desde ayer a la tarde, lo habilitaron\u00bb, precis\u00f3.<br \/>\nSiempre sobre la problem\u00e1tica h\u00eddrica, el profesional y ex intendente tambi\u00e9n cuestion\u00f3 a quienes realizan canalizaciones en sus campos, se\u00f1alando que \u00abpor ah\u00ed nos encontramos con vecinos haciendo una canaleta sacando agua de sus campos a la calle. Esto nos pone mal porque pareciera que hoy, lo m\u00e1s importante, es poder producir un poquito m\u00e1s y no fijarse en el da\u00f1o que se puede realizar\u00bb.<\/p>\n","protected":false},"excerpt":{"rendered":"<p>Habl\u00f3 por Las Radios de Trenque Lauquen, AM 1280 y FM 88.5, el ingeniero Juan Carlos Font, productor de la zona de Mart\u00edn Fierro y ex intendente municipal del distrito. \u00a0Los responsabilizan por las inundaciones ne algunos sectores. \u00a0<\/p>\n","protected":false},"author":11,"featured_media":0,"comment_status":"open","ping_status":"open","sticky":false,"template":"","format":"standard","meta":{"_jetpack_newsletter_access":"","_jetpack_dont_email_post_to_subs":false,"_jetpack_newsletter_tier_id":0,"_jetpack_memberships_contains_paywalled_content":false,"_jetpack_memberships_contains_paid_content":false,"footnotes":""},"categories":[38],"tags":[],"class_list":["post-4349","post","type-post","status-publish","format-standard","hentry","category-locales"],"jetpack_featured_media_url":"","jetpack_shortlink":"https:\/\/wp.me\/p2JWE0-189","jetpack-related-posts":[{"id":114265,"url":"https:\/\/www.24baires.com\/?p=114265","url_meta":{"origin":4349,"position":0},"title":"El gobierno decret\u00f3 la emergencia agropecuaria en Trenque Lauquen y General Villegas","author":"GB","date":"02\/03\/2020","format":false,"excerpt":"El gobierno bonaerense public\u00f3 en el Bolet\u00edn Oficial la declaraci\u00f3n de emergencia en la zona norte de la provincia. La emergencia fue prorrogada para el partido de Trenque Lauquen. El gobierno de la Provincia decret\u00f3 el estado de emergencia agropecuaria en la zona de General Villegas y el partido de\u2026","rel":"","context":"En \u00abProvincia\u00bb","block_context":{"text":"Provincia","link":"https:\/\/www.24baires.com\/?cat=40"},"img":{"alt_text":"","src":"https:\/\/i0.wp.com\/www.24baires.com\/wp-content\/uploads\/2013\/01\/trenque-lauquen-inundado.png?resize=350%2C200","width":350,"height":200},"classes":[]},{"id":2704,"url":"https:\/\/www.24baires.com\/?p=2704","url_meta":{"origin":4349,"position":1},"title":"Trenque Lauquen sigue luchando para obtener la Emergencia Agropecuaria","author":"AF","date":"20\/10\/2012","format":false,"excerpt":"Productores agropecuarios de Trenque Lauquen manifestaron su preocupaci\u00f3n por la falta de firma a la emergencia agropecuaria para la zona.\u00a0\"La verdad que estamos esperando con mucha preocupaci\u00f3n los pron\u00f3sticos de lluvia de la semana que viene. La situaci\u00f3n ya se ha complicado casi en el noventa por ciento del distrito\u2026","rel":"","context":"En \u00abMunicipios\u00bb","block_context":{"text":"Municipios","link":"https:\/\/www.24baires.com\/?cat=44"},"img":{"alt_text":"","src":"","width":0,"height":0},"classes":[]},{"id":101126,"url":"https:\/\/www.24baires.com\/?p=101126","url_meta":{"origin":4349,"position":2},"title":"Intendente de Trenque Lauquen fue imputado tras una denuncia por fumigaciones","author":"GB","date":"18\/03\/2018","format":false,"excerpt":"El jefe comunal de esa localidad, Miguel Fern\u00e1ndez, fue imputado en una causa por da\u00f1os ambientales que afect\u00f3 la producci\u00f3n de un vecino, pero que puso en riesgo la vida humana. El hecho tiene varios antecedentes en la provincia y el primer juicio por fumigaci\u00f3n con agrot\u00f3xicos en el pa\u00eds.\u2026","rel":"","context":"En \u00abMunicipios\u00bb","block_context":{"text":"Municipios","link":"https:\/\/www.24baires.com\/?cat=44"},"img":{"alt_text":"","src":"https:\/\/i0.wp.com\/www.24baires.com\/wp-content\/uploads\/2018\/03\/intendente-renque-launquen.jpg?resize=350%2C200","width":350,"height":200,"srcset":"https:\/\/i0.wp.com\/www.24baires.com\/wp-content\/uploads\/2018\/03\/intendente-renque-launquen.jpg?resize=350%2C200 1x, https:\/\/i0.wp.com\/www.24baires.com\/wp-content\/uploads\/2018\/03\/intendente-renque-launquen.jpg?resize=525%2C300 1.5x"},"classes":[]},{"id":26832,"url":"https:\/\/www.24baires.com\/?p=26832","url_meta":{"origin":4349,"position":3},"title":"Trenque Lauquen presentar\u00e1 su propia bandera","author":"AF","date":"25\/06\/2013","format":false,"excerpt":"La Secretar\u00eda de Desarrollo Humano del municipio realizar\u00e1 este mi\u00e9rcoles a las 10:30 horas, la presentaci\u00f3n oficial de la Bandera del distrito de Trenque Lauquen, y en la ocasi\u00f3n se har\u00e1 entrega de las mismas a instituciones educativas de la ciudad y a las localidades que conforman el partido. Durante\u2026","rel":"","context":"En \u00abLocales\u00bb","block_context":{"text":"Locales","link":"https:\/\/www.24baires.com\/?cat=38"},"img":{"alt_text":"","src":"","width":0,"height":0},"classes":[]},{"id":115501,"url":"https:\/\/www.24baires.com\/?p=115501","url_meta":{"origin":4349,"position":4},"title":"Trenque Lauquen aprob\u00f3 su propio impuesto a la riqueza","author":"GB","date":"30\/06\/2020","format":false,"excerpt":"El Concejo Deliberante apro\u00f3 una contribuci\u00f3n extraordinaria para las grandes fortunas. Los fondos recaudados ser\u00e1n utilizados para enfrentar la pandemia por coronavirus. \"Montar un centro extrahospitalario y que la gente est\u00e9 en buenas condiciones, sale plata\", argument\u00f3 el jefe comunal de Juntos por el Cambio, Miguel Fern\u00e1ndez. El distrito de\u2026","rel":"","context":"En \u00abMunicipios\u00bb","block_context":{"text":"Municipios","link":"https:\/\/www.24baires.com\/?cat=44"},"img":{"alt_text":"","src":"https:\/\/i0.wp.com\/www.24baires.com\/wp-content\/uploads\/2020\/06\/trenque-lauquen-300x188.jpg?resize=350%2C200","width":350,"height":200},"classes":[]},{"id":63400,"url":"https:\/\/www.24baires.com\/?p=63400","url_meta":{"origin":4349,"position":5},"title":"Trenque Lauquen: tras el acuerdo UCR-PRO, renunci\u00f3 el presidente del radicalismo local","author":"AF","date":"20\/03\/2015","format":false,"excerpt":"El exintendente de Trenque Lauquen, Juan Carlos Font, renunci\u00f3 a la presidencia del radicalismo local en protesta por la alianza entre el PRO y la UCR, a la que calific\u00f3 como \u201cuna de las frustraciones m\u00e1s grandes de mi vida\u201d. Font, quien hab\u00eda asumido el a\u00f1o pasado la conducci\u00f3n de\u2026","rel":"","context":"En \u00abLocales\u00bb","block_context":{"text":"Locales","link":"https:\/\/www.24baires.com\/?cat=38"},"img":{"alt_text":"font","src":"https:\/\/i0.wp.com\/www.24baires.com\/wp-content\/uploads\/2015\/03\/font.png?resize=350%2C200","width":350,"height":200},"classes":[]}],"jetpack_sharing_enabled":true,"jetpack_likes_enabled":true,"_links":{"self":[{"href":"https:\/\/www.24baires.com\/index.php?rest_route=\/wp\/v2\/posts\/4349","targetHints":{"allow":["GET"]}}],"collection":[{"href":"https:\/\/www.24baires.com\/index.php?rest_route=\/wp\/v2\/posts"}],"about":[{"href":"https:\/\/www.24baires.com\/index.php?rest_route=\/wp\/v2\/types\/post"}],"author":[{"embeddable":true,"href":"https:\/\/www.24baires.com\/index.php?rest_route=\/wp\/v2\/users\/11"}],"replies":[{"embeddable":true,"href":"https:\/\/www.24baires.com\/index.php?rest_route=%2Fwp%2Fv2%2Fcomments&post=4349"}],"version-history":[{"count":3,"href":"https:\/\/www.24baires.com\/index.php?rest_route=\/wp\/v2\/posts\/4349\/revisions"}],"predecessor-version":[{"id":4351,"href":"https:\/\/www.24baires.com\/index.php?rest_route=\/wp\/v2\/posts\/4349\/revisions\/4351"}],"wp:attachment":[{"href":"https:\/\/www.24baires.com\/index.php?rest_route=%2Fwp%2Fv2%2Fmedia&parent=4349"}],"wp:term":[{"taxonomy":"category","embeddable":true,"href":"https:\/\/www.24baires.com\/index.php?rest_route=%2Fwp%2Fv2%2Fcategories&post=4349"},{"taxonomy":"post_tag","embeddable":true,"href":"https:\/\/www.24baires.com\/index.php?rest_route=%2Fwp%2Fv2%2Ftags&post=4349"}],"curies":[{"name":"wp","href":"https:\/\/api.w.org\/{rel}","templated":true}]}}